{"id":8894,"date":"2019-09-24T08:00:17","date_gmt":"2019-09-24T06:00:17","guid":{"rendered":"http:\/\/www.solucionesparaladiabetes.com\/magazine-diabetes\/?p=8894"},"modified":"2024-10-16T09:11:44","modified_gmt":"2024-10-16T07:11:44","slug":"anemia-y-diabetes","status":"publish","type":"post","link":"https:\/\/www.solucionesparaladiabetes.com\/magazine-diabetes\/anemia-y-diabetes\/","title":{"rendered":"Anemia y diabetes"},"content":{"rendered":"<p>La\u00a0<strong>anemia<\/strong>\u00a0es un tipo de afecci\u00f3n que se debe a la\u00a0<strong>falta de gl\u00f3bulos rojos<\/strong>\u00a0sanos en la sangre. Los gl\u00f3bulos rojos son los\u00a0<strong>encargados de llevar el ox\u00edgeno a los diferentes \u00f3rganos y tejidos del cuerpo humano<\/strong>\u00a0que lo necesitan, de ah\u00ed que su importancia sea vital para el correcto funcionamiento de nuestro organismo.<\/p>\n<p>La anemia no se detecta f\u00e1cilmente, ya que sus s\u00edntomas no son visibles y puede que de entrada no los relacionemos con este problema. En este art\u00edculo explicaremos los diferentes tipos de anemia que existen, su causa, los s\u00edntomas que podemos experimentar y qu\u00e9 relaci\u00f3n puede tener con la diabetes.<\/p>\n<h2>S\u00edntomas y tipos de anemia<\/h2>\n<p>Como dec\u00edamos, algunos de los principales s\u00edntomas de la anemia los podemos relacionar a muchos otros factores como el estr\u00e9s o la falta de sue\u00f1o. De ah\u00ed que a veces tardemos en acudir a un especialista a que nos realicen la pruebas necesarias, que incluyen<strong>\u00a0an\u00e1lisis de sangre<\/strong>\u00a0(hemograma) y en algunos casos un\u00a0<strong>frotis sangu\u00edneo<\/strong>\u00a0o<strong>\u00a0estudios de la m\u00e9dusa \u00f3sea\u00a0<\/strong>(aspirados o biopsias).<\/p>\n<p>Si tenemos anemia, l<strong>os s\u00edntomas m\u00e1s comunes<\/strong>\u00a0que podemos experimentar son los siguientes:<\/p>\n<ul>\n<li>Fatiga muscular<\/li>\n<li>Taquicardias y palpitaciones<\/li>\n<li>Sensaci\u00f3n de falta de aire<\/li>\n<li>Palidez debido al descenso de la hemoglobina en sangre<\/li>\n<li>Dolores de cabeza y problemas de visi\u00f3n<\/li>\n<li>V\u00e9rtigos, insomnio y falta de concentraci\u00f3n<\/li>\n<li>Alteraciones del ciclo menstrual<\/li>\n<li>Alteraciones renales<\/li>\n<li>Problemas digestivos, como n\u00e1useas o estre\u00f1imiento, e incluso anorexia.<\/li>\n<\/ul>\n<h3><img loading=\"lazy\" decoding=\"async\" class=\"aligncenter wp-image-8896 \" src=\"https:\/\/web.archive.org\/web\/20230924201044im_\/http:\/\/www.solucionesparaladiabetes.com\/magazine-diabetes\/wp-content\/uploads\/analisis-sangre.jpg\" sizes=\"auto, (max-width: 691px) 100vw, 691px\" srcset=\"https:\/\/web.archive.org\/web\/20230924201044im_\/https:\/\/www.solucionesparaladiabetes.com\/magazine-diabetes\/wp-content\/uploads\/analisis-sangre.jpg 640w, https:\/\/web.archive.org\/web\/20230924201044im_\/https:\/\/www.solucionesparaladiabetes.com\/magazine-diabetes\/wp-content\/uploads\/analisis-sangre-300x200.jpg 300w, https:\/\/web.archive.org\/web\/20230924201044im_\/https:\/\/www.solucionesparaladiabetes.com\/magazine-diabetes\/wp-content\/uploads\/analisis-sangre-631x420.jpg 631w\" alt=\"An\u00e1lisis de sangre para el diagn\u00f3stico de anemia\" width=\"691\" height=\"460\" \/><\/h3>\n<p>El tipo de anemia m\u00e1s com\u00fan suele ser la\u00a0<strong>anemia ferrop\u00e9nica<\/strong>, en la que nuestro organismo sufre falta de hierro. Existen otros tipos de anemia relacionados con la deficiencia de otros elementos importantes para nuestro cuerpo o con la forma en que se destruyen los gl\u00f3bulos rojos:<\/p>\n<ul>\n<li><strong>Anemia por d\u00e9ficit de vitamina B12<\/strong>: Esta vitamina es importante para poder producir gl\u00f3bulos rojos<\/li>\n<li><strong>Anemia perniciosa<\/strong>: El est\u00f3mago no produce la cantidad necesaria de la prote\u00edna que ayuda a absorber la vitamina B12<\/li>\n<li><strong>Anemia por enfermedades cr\u00f3nicas<\/strong>: Algunos trastornos del sistema inmunitario, infecciones, o tipos de c\u00e1ncer entre otras patolog\u00edas, afectan a la producci\u00f3n de gl\u00f3bulos rojos.<\/li>\n<li><strong>Anemia megalobl\u00e1stica<\/strong>: La m\u00e9dula \u00f3sea no produce suficiente y adem\u00e1s viven menos tiempo. Esto hace que los gl\u00f3bulos rojos sean demasiado grandes o no est\u00e9n completamente desarrollados.<\/li>\n<li><strong>Anemia hemol\u00edtica<\/strong>: El sistema inmune ataca los gl\u00f3bulos rojos, disminuyendo su cantidad<\/li>\n<\/ul>\n<h2>Relaci\u00f3n entre anemia y diabetes<\/h2>\n<p>Las personas con diabetes son\u00a0<strong>propensas a padecer anemia<\/strong>, por eso es recomendable que de forma regular nos realicemos an\u00e1lisis de sangre para poder descartar esta condici\u00f3n de la sangre.<\/p>\n<p>La falta de gl\u00f3bulos rojos puede derivar en problemas de ri\u00f1\u00f3n, arteriales y de coraz\u00f3n, as\u00ed como a otros relacionados con la diabetes, como el da\u00f1o en los\u00a0<strong><a href=\"http:\/\/www.solucionesparaladiabetes.com\/magazine-diabetes\/pie-diabetico-prevencion-tratamiento\/\" target=\"_blank\" rel=\"noopener noreferrer\">nervios<\/a>\u00a0<\/strong>y los\u00a0<strong><a href=\"http:\/\/www.solucionesparaladiabetes.com\/magazine-diabetes\/retinopatia-diabetica\/\" target=\"_blank\" rel=\"noopener noreferrer\">ojos<\/a><\/strong>. Incluso el da\u00f1o previo al ri\u00f1\u00f3n, provocado por una diabetes mal controlada, puede propiciar la aparici\u00f3n de anemia.<\/p>\n<p>Si tenemos \u00a0corremos el riesgo de que la\u00a0<strong>producci\u00f3n de la hormona EPO (eritropoyetina)<\/strong>, encargada de dar el aviso a la m\u00e9dula de producir m\u00e1s gl\u00f3bulos rojos, disminuya y provoque una bajada de gl\u00f3bulos rojos, causa de la aparici\u00f3n de la anemia.\u00a0Como vemos, existe\u00a0<strong>relaci\u00f3n entre la anemia y la diabetes<\/strong>.<\/p>\n<p>Es muy importante, como siempre recomendamos,<strong>\u00a0acudir a nuestro m\u00e9dico especialista para recibir m\u00e1s informaci\u00f3n y consejo sobre el tema<\/strong>, y poder conocer m\u00e1s los riesgos si tenemos diabetes.<\/p>\n","protected":false},"excerpt":{"rendered":"<p>La\u00a0anemia\u00a0es un tipo de afecci\u00f3n que se debe a la\u00a0falta de gl\u00f3bulos rojos\u00a0sanos en la sangre. Los gl\u00f3bulos rojos son los\u00a0encargados de llevar el ox\u00edgeno a los diferentes \u00f3rganos y [&hellip;]<\/p>\n","protected":false},"author":17,"featured_media":8895,"comment_status":"open","ping_status":"open","sticky":false,"template":"","format":"standard","meta":{"_acf_changed":false,"_monsterinsights_skip_tracking":false,"_monsterinsights_sitenote_active":false,"_monsterinsights_sitenote_note":"","_monsterinsights_sitenote_category":0,"footnotes":""},"categories":[89],"tags":[687,265],"class_list":["post-8894","post","type-post","status-publish","format-standard","has-post-thumbnail","hentry","category-consejos-diabetes-tipo-1-y-2","tag-anemia","tag-salud"],"acf":[],"yoast_head":"<!-- This site is optimized with the Yoast SEO plugin v27.5 - https:\/\/yoast.com\/product\/yoast-seo-wordpress\/ -->\n<title>\u226b Anemia y diabetes - iMagazine - Soluciones para la Diabetes<\/title>\n<meta name=\"description\" content=\"\u00bfConoces la relaci\u00f3n entre la anemia y la diabetes? En este art\u00edculo te explicamos el origen, los tipos que hay y c\u00f3mo afecta a tu diabetes.\" \/>\n<meta name=\"robots\" content=\"index, follow, max-snippet:-1, max-image-preview:large, max-video-preview:-1\" \/>\n<link rel=\"canonical\" href=\"https:\/\/www.solucionesparaladiabetes.com\/magazine-diabetes\/anemia-y-diabetes\/\" \/>\n<meta property=\"og:locale\" content=\"es_ES\" \/>\n<meta property=\"og:type\" content=\"article\" \/>\n<meta property=\"og:title\" content=\"\u226b Anemia y diabetes - iMagazine - Soluciones para la Diabetes\" \/>\n<meta property=\"og:description\" content=\"\u00bfConoces la relaci\u00f3n entre la anemia y la diabetes? En este art\u00edculo te explicamos el origen, los tipos que hay y c\u00f3mo afecta a tu diabetes.\" \/>\n<meta property=\"og:url\" content=\"https:\/\/www.solucionesparaladiabetes.com\/magazine-diabetes\/anemia-y-diabetes\/\" \/>\n<meta property=\"og:site_name\" content=\"Soluciones para la Diabetes\" \/>\n<meta property=\"article:published_time\" content=\"2019-09-24T06:00:17+00:00\" \/>\n<meta property=\"article:modified_time\" content=\"2024-10-16T07:11:44+00:00\" \/>\n<meta property=\"og:image\" content=\"http:\/\/www.solucionesparaladiabetes.com\/magazine-diabetes\/wp-content\/uploads\/globulos-rojos.jpg\" \/>\n\t<meta property=\"og:image:width\" content=\"640\" \/>\n\t<meta property=\"og:image:height\" content=\"480\" \/>\n\t<meta property=\"og:image:type\" content=\"image\/jpeg\" \/>\n<meta name=\"author\" content=\"SuperAdmin\" \/>\n<meta name=\"twitter:card\" content=\"summary_large_image\" \/>\n<meta name=\"twitter:creator\" content=\"@soluciondiabete\" \/>\n<meta name=\"twitter:site\" content=\"@soluciondiabete\" \/>\n<meta name=\"twitter:label1\" content=\"Escrito por\" \/>\n\t<meta name=\"twitter:data1\" content=\"SuperAdmin\" \/>\n\t<meta name=\"twitter:label2\" content=\"Tiempo de lectura\" \/>\n\t<meta name=\"twitter:data2\" content=\"4 minutos\" \/>\n<script type=\"application\/ld+json\" class=\"yoast-schema-graph\">{\"@context\":\"https:\\\/\\\/schema.org\",\"@graph\":[{\"@type\":\"Article\",\"@id\":\"https:\\\/\\\/www.solucionesparaladiabetes.com\\\/magazine-diabetes\\\/anemia-y-diabetes\\\/#article\",\"isPartOf\":{\"@id\":\"https:\\\/\\\/www.solucionesparaladiabetes.com\\\/magazine-diabetes\\\/anemia-y-diabetes\\\/\"},\"author\":{\"name\":\"SuperAdmin\",\"@id\":\"https:\\\/\\\/www.solucionesparaladiabetes.com\\\/magazine-diabetes\\\/#\\\/schema\\\/person\\\/e2baa2823993aa90e52cca43e9244bbd\"},\"headline\":\"Anemia y diabetes\",\"datePublished\":\"2019-09-24T06:00:17+00:00\",\"dateModified\":\"2024-10-16T07:11:44+00:00\",\"mainEntityOfPage\":{\"@id\":\"https:\\\/\\\/www.solucionesparaladiabetes.com\\\/magazine-diabetes\\\/anemia-y-diabetes\\\/\"},\"wordCount\":615,\"commentCount\":0,\"image\":{\"@id\":\"https:\\\/\\\/www.solucionesparaladiabetes.com\\\/magazine-diabetes\\\/anemia-y-diabetes\\\/#primaryimage\"},\"thumbnailUrl\":\"https:\\\/\\\/www.solucionesparaladiabetes.com\\\/magazine-diabetes\\\/wp-content\\\/uploads\\\/globulos-rojos.jpg\",\"keywords\":[\"Anemia\",\"Salud\"],\"articleSection\":[\"Informaci\u00f3n general de la DIABETES\"],\"inLanguage\":\"es\",\"potentialAction\":[{\"@type\":\"CommentAction\",\"name\":\"Comment\",\"target\":[\"https:\\\/\\\/www.solucionesparaladiabetes.com\\\/magazine-diabetes\\\/anemia-y-diabetes\\\/#respond\"]}]},{\"@type\":\"WebPage\",\"@id\":\"https:\\\/\\\/www.solucionesparaladiabetes.com\\\/magazine-diabetes\\\/anemia-y-diabetes\\\/\",\"url\":\"https:\\\/\\\/www.solucionesparaladiabetes.com\\\/magazine-diabetes\\\/anemia-y-diabetes\\\/\",\"name\":\"\u226b Anemia y diabetes - iMagazine - Soluciones para la Diabetes\",\"isPartOf\":{\"@id\":\"https:\\\/\\\/www.solucionesparaladiabetes.com\\\/magazine-diabetes\\\/#website\"},\"primaryImageOfPage\":{\"@id\":\"https:\\\/\\\/www.solucionesparaladiabetes.com\\\/magazine-diabetes\\\/anemia-y-diabetes\\\/#primaryimage\"},\"image\":{\"@id\":\"https:\\\/\\\/www.solucionesparaladiabetes.com\\\/magazine-diabetes\\\/anemia-y-diabetes\\\/#primaryimage\"},\"thumbnailUrl\":\"https:\\\/\\\/www.solucionesparaladiabetes.com\\\/magazine-diabetes\\\/wp-content\\\/uploads\\\/globulos-rojos.jpg\",\"datePublished\":\"2019-09-24T06:00:17+00:00\",\"dateModified\":\"2024-10-16T07:11:44+00:00\",\"author\":{\"@id\":\"https:\\\/\\\/www.solucionesparaladiabetes.com\\\/magazine-diabetes\\\/#\\\/schema\\\/person\\\/e2baa2823993aa90e52cca43e9244bbd\"},\"description\":\"\u00bfConoces la relaci\u00f3n entre la anemia y la diabetes? En este art\u00edculo te explicamos el origen, los tipos que hay y c\u00f3mo afecta a tu diabetes.\",\"breadcrumb\":{\"@id\":\"https:\\\/\\\/www.solucionesparaladiabetes.com\\\/magazine-diabetes\\\/anemia-y-diabetes\\\/#breadcrumb\"},\"inLanguage\":\"es\",\"potentialAction\":[{\"@type\":\"ReadAction\",\"target\":[\"https:\\\/\\\/www.solucionesparaladiabetes.com\\\/magazine-diabetes\\\/anemia-y-diabetes\\\/\"]}]},{\"@type\":\"ImageObject\",\"inLanguage\":\"es\",\"@id\":\"https:\\\/\\\/www.solucionesparaladiabetes.com\\\/magazine-diabetes\\\/anemia-y-diabetes\\\/#primaryimage\",\"url\":\"https:\\\/\\\/www.solucionesparaladiabetes.com\\\/magazine-diabetes\\\/wp-content\\\/uploads\\\/globulos-rojos.jpg\",\"contentUrl\":\"https:\\\/\\\/www.solucionesparaladiabetes.com\\\/magazine-diabetes\\\/wp-content\\\/uploads\\\/globulos-rojos.jpg\",\"width\":640,\"height\":480,\"caption\":\"Relaci\u00f3n entre la anemia y la diabetes\"},{\"@type\":\"BreadcrumbList\",\"@id\":\"https:\\\/\\\/www.solucionesparaladiabetes.com\\\/magazine-diabetes\\\/anemia-y-diabetes\\\/#breadcrumb\",\"itemListElement\":[{\"@type\":\"ListItem\",\"position\":1,\"name\":\"Portada\",\"item\":\"https:\\\/\\\/www.solucionesparaladiabetes.com\\\/magazine-diabetes\\\/\"},{\"@type\":\"ListItem\",\"position\":2,\"name\":\"Anemia y diabetes\"}]},{\"@type\":\"WebSite\",\"@id\":\"https:\\\/\\\/www.solucionesparaladiabetes.com\\\/magazine-diabetes\\\/#website\",\"url\":\"https:\\\/\\\/www.solucionesparaladiabetes.com\\\/magazine-diabetes\\\/\",\"name\":\"Soluciones para la Diabetes\",\"description\":\"iMagazine\",\"potentialAction\":[{\"@type\":\"SearchAction\",\"target\":{\"@type\":\"EntryPoint\",\"urlTemplate\":\"https:\\\/\\\/www.solucionesparaladiabetes.com\\\/magazine-diabetes\\\/?s={search_term_string}\"},\"query-input\":{\"@type\":\"PropertyValueSpecification\",\"valueRequired\":true,\"valueName\":\"search_term_string\"}}],\"inLanguage\":\"es\"},{\"@type\":\"Person\",\"@id\":\"https:\\\/\\\/www.solucionesparaladiabetes.com\\\/magazine-diabetes\\\/#\\\/schema\\\/person\\\/e2baa2823993aa90e52cca43e9244bbd\",\"name\":\"SuperAdmin\",\"image\":{\"@type\":\"ImageObject\",\"inLanguage\":\"es\",\"@id\":\"https:\\\/\\\/secure.gravatar.com\\\/avatar\\\/1d286116912ae259114012192d6e96a07e4a23d045b6f106f625587f72a3d349?s=96&d=mm&r=g\",\"url\":\"https:\\\/\\\/secure.gravatar.com\\\/avatar\\\/1d286116912ae259114012192d6e96a07e4a23d045b6f106f625587f72a3d349?s=96&d=mm&r=g\",\"contentUrl\":\"https:\\\/\\\/secure.gravatar.com\\\/avatar\\\/1d286116912ae259114012192d6e96a07e4a23d045b6f106f625587f72a3d349?s=96&d=mm&r=g\",\"caption\":\"SuperAdmin\"}}]}<\/script>\n<!-- \/ Yoast SEO plugin. -->","yoast_head_json":{"title":"\u226b Anemia y diabetes - iMagazine - Soluciones para la Diabetes","description":"\u00bfConoces la relaci\u00f3n entre la anemia y la diabetes? En este art\u00edculo te explicamos el origen, los tipos que hay y c\u00f3mo afecta a tu diabetes.","robots":{"index":"index","follow":"follow","max-snippet":"max-snippet:-1","max-image-preview":"max-image-preview:large","max-video-preview":"max-video-preview:-1"},"canonical":"https:\/\/www.solucionesparaladiabetes.com\/magazine-diabetes\/anemia-y-diabetes\/","og_locale":"es_ES","og_type":"article","og_title":"\u226b Anemia y diabetes - iMagazine - Soluciones para la Diabetes","og_description":"\u00bfConoces la relaci\u00f3n entre la anemia y la diabetes? En este art\u00edculo te explicamos el origen, los tipos que hay y c\u00f3mo afecta a tu diabetes.","og_url":"https:\/\/www.solucionesparaladiabetes.com\/magazine-diabetes\/anemia-y-diabetes\/","og_site_name":"Soluciones para la Diabetes","article_published_time":"2019-09-24T06:00:17+00:00","article_modified_time":"2024-10-16T07:11:44+00:00","og_image":[{"width":640,"height":480,"url":"http:\/\/www.solucionesparaladiabetes.com\/magazine-diabetes\/wp-content\/uploads\/globulos-rojos.jpg","type":"image\/jpeg"}],"author":"SuperAdmin","twitter_card":"summary_large_image","twitter_creator":"@soluciondiabete","twitter_site":"@soluciondiabete","twitter_misc":{"Escrito por":"SuperAdmin","Tiempo de lectura":"4 minutos"},"schema":{"@context":"https:\/\/schema.org","@graph":[{"@type":"Article","@id":"https:\/\/www.solucionesparaladiabetes.com\/magazine-diabetes\/anemia-y-diabetes\/#article","isPartOf":{"@id":"https:\/\/www.solucionesparaladiabetes.com\/magazine-diabetes\/anemia-y-diabetes\/"},"author":{"name":"SuperAdmin","@id":"https:\/\/www.solucionesparaladiabetes.com\/magazine-diabetes\/#\/schema\/person\/e2baa2823993aa90e52cca43e9244bbd"},"headline":"Anemia y diabetes","datePublished":"2019-09-24T06:00:17+00:00","dateModified":"2024-10-16T07:11:44+00:00","mainEntityOfPage":{"@id":"https:\/\/www.solucionesparaladiabetes.com\/magazine-diabetes\/anemia-y-diabetes\/"},"wordCount":615,"commentCount":0,"image":{"@id":"https:\/\/www.solucionesparaladiabetes.com\/magazine-diabetes\/anemia-y-diabetes\/#primaryimage"},"thumbnailUrl":"https:\/\/www.solucionesparaladiabetes.com\/magazine-diabetes\/wp-content\/uploads\/globulos-rojos.jpg","keywords":["Anemia","Salud"],"articleSection":["Informaci\u00f3n general de la DIABETES"],"inLanguage":"es","potentialAction":[{"@type":"CommentAction","name":"Comment","target":["https:\/\/www.solucionesparaladiabetes.com\/magazine-diabetes\/anemia-y-diabetes\/#respond"]}]},{"@type":"WebPage","@id":"https:\/\/www.solucionesparaladiabetes.com\/magazine-diabetes\/anemia-y-diabetes\/","url":"https:\/\/www.solucionesparaladiabetes.com\/magazine-diabetes\/anemia-y-diabetes\/","name":"\u226b Anemia y diabetes - iMagazine - Soluciones para la Diabetes","isPartOf":{"@id":"https:\/\/www.solucionesparaladiabetes.com\/magazine-diabetes\/#website"},"primaryImageOfPage":{"@id":"https:\/\/www.solucionesparaladiabetes.com\/magazine-diabetes\/anemia-y-diabetes\/#primaryimage"},"image":{"@id":"https:\/\/www.solucionesparaladiabetes.com\/magazine-diabetes\/anemia-y-diabetes\/#primaryimage"},"thumbnailUrl":"https:\/\/www.solucionesparaladiabetes.com\/magazine-diabetes\/wp-content\/uploads\/globulos-rojos.jpg","datePublished":"2019-09-24T06:00:17+00:00","dateModified":"2024-10-16T07:11:44+00:00","author":{"@id":"https:\/\/www.solucionesparaladiabetes.com\/magazine-diabetes\/#\/schema\/person\/e2baa2823993aa90e52cca43e9244bbd"},"description":"\u00bfConoces la relaci\u00f3n entre la anemia y la diabetes? En este art\u00edculo te explicamos el origen, los tipos que hay y c\u00f3mo afecta a tu diabetes.","breadcrumb":{"@id":"https:\/\/www.solucionesparaladiabetes.com\/magazine-diabetes\/anemia-y-diabetes\/#breadcrumb"},"inLanguage":"es","potentialAction":[{"@type":"ReadAction","target":["https:\/\/www.solucionesparaladiabetes.com\/magazine-diabetes\/anemia-y-diabetes\/"]}]},{"@type":"ImageObject","inLanguage":"es","@id":"https:\/\/www.solucionesparaladiabetes.com\/magazine-diabetes\/anemia-y-diabetes\/#primaryimage","url":"https:\/\/www.solucionesparaladiabetes.com\/magazine-diabetes\/wp-content\/uploads\/globulos-rojos.jpg","contentUrl":"https:\/\/www.solucionesparaladiabetes.com\/magazine-diabetes\/wp-content\/uploads\/globulos-rojos.jpg","width":640,"height":480,"caption":"Relaci\u00f3n entre la anemia y la diabetes"},{"@type":"BreadcrumbList","@id":"https:\/\/www.solucionesparaladiabetes.com\/magazine-diabetes\/anemia-y-diabetes\/#breadcrumb","itemListElement":[{"@type":"ListItem","position":1,"name":"Portada","item":"https:\/\/www.solucionesparaladiabetes.com\/magazine-diabetes\/"},{"@type":"ListItem","position":2,"name":"Anemia y diabetes"}]},{"@type":"WebSite","@id":"https:\/\/www.solucionesparaladiabetes.com\/magazine-diabetes\/#website","url":"https:\/\/www.solucionesparaladiabetes.com\/magazine-diabetes\/","name":"Soluciones para la Diabetes","description":"iMagazine","potentialAction":[{"@type":"SearchAction","target":{"@type":"EntryPoint","urlTemplate":"https:\/\/www.solucionesparaladiabetes.com\/magazine-diabetes\/?s={search_term_string}"},"query-input":{"@type":"PropertyValueSpecification","valueRequired":true,"valueName":"search_term_string"}}],"inLanguage":"es"},{"@type":"Person","@id":"https:\/\/www.solucionesparaladiabetes.com\/magazine-diabetes\/#\/schema\/person\/e2baa2823993aa90e52cca43e9244bbd","name":"SuperAdmin","image":{"@type":"ImageObject","inLanguage":"es","@id":"https:\/\/secure.gravatar.com\/avatar\/1d286116912ae259114012192d6e96a07e4a23d045b6f106f625587f72a3d349?s=96&d=mm&r=g","url":"https:\/\/secure.gravatar.com\/avatar\/1d286116912ae259114012192d6e96a07e4a23d045b6f106f625587f72a3d349?s=96&d=mm&r=g","contentUrl":"https:\/\/secure.gravatar.com\/avatar\/1d286116912ae259114012192d6e96a07e4a23d045b6f106f625587f72a3d349?s=96&d=mm&r=g","caption":"SuperAdmin"}}]}},"_links":{"self":[{"href":"https:\/\/www.solucionesparaladiabetes.com\/magazine-diabetes\/wp-json\/wp\/v2\/posts\/8894","targetHints":{"allow":["GET"]}}],"collection":[{"href":"https:\/\/www.solucionesparaladiabetes.com\/magazine-diabetes\/wp-json\/wp\/v2\/posts"}],"about":[{"href":"https:\/\/www.solucionesparaladiabetes.com\/magazine-diabetes\/wp-json\/wp\/v2\/types\/post"}],"author":[{"embeddable":true,"href":"https:\/\/www.solucionesparaladiabetes.com\/magazine-diabetes\/wp-json\/wp\/v2\/users\/17"}],"replies":[{"embeddable":true,"href":"https:\/\/www.solucionesparaladiabetes.com\/magazine-diabetes\/wp-json\/wp\/v2\/comments?post=8894"}],"version-history":[{"count":3,"href":"https:\/\/www.solucionesparaladiabetes.com\/magazine-diabetes\/wp-json\/wp\/v2\/posts\/8894\/revisions"}],"predecessor-version":[{"id":13629,"href":"https:\/\/www.solucionesparaladiabetes.com\/magazine-diabetes\/wp-json\/wp\/v2\/posts\/8894\/revisions\/13629"}],"wp:featuredmedia":[{"embeddable":true,"href":"https:\/\/www.solucionesparaladiabetes.com\/magazine-diabetes\/wp-json\/wp\/v2\/media\/8895"}],"wp:attachment":[{"href":"https:\/\/www.solucionesparaladiabetes.com\/magazine-diabetes\/wp-json\/wp\/v2\/media?parent=8894"}],"wp:term":[{"taxonomy":"category","embeddable":true,"href":"https:\/\/www.solucionesparaladiabetes.com\/magazine-diabetes\/wp-json\/wp\/v2\/categories?post=8894"},{"taxonomy":"post_tag","embeddable":true,"href":"https:\/\/www.solucionesparaladiabetes.com\/magazine-diabetes\/wp-json\/wp\/v2\/tags?post=8894"}],"curies":[{"name":"wp","href":"https:\/\/api.w.org\/{rel}","templated":true}]}}