{"id":14655,"date":"2025-12-14T08:00:47","date_gmt":"2025-12-14T07:00:47","guid":{"rendered":"https:\/\/www.solucionesparaladiabetes.com\/magazine-diabetes\/?p=14655"},"modified":"2025-12-24T08:41:50","modified_gmt":"2025-12-24T07:41:50","slug":"espelta-trigo-integral-y-avena-que-cereal-impacta-menos-en-la-glucemia-2","status":"publish","type":"post","link":"https:\/\/www.solucionesparaladiabetes.com\/magazine-diabetes\/espelta-trigo-integral-y-avena-que-cereal-impacta-menos-en-la-glucemia-2\/","title":{"rendered":"Espelta, trigo integral y avena: \u00bfqu\u00e9 cereal impacta menos en la glucemia?"},"content":{"rendered":"<blockquote>\n<p data-start=\"573\" data-end=\"872\">Durante a\u00f1os, el discurso sobre harinas y diabetes se ha simplificado demasiado. Se habla de \u201charinas buenas\u201d y \u201charinas malas\u201d, de cereales que \u201csuben menos el az\u00facar\u201d y de productos \u201csin gluten\u201d como si fueran autom\u00e1ticamente m\u00e1s saludables.<br data-start=\"816\" data-end=\"819\" \/>La realidad es m\u00e1s compleja\u2026 y mucho m\u00e1s interesante.<\/p>\n<\/blockquote>\n<p data-start=\"874\" data-end=\"1142\"><a href=\"https:\/\/www.solucionesparaladiabetes.com\/magazine-diabetes\/harina-de-espelta-que-es-que-aporta-y-como-usarla-si-tienes-diabetes\/\">Si en el art\u00edculo anterior habl\u00e1bamos de la <strong data-start=\"918\" data-end=\"939\">harina de espelta<\/strong><\/a> y su uso en cocina diaria, hoy damos un paso m\u00e1s: <strong data-start=\"990\" data-end=\"1034\">comparar espelta, trigo integral y avena<\/strong>, y analizar qu\u00e9 ocurre con las <strong data-start=\"1066\" data-end=\"1086\">masas sin gluten<\/strong> cuando miramos de cerca su impacto real en la glucemia.<\/p>\n<blockquote>\n<p data-start=\"1144\" data-end=\"1280\">Porque en diabetes no importa solo <em data-start=\"1179\" data-end=\"1198\">qu\u00e9 cereal eliges<\/em>, sino <strong data-start=\"1205\" data-end=\"1279\">c\u00f3mo est\u00e1 molido, c\u00f3mo lo cocinas, cu\u00e1nto comes y con qu\u00e9 lo acompa\u00f1as<\/strong>.<\/p>\n<\/blockquote>\n<h2 data-start=\"516\" data-end=\"571\">&#8230; Y qu\u00e9 hay realmente detr\u00e1s de las masas \u201csin gluten\u201d<\/h2>\n<p data-start=\"1287\" data-end=\"1335\"><strong>Empecemos por una idea clave (y poco popular)<\/strong><\/p>\n<p data-start=\"1337\" data-end=\"1529\">La mayor\u00eda de las harinas, incluso las integrales, <strong data-start=\"1388\" data-end=\"1429\">tienen un impacto gluc\u00e9mico relevante<\/strong>.<br data-start=\"1430\" data-end=\"1433\" \/>La diferencia entre unas y otras <strong data-start=\"1466\" data-end=\"1528\">no es tan grande como a veces se promete en redes sociales<\/strong>.<\/p>\n<p data-start=\"1531\" data-end=\"1574\">No se trata de demonizar, sino de entender.<\/p>\n<h2 data-start=\"1581\" data-end=\"1641\">Trigo integral: el punto de partida (ni villano ni h\u00e9roe)<\/h2>\n<p data-start=\"1643\" data-end=\"1762\">El trigo integral es el cereal \u201cbase\u201d de la dieta mediterr\u00e1nea moderna cuando se consume en forma de pan, pasta o masa.<\/p>\n<p data-start=\"1764\" data-end=\"1781\">Nutricionalmente:<\/p>\n<ul data-start=\"1782\" data-end=\"1899\">\n<li data-start=\"1782\" data-end=\"1825\">\n<p data-start=\"1784\" data-end=\"1825\">Contiene fibra (si es realmente integral)<\/p>\n<\/li>\n<li data-start=\"1826\" data-end=\"1853\">\n<p data-start=\"1828\" data-end=\"1853\">Aporta hidratos complejos<\/p>\n<\/li>\n<li data-start=\"1854\" data-end=\"1881\">\n<p data-start=\"1856\" data-end=\"1881\">Tiene prote\u00ednas vegetales<\/p>\n<\/li>\n<li data-start=\"1882\" data-end=\"1899\">\n<p data-start=\"1884\" data-end=\"1899\">Contiene gluten<\/p>\n<\/li>\n<\/ul>\n<p data-start=\"1901\" data-end=\"1997\">Pero aqu\u00ed est\u00e1 el matiz importante: <strong data-start=\"1942\" data-end=\"1996\">harina integral no significa bajo \u00edndice gluc\u00e9mico<\/strong>.<\/p>\n<p data-start=\"1999\" data-end=\"2249\">Cuando el grano se muele muy fino (como ocurre en la mayor\u00eda de harinas integrales comerciales), la digesti\u00f3n es r\u00e1pida y la glucosa llega pronto a sangre. En personas con diabetes, esto puede traducirse en picos postprandiales claros, sobre todo si:<\/p>\n<ul data-start=\"2250\" data-end=\"2347\">\n<li data-start=\"2250\" data-end=\"2284\">\n<p data-start=\"2252\" data-end=\"2284\">se consume en grandes cantidades<\/p>\n<\/li>\n<li data-start=\"2285\" data-end=\"2299\">\n<p data-start=\"2287\" data-end=\"2299\">se toma sola<\/p>\n<\/li>\n<li data-start=\"2300\" data-end=\"2347\">\n<p data-start=\"2302\" data-end=\"2347\">se hornea en forma de pan blanco \u201coscurecido\u201d<\/p>\n<\/li>\n<\/ul>\n<p data-start=\"2349\" data-end=\"2454\">Conclusi\u00f3n honesta: <strong data-start=\"2371\" data-end=\"2454\">El trigo integral es mejor que el refinado, pero no es neutro para la glucemia.<\/strong><\/p>\n<h2 data-start=\"2461\" data-end=\"2503\">Espelta integral: \u00bfrealmente diferente?<\/h2>\n<p data-start=\"2505\" data-end=\"2684\">La espelta es una variedad antigua de trigo. Y aqu\u00ed viene el primer punto cr\u00edtico:<br data-start=\"2587\" data-end=\"2590\" \/><strong data-start=\"2593\" data-end=\"2626\">la espelta sigue siendo trigo<\/strong>. Tiene gluten y su estructura de hidratos es muy similar.<\/p>\n<p data-start=\"2686\" data-end=\"2729\">Entonces, \u00bfpor qu\u00e9 se percibe como \u201cmejor\u201d?<\/p>\n<p data-start=\"2731\" data-end=\"2754\">Algunas razones reales:<\/p>\n<ul data-start=\"2755\" data-end=\"2906\">\n<li data-start=\"2755\" data-end=\"2792\">\n<p data-start=\"2757\" data-end=\"2792\">Suele molerse menos industrialmente<\/p>\n<\/li>\n<li data-start=\"2793\" data-end=\"2833\">\n<p data-start=\"2795\" data-end=\"2833\">Tiene un perfil de fibra algo distinto<\/p>\n<\/li>\n<li data-start=\"2834\" data-end=\"2869\">\n<p data-start=\"2836\" data-end=\"2869\">Muchas personas la digieren mejor<\/p>\n<\/li>\n<li data-start=\"2870\" data-end=\"2906\">\n<p data-start=\"2872\" data-end=\"2906\">Sacia un poco m\u00e1s en algunos casos<\/p>\n<\/li>\n<\/ul>\n<p data-start=\"2908\" data-end=\"2976\"><strong>Pero cuidado con el mensaje simplificado. En t\u00e9rminos de glucemia:<\/strong><\/p>\n<ul data-start=\"2977\" data-end=\"3181\">\n<li data-start=\"2977\" data-end=\"3061\">\n<p data-start=\"2979\" data-end=\"3061\">La <strong data-start=\"2982\" data-end=\"3012\">harina de espelta integral<\/strong> puede provocar picos similares al trigo integral<\/p>\n<\/li>\n<li data-start=\"3062\" data-end=\"3109\">\n<p data-start=\"3064\" data-end=\"3109\">La diferencia no es autom\u00e1tica ni garantizada<\/p>\n<\/li>\n<li data-start=\"3110\" data-end=\"3181\">\n<p data-start=\"3112\" data-end=\"3181\"><strong>Depende mucho de fermentaci\u00f3n, hidrataci\u00f3n<\/strong> y combinaci\u00f3n de alimentos<\/p>\n<\/li>\n<\/ul>\n<p data-start=\"3183\" data-end=\"3379\">Lo que s\u00ed es interesante es su <strong data-start=\"3214\" data-end=\"3252\">uso en masas de fermentaci\u00f3n lenta<\/strong>, como pan o pizza casera con reposos largos. En estos casos, la respuesta gluc\u00e9mica puede ser m\u00e1s suave que con masas r\u00e1pidas.<\/p>\n<p data-start=\"3381\" data-end=\"3483\">Conclusi\u00f3n honesta:<br data-start=\"3400\" data-end=\"3403\" \/><strong data-start=\"3403\" data-end=\"3483\">La espelta no es m\u00e1gica, pero bien trabajada puede ser una opci\u00f3n razonable.<\/strong><\/p>\n<h2 data-start=\"3490\" data-end=\"3535\">Avena: la m\u00e1s prometedora\u2026 con condiciones<\/h2>\n<p data-start=\"3537\" data-end=\"3676\">La avena juega en otra liga por un motivo claro: \u00a0<strong>su contenido en beta-glucanos, una fibra soluble con evidencia cient\u00edfica s\u00f3lida.<\/strong><\/p>\n<p data-start=\"3678\" data-end=\"3707\"><strong>Beneficios bien documentados sobre la avena:\u00a0<\/strong><\/p>\n<ul data-start=\"3708\" data-end=\"3846\">\n<li data-start=\"3708\" data-end=\"3741\">\n<p data-start=\"3710\" data-end=\"3741\">Retrasa la absorci\u00f3n de glucosa<\/p>\n<\/li>\n<li data-start=\"3742\" data-end=\"3776\">\n<p data-start=\"3744\" data-end=\"3776\">Mejora la respuesta postprandial<\/p>\n<\/li>\n<li data-start=\"3777\" data-end=\"3811\">\n<p data-start=\"3779\" data-end=\"3811\">Aumenta la sensaci\u00f3n de saciedad<\/p>\n<\/li>\n<li data-start=\"3812\" data-end=\"3846\">\n<p data-start=\"3814\" data-end=\"3846\">Puede ayudar al control lip\u00eddico<\/p>\n<\/li>\n<\/ul>\n<p data-start=\"3848\" data-end=\"3879\"><strong>Pero aqu\u00ed llega el gran \u201cpero\u201d de la avena:<\/strong><\/p>\n<ul data-start=\"3880\" data-end=\"4012\">\n<li data-start=\"3880\" data-end=\"3925\">\n<p data-start=\"3882\" data-end=\"3925\">Harina de avena muy fina = digesti\u00f3n r\u00e1pida<\/p>\n<\/li>\n<li data-start=\"3926\" data-end=\"3974\">\n<p data-start=\"3928\" data-end=\"3974\">Copos instant\u00e1neos = \u00edndice gluc\u00e9mico m\u00e1s alto<\/p>\n<\/li>\n<li data-start=\"3975\" data-end=\"4012\">\n<p data-start=\"3977\" data-end=\"4012\">Avena ultraprocesada \u2260 avena entera<\/p>\n<\/li>\n<\/ul>\n<p data-start=\"4014\" data-end=\"4030\"><strong>La mejor opci\u00f3n de c\u00f3mo tomar la avena:\u00a0<\/strong><\/p>\n<ul data-start=\"4031\" data-end=\"4135\">\n<li data-start=\"4031\" data-end=\"4046\">\n<p data-start=\"4033\" data-end=\"4046\">Copos gruesos<\/p>\n<\/li>\n<li data-start=\"4047\" data-end=\"4078\">\n<p data-start=\"4049\" data-end=\"4078\">Avena integral poco procesada<\/p>\n<\/li>\n<li data-start=\"4079\" data-end=\"4135\">\n<p data-start=\"4081\" data-end=\"4135\">Cocinada y combinada con prote\u00ednas o grasas saludables<\/p>\n<\/li>\n<\/ul>\n<p data-start=\"4137\" data-end=\"4249\">Conclusi\u00f3n honesta: <strong data-start=\"4159\" data-end=\"4249\">La avena es la m\u00e1s interesante para diabetes, pero solo si se elige y se prepara bien.<\/strong><\/p>\n<h2 data-start=\"4256\" data-end=\"4298\">Comparativa clara (sin promesas falsas)<\/h2>\n<p data-start=\"4300\" data-end=\"4340\"><strong>Desde el punto de vista gluc\u00e9mico medio:<\/strong><\/p>\n<p data-start=\"4342\" data-end=\"4475\">Avena integral bien trabajada<br data-start=\"4371\" data-end=\"4374\" \/>\u2193<br data-start=\"4375\" data-end=\"4378\" \/>Espelta integral con fermentaci\u00f3n lenta<br data-start=\"4417\" data-end=\"4420\" \/>\u2193<br data-start=\"4421\" data-end=\"4424\" \/>Trigo integral convencional<br data-start=\"4451\" data-end=\"4454\" \/>\u2193<br data-start=\"4455\" data-end=\"4458\" \/>Harinas refinadas<\/p>\n<p data-start=\"4477\" data-end=\"4541\">La diferencia existe, pero <strong data-start=\"4504\" data-end=\"4521\">no es radical<\/strong>. El contexto manda.<\/p>\n<h2 data-start=\"4548\" data-end=\"4611\">Y ahora, el gran mito: \u201csin gluten = mejor para la diabetes\u201d<\/h2>\n<p data-start=\"4613\" data-end=\"4642\">Aqu\u00ed conviene ser muy claros:\u00a0 <strong>Los productos sin gluten no est\u00e1n pensados para personas con diabetes, sino para personas con enfermedad cel\u00edaca o sensibilidad al gluten.<\/strong><\/p>\n<p data-start=\"4788\" data-end=\"4826\"><strong>\u00bfQu\u00e9 suele llevar una masa sin gluten?<\/strong><\/p>\n<ul data-start=\"4827\" data-end=\"4891\">\n<li data-start=\"4827\" data-end=\"4844\">\n<p data-start=\"4829\" data-end=\"4844\">Harina de arroz<\/p>\n<\/li>\n<li data-start=\"4845\" data-end=\"4862\">\n<p data-start=\"4847\" data-end=\"4862\">Almid\u00f3n de ma\u00edz<\/p>\n<\/li>\n<li data-start=\"4863\" data-end=\"4881\">\n<p data-start=\"4865\" data-end=\"4881\">F\u00e9cula de patata<\/p>\n<\/li>\n<li data-start=\"4882\" data-end=\"4891\">\n<p data-start=\"4884\" data-end=\"4891\">Tapioca<\/p>\n<\/li>\n<\/ul>\n<p data-start=\"4893\" data-end=\"4913\">\u00bfResultado habitual de la alimentaci\u00f3n sin gluten?<\/p>\n<ul data-start=\"4914\" data-end=\"5017\">\n<li data-start=\"4914\" data-end=\"4943\">\n<p data-start=\"4916\" data-end=\"4943\">Muy poco contenido en fibra<\/p>\n<\/li>\n<li data-start=\"4944\" data-end=\"4967\">\n<p data-start=\"4946\" data-end=\"4967\">\u00cdndice gluc\u00e9mico alto<\/p>\n<\/li>\n<li data-start=\"4968\" data-end=\"4986\">\n<p data-start=\"4970\" data-end=\"4986\">Absorci\u00f3n r\u00e1pida<\/p>\n<\/li>\n<li data-start=\"4987\" data-end=\"5017\">\n<p data-start=\"4989\" data-end=\"5017\">Picos de glucosa m\u00e1s bruscos<\/p>\n<\/li>\n<\/ul>\n<p data-start=\"5019\" data-end=\"5130\"><strong>Es decir: muchas masas sin gluten elevan m\u00e1s la glucemia que una masa integral tradicional bien hecha.<\/strong><\/p>\n<p data-start=\"5132\" data-end=\"5244\">Esto no significa que est\u00e9n prohibidas, pero s\u00ed que <strong data-start=\"5184\" data-end=\"5216\">no son una mejora autom\u00e1tica<\/strong> para personas con diabetes.<\/p>\n<p data-start=\"5246\" data-end=\"5336\">Conclusi\u00f3n clara: <strong data-start=\"5266\" data-end=\"5335\">sin gluten no significa \u201cm\u00e1s saludable\u201d ni \u201cmejor para el az\u00facar\u201d<\/strong>.<\/p>\n<h2 data-start=\"5343\" data-end=\"5394\">Entonces, \u00bfen qu\u00e9 deber\u00edamos fijarnos de verdad?<\/h2>\n<p data-start=\"5396\" data-end=\"5448\"><strong>M\u00e1s que en el nombre del cereal, conviene priorizar:<\/strong><\/p>\n<ul data-start=\"5450\" data-end=\"5621\">\n<li data-start=\"5450\" data-end=\"5471\">\n<p data-start=\"5452\" data-end=\"5471\">Grano entero real<\/p>\n<\/li>\n<li data-start=\"5472\" data-end=\"5498\">\n<p data-start=\"5474\" data-end=\"5498\">Molienda poco refinada<\/p>\n<\/li>\n<li data-start=\"5499\" data-end=\"5524\">\n<p data-start=\"5501\" data-end=\"5524\">Fermentaciones largas<\/p>\n<\/li>\n<li data-start=\"5525\" data-end=\"5548\">\n<p data-start=\"5527\" data-end=\"5548\">Porciones moderadas<\/p>\n<\/li>\n<li data-start=\"5549\" data-end=\"5588\">\n<p data-start=\"5551\" data-end=\"5588\">Acompa\u00f1amiento con prote\u00edna y grasa<\/p>\n<\/li>\n<li data-start=\"5589\" data-end=\"5621\">\n<p data-start=\"5591\" data-end=\"5621\">Contexto de la comida completa<\/p>\n<\/li>\n<\/ul>\n<blockquote>\n<p data-start=\"5623\" data-end=\"5800\">Una pizza de espelta integral casera, fermentada 24 horas y acompa\u00f1ada de verduras y prote\u00edna, <strong data-start=\"5718\" data-end=\"5747\">no tiene el mismo impacto<\/strong> que una base \u201csin gluten\u201d industrial ultraprocesada.<\/p>\n<\/blockquote>\n<h2 data-start=\"5807\" data-end=\"5843\">Mirada pr\u00e1ctica para el d\u00eda a d\u00eda<\/h2>\n<p data-start=\"5845\" data-end=\"5917\">No se trata de eliminar masas, panes o pizzas para siempre. Se trata de:<\/p>\n<ul data-start=\"5918\" data-end=\"6044\">\n<li data-start=\"5918\" data-end=\"5932\">\n<p data-start=\"5920\" data-end=\"5932\">Elegir mejor<\/p>\n<\/li>\n<li data-start=\"5933\" data-end=\"5970\">\n<p data-start=\"5935\" data-end=\"5970\">Cocinar m\u00e1s en casa cuando se pueda<\/p>\n<\/li>\n<li data-start=\"5971\" data-end=\"6005\">\n<p data-start=\"5973\" data-end=\"6005\">Entender c\u00f3mo responde tu cuerpo<\/p>\n<\/li>\n<li data-start=\"6006\" data-end=\"6044\">\n<p data-start=\"6008\" data-end=\"6044\">Dejar de perseguir etiquetas milagro<\/p>\n<\/li>\n<\/ul>\n<blockquote>\n<p data-start=\"6046\" data-end=\"6137\">La diabetes no se maneja con prohibiciones absolutas, sino con <strong data-start=\"6109\" data-end=\"6136\">criterio y conocimiento<\/strong>.<\/p>\n<\/blockquote>\n<h2 data-start=\"6144\" data-end=\"6164\">EN POCAS PALABRAS<\/h2>\n<p data-start=\"6166\" data-end=\"6577\">La espelta no es libre de impacto gluc\u00e9mico, pero bien trabajada puede ser una opci\u00f3n v\u00e1lida.<\/p>\n<ul>\n<li data-start=\"6166\" data-end=\"6577\">El trigo integral mejora al refinado, pero no es neutro.<\/li>\n<li data-start=\"6166\" data-end=\"6577\">La avena es la m\u00e1s interesante si es integral y poco procesada.<\/li>\n<li data-start=\"6166\" data-end=\"6577\">Las masas sin gluten no son autom\u00e1ticamente mejores y, a menudo, elevan m\u00e1s la glucosa.<\/li>\n<\/ul>\n<blockquote>\n<p data-start=\"6166\" data-end=\"6577\">En diabetes importa m\u00e1s <strong data-start=\"6501\" data-end=\"6551\">el procesamiento, la preparaci\u00f3n y el contexto<\/strong> que el nombre del cereal.<\/p>\n<\/blockquote>\n","protected":false},"excerpt":{"rendered":"<p>Durante a\u00f1os, el discurso sobre harinas y diabetes se ha simplificado demasiado. Se habla de \u201charinas buenas\u201d y \u201charinas malas\u201d, de cereales que \u201csuben menos el az\u00facar\u201d y de productos [&hellip;]<\/p>\n","protected":false},"author":19,"featured_media":14660,"comment_status":"closed","ping_status":"closed","sticky":false,"template":"","format":"standard","meta":{"_acf_changed":false,"_monsterinsights_skip_tracking":false,"_monsterinsights_sitenote_active":false,"_monsterinsights_sitenote_note":"","_monsterinsights_sitenote_category":0,"footnotes":""},"categories":[5],"tags":[1515,1441,1447],"class_list":["post-14655","post","type-post","status-publish","format-standard","has-post-thumbnail","hentry","category-alimentacion","tag-espelta","tag-pan","tag-trigo"],"acf":[],"yoast_head":"<!-- This site is optimized with the Yoast SEO plugin v27.5 - https:\/\/yoast.com\/product\/yoast-seo-wordpress\/ -->\n<title>Espelta, trigo integral y avena: \u00bfqu\u00e9 cereal impacta menos en la glucemia? - iMagazine - Soluciones para la Diabetes<\/title>\n<meta name=\"description\" content=\"Espelta, trigo integral y avena no impactan igual en la glucemia. Analizamos harinas, masas sin gluten y qu\u00e9 elegir si tienes diabetes.\" \/>\n<meta name=\"robots\" content=\"index, follow, max-snippet:-1, max-image-preview:large, max-video-preview:-1\" \/>\n<link rel=\"canonical\" href=\"https:\/\/www.solucionesparaladiabetes.com\/magazine-diabetes\/espelta-trigo-integral-y-avena-que-cereal-impacta-menos-en-la-glucemia-2\/\" \/>\n<meta property=\"og:locale\" content=\"es_ES\" \/>\n<meta property=\"og:type\" content=\"article\" \/>\n<meta property=\"og:title\" content=\"Espelta, trigo integral y avena: \u00bfqu\u00e9 cereal impacta menos en la glucemia? - iMagazine - Soluciones para la Diabetes\" \/>\n<meta property=\"og:description\" content=\"Espelta, trigo integral y avena no impactan igual en la glucemia. Analizamos harinas, masas sin gluten y qu\u00e9 elegir si tienes diabetes.\" \/>\n<meta property=\"og:url\" content=\"https:\/\/www.solucionesparaladiabetes.com\/magazine-diabetes\/espelta-trigo-integral-y-avena-que-cereal-impacta-menos-en-la-glucemia-2\/\" \/>\n<meta property=\"og:site_name\" content=\"Soluciones para la Diabetes\" \/>\n<meta property=\"article:published_time\" content=\"2025-12-14T07:00:47+00:00\" \/>\n<meta property=\"article:modified_time\" content=\"2025-12-24T07:41:50+00:00\" \/>\n<meta property=\"og:image\" content=\"http:\/\/www.solucionesparaladiabetes.com\/magazine-diabetes\/wp-content\/uploads\/campo-de-trigo.jpg\" \/>\n\t<meta property=\"og:image:width\" content=\"631\" \/>\n\t<meta property=\"og:image:height\" content=\"585\" \/>\n\t<meta property=\"og:image:type\" content=\"image\/jpeg\" \/>\n<meta name=\"author\" content=\"Redacci\u00f3n Editorial\" \/>\n<meta name=\"twitter:card\" content=\"summary_large_image\" \/>\n<meta name=\"twitter:creator\" content=\"@soluciondiabete\" \/>\n<meta name=\"twitter:site\" content=\"@soluciondiabete\" \/>\n<meta name=\"twitter:label1\" content=\"Escrito por\" \/>\n\t<meta name=\"twitter:data1\" content=\"Redacci\u00f3n Editorial\" \/>\n\t<meta name=\"twitter:label2\" content=\"Tiempo de lectura\" \/>\n\t<meta name=\"twitter:data2\" content=\"4 minutos\" \/>\n<script type=\"application\/ld+json\" class=\"yoast-schema-graph\">{\"@context\":\"https:\\\/\\\/schema.org\",\"@graph\":[{\"@type\":\"Article\",\"@id\":\"https:\\\/\\\/www.solucionesparaladiabetes.com\\\/magazine-diabetes\\\/espelta-trigo-integral-y-avena-que-cereal-impacta-menos-en-la-glucemia-2\\\/#article\",\"isPartOf\":{\"@id\":\"https:\\\/\\\/www.solucionesparaladiabetes.com\\\/magazine-diabetes\\\/espelta-trigo-integral-y-avena-que-cereal-impacta-menos-en-la-glucemia-2\\\/\"},\"author\":{\"name\":\"Redacci\u00f3n Editorial\",\"@id\":\"https:\\\/\\\/www.solucionesparaladiabetes.com\\\/magazine-diabetes\\\/#\\\/schema\\\/person\\\/9d25dba87bbcd3627b3db1c9acfc9bd7\"},\"headline\":\"Espelta, trigo integral y avena: \u00bfqu\u00e9 cereal impacta menos en la glucemia?\",\"datePublished\":\"2025-12-14T07:00:47+00:00\",\"dateModified\":\"2025-12-24T07:41:50+00:00\",\"mainEntityOfPage\":{\"@id\":\"https:\\\/\\\/www.solucionesparaladiabetes.com\\\/magazine-diabetes\\\/espelta-trigo-integral-y-avena-que-cereal-impacta-menos-en-la-glucemia-2\\\/\"},\"wordCount\":1032,\"image\":{\"@id\":\"https:\\\/\\\/www.solucionesparaladiabetes.com\\\/magazine-diabetes\\\/espelta-trigo-integral-y-avena-que-cereal-impacta-menos-en-la-glucemia-2\\\/#primaryimage\"},\"thumbnailUrl\":\"https:\\\/\\\/www.solucionesparaladiabetes.com\\\/magazine-diabetes\\\/wp-content\\\/uploads\\\/campo-de-trigo.jpg\",\"keywords\":[\"espelta\",\"Pan\",\"trigo\"],\"articleSection\":[\"Alimentaci\u00f3n\"],\"inLanguage\":\"es\"},{\"@type\":\"WebPage\",\"@id\":\"https:\\\/\\\/www.solucionesparaladiabetes.com\\\/magazine-diabetes\\\/espelta-trigo-integral-y-avena-que-cereal-impacta-menos-en-la-glucemia-2\\\/\",\"url\":\"https:\\\/\\\/www.solucionesparaladiabetes.com\\\/magazine-diabetes\\\/espelta-trigo-integral-y-avena-que-cereal-impacta-menos-en-la-glucemia-2\\\/\",\"name\":\"Espelta, trigo integral y avena: \u00bfqu\u00e9 cereal impacta menos en la glucemia? - iMagazine - Soluciones para la Diabetes\",\"isPartOf\":{\"@id\":\"https:\\\/\\\/www.solucionesparaladiabetes.com\\\/magazine-diabetes\\\/#website\"},\"primaryImageOfPage\":{\"@id\":\"https:\\\/\\\/www.solucionesparaladiabetes.com\\\/magazine-diabetes\\\/espelta-trigo-integral-y-avena-que-cereal-impacta-menos-en-la-glucemia-2\\\/#primaryimage\"},\"image\":{\"@id\":\"https:\\\/\\\/www.solucionesparaladiabetes.com\\\/magazine-diabetes\\\/espelta-trigo-integral-y-avena-que-cereal-impacta-menos-en-la-glucemia-2\\\/#primaryimage\"},\"thumbnailUrl\":\"https:\\\/\\\/www.solucionesparaladiabetes.com\\\/magazine-diabetes\\\/wp-content\\\/uploads\\\/campo-de-trigo.jpg\",\"datePublished\":\"2025-12-14T07:00:47+00:00\",\"dateModified\":\"2025-12-24T07:41:50+00:00\",\"author\":{\"@id\":\"https:\\\/\\\/www.solucionesparaladiabetes.com\\\/magazine-diabetes\\\/#\\\/schema\\\/person\\\/9d25dba87bbcd3627b3db1c9acfc9bd7\"},\"description\":\"Espelta, trigo integral y avena no impactan igual en la glucemia. Analizamos harinas, masas sin gluten y qu\u00e9 elegir si tienes diabetes.\",\"breadcrumb\":{\"@id\":\"https:\\\/\\\/www.solucionesparaladiabetes.com\\\/magazine-diabetes\\\/espelta-trigo-integral-y-avena-que-cereal-impacta-menos-en-la-glucemia-2\\\/#breadcrumb\"},\"inLanguage\":\"es\",\"potentialAction\":[{\"@type\":\"ReadAction\",\"target\":[\"https:\\\/\\\/www.solucionesparaladiabetes.com\\\/magazine-diabetes\\\/espelta-trigo-integral-y-avena-que-cereal-impacta-menos-en-la-glucemia-2\\\/\"]}]},{\"@type\":\"ImageObject\",\"inLanguage\":\"es\",\"@id\":\"https:\\\/\\\/www.solucionesparaladiabetes.com\\\/magazine-diabetes\\\/espelta-trigo-integral-y-avena-que-cereal-impacta-menos-en-la-glucemia-2\\\/#primaryimage\",\"url\":\"https:\\\/\\\/www.solucionesparaladiabetes.com\\\/magazine-diabetes\\\/wp-content\\\/uploads\\\/campo-de-trigo.jpg\",\"contentUrl\":\"https:\\\/\\\/www.solucionesparaladiabetes.com\\\/magazine-diabetes\\\/wp-content\\\/uploads\\\/campo-de-trigo.jpg\",\"width\":631,\"height\":585,\"caption\":\"Campd de trigo al atardecer.\"},{\"@type\":\"BreadcrumbList\",\"@id\":\"https:\\\/\\\/www.solucionesparaladiabetes.com\\\/magazine-diabetes\\\/espelta-trigo-integral-y-avena-que-cereal-impacta-menos-en-la-glucemia-2\\\/#breadcrumb\",\"itemListElement\":[{\"@type\":\"ListItem\",\"position\":1,\"name\":\"Portada\",\"item\":\"https:\\\/\\\/www.solucionesparaladiabetes.com\\\/magazine-diabetes\\\/\"},{\"@type\":\"ListItem\",\"position\":2,\"name\":\"Espelta, trigo integral y avena: \u00bfqu\u00e9 cereal impacta menos en la glucemia?\"}]},{\"@type\":\"WebSite\",\"@id\":\"https:\\\/\\\/www.solucionesparaladiabetes.com\\\/magazine-diabetes\\\/#website\",\"url\":\"https:\\\/\\\/www.solucionesparaladiabetes.com\\\/magazine-diabetes\\\/\",\"name\":\"Soluciones para la Diabetes\",\"description\":\"iMagazine\",\"potentialAction\":[{\"@type\":\"SearchAction\",\"target\":{\"@type\":\"EntryPoint\",\"urlTemplate\":\"https:\\\/\\\/www.solucionesparaladiabetes.com\\\/magazine-diabetes\\\/?s={search_term_string}\"},\"query-input\":{\"@type\":\"PropertyValueSpecification\",\"valueRequired\":true,\"valueName\":\"search_term_string\"}}],\"inLanguage\":\"es\"},{\"@type\":\"Person\",\"@id\":\"https:\\\/\\\/www.solucionesparaladiabetes.com\\\/magazine-diabetes\\\/#\\\/schema\\\/person\\\/9d25dba87bbcd3627b3db1c9acfc9bd7\",\"name\":\"Redacci\u00f3n Editorial\",\"image\":{\"@type\":\"ImageObject\",\"inLanguage\":\"es\",\"@id\":\"https:\\\/\\\/secure.gravatar.com\\\/avatar\\\/9a32759cfac6842eec272cac6814846d5d94168e8533a3088620732917ec742e?s=96&d=mm&r=g\",\"url\":\"https:\\\/\\\/secure.gravatar.com\\\/avatar\\\/9a32759cfac6842eec272cac6814846d5d94168e8533a3088620732917ec742e?s=96&d=mm&r=g\",\"contentUrl\":\"https:\\\/\\\/secure.gravatar.com\\\/avatar\\\/9a32759cfac6842eec272cac6814846d5d94168e8533a3088620732917ec742e?s=96&d=mm&r=g\",\"caption\":\"Redacci\u00f3n Editorial\"}}]}<\/script>\n<!-- \/ Yoast SEO plugin. -->","yoast_head_json":{"title":"Espelta, trigo integral y avena: \u00bfqu\u00e9 cereal impacta menos en la glucemia? - iMagazine - Soluciones para la Diabetes","description":"Espelta, trigo integral y avena no impactan igual en la glucemia. Analizamos harinas, masas sin gluten y qu\u00e9 elegir si tienes diabetes.","robots":{"index":"index","follow":"follow","max-snippet":"max-snippet:-1","max-image-preview":"max-image-preview:large","max-video-preview":"max-video-preview:-1"},"canonical":"https:\/\/www.solucionesparaladiabetes.com\/magazine-diabetes\/espelta-trigo-integral-y-avena-que-cereal-impacta-menos-en-la-glucemia-2\/","og_locale":"es_ES","og_type":"article","og_title":"Espelta, trigo integral y avena: \u00bfqu\u00e9 cereal impacta menos en la glucemia? - iMagazine - Soluciones para la Diabetes","og_description":"Espelta, trigo integral y avena no impactan igual en la glucemia. Analizamos harinas, masas sin gluten y qu\u00e9 elegir si tienes diabetes.","og_url":"https:\/\/www.solucionesparaladiabetes.com\/magazine-diabetes\/espelta-trigo-integral-y-avena-que-cereal-impacta-menos-en-la-glucemia-2\/","og_site_name":"Soluciones para la Diabetes","article_published_time":"2025-12-14T07:00:47+00:00","article_modified_time":"2025-12-24T07:41:50+00:00","og_image":[{"width":631,"height":585,"url":"http:\/\/www.solucionesparaladiabetes.com\/magazine-diabetes\/wp-content\/uploads\/campo-de-trigo.jpg","type":"image\/jpeg"}],"author":"Redacci\u00f3n Editorial","twitter_card":"summary_large_image","twitter_creator":"@soluciondiabete","twitter_site":"@soluciondiabete","twitter_misc":{"Escrito por":"Redacci\u00f3n Editorial","Tiempo de lectura":"4 minutos"},"schema":{"@context":"https:\/\/schema.org","@graph":[{"@type":"Article","@id":"https:\/\/www.solucionesparaladiabetes.com\/magazine-diabetes\/espelta-trigo-integral-y-avena-que-cereal-impacta-menos-en-la-glucemia-2\/#article","isPartOf":{"@id":"https:\/\/www.solucionesparaladiabetes.com\/magazine-diabetes\/espelta-trigo-integral-y-avena-que-cereal-impacta-menos-en-la-glucemia-2\/"},"author":{"name":"Redacci\u00f3n Editorial","@id":"https:\/\/www.solucionesparaladiabetes.com\/magazine-diabetes\/#\/schema\/person\/9d25dba87bbcd3627b3db1c9acfc9bd7"},"headline":"Espelta, trigo integral y avena: \u00bfqu\u00e9 cereal impacta menos en la glucemia?","datePublished":"2025-12-14T07:00:47+00:00","dateModified":"2025-12-24T07:41:50+00:00","mainEntityOfPage":{"@id":"https:\/\/www.solucionesparaladiabetes.com\/magazine-diabetes\/espelta-trigo-integral-y-avena-que-cereal-impacta-menos-en-la-glucemia-2\/"},"wordCount":1032,"image":{"@id":"https:\/\/www.solucionesparaladiabetes.com\/magazine-diabetes\/espelta-trigo-integral-y-avena-que-cereal-impacta-menos-en-la-glucemia-2\/#primaryimage"},"thumbnailUrl":"https:\/\/www.solucionesparaladiabetes.com\/magazine-diabetes\/wp-content\/uploads\/campo-de-trigo.jpg","keywords":["espelta","Pan","trigo"],"articleSection":["Alimentaci\u00f3n"],"inLanguage":"es"},{"@type":"WebPage","@id":"https:\/\/www.solucionesparaladiabetes.com\/magazine-diabetes\/espelta-trigo-integral-y-avena-que-cereal-impacta-menos-en-la-glucemia-2\/","url":"https:\/\/www.solucionesparaladiabetes.com\/magazine-diabetes\/espelta-trigo-integral-y-avena-que-cereal-impacta-menos-en-la-glucemia-2\/","name":"Espelta, trigo integral y avena: \u00bfqu\u00e9 cereal impacta menos en la glucemia? - iMagazine - Soluciones para la Diabetes","isPartOf":{"@id":"https:\/\/www.solucionesparaladiabetes.com\/magazine-diabetes\/#website"},"primaryImageOfPage":{"@id":"https:\/\/www.solucionesparaladiabetes.com\/magazine-diabetes\/espelta-trigo-integral-y-avena-que-cereal-impacta-menos-en-la-glucemia-2\/#primaryimage"},"image":{"@id":"https:\/\/www.solucionesparaladiabetes.com\/magazine-diabetes\/espelta-trigo-integral-y-avena-que-cereal-impacta-menos-en-la-glucemia-2\/#primaryimage"},"thumbnailUrl":"https:\/\/www.solucionesparaladiabetes.com\/magazine-diabetes\/wp-content\/uploads\/campo-de-trigo.jpg","datePublished":"2025-12-14T07:00:47+00:00","dateModified":"2025-12-24T07:41:50+00:00","author":{"@id":"https:\/\/www.solucionesparaladiabetes.com\/magazine-diabetes\/#\/schema\/person\/9d25dba87bbcd3627b3db1c9acfc9bd7"},"description":"Espelta, trigo integral y avena no impactan igual en la glucemia. Analizamos harinas, masas sin gluten y qu\u00e9 elegir si tienes diabetes.","breadcrumb":{"@id":"https:\/\/www.solucionesparaladiabetes.com\/magazine-diabetes\/espelta-trigo-integral-y-avena-que-cereal-impacta-menos-en-la-glucemia-2\/#breadcrumb"},"inLanguage":"es","potentialAction":[{"@type":"ReadAction","target":["https:\/\/www.solucionesparaladiabetes.com\/magazine-diabetes\/espelta-trigo-integral-y-avena-que-cereal-impacta-menos-en-la-glucemia-2\/"]}]},{"@type":"ImageObject","inLanguage":"es","@id":"https:\/\/www.solucionesparaladiabetes.com\/magazine-diabetes\/espelta-trigo-integral-y-avena-que-cereal-impacta-menos-en-la-glucemia-2\/#primaryimage","url":"https:\/\/www.solucionesparaladiabetes.com\/magazine-diabetes\/wp-content\/uploads\/campo-de-trigo.jpg","contentUrl":"https:\/\/www.solucionesparaladiabetes.com\/magazine-diabetes\/wp-content\/uploads\/campo-de-trigo.jpg","width":631,"height":585,"caption":"Campd de trigo al atardecer."},{"@type":"BreadcrumbList","@id":"https:\/\/www.solucionesparaladiabetes.com\/magazine-diabetes\/espelta-trigo-integral-y-avena-que-cereal-impacta-menos-en-la-glucemia-2\/#breadcrumb","itemListElement":[{"@type":"ListItem","position":1,"name":"Portada","item":"https:\/\/www.solucionesparaladiabetes.com\/magazine-diabetes\/"},{"@type":"ListItem","position":2,"name":"Espelta, trigo integral y avena: \u00bfqu\u00e9 cereal impacta menos en la glucemia?"}]},{"@type":"WebSite","@id":"https:\/\/www.solucionesparaladiabetes.com\/magazine-diabetes\/#website","url":"https:\/\/www.solucionesparaladiabetes.com\/magazine-diabetes\/","name":"Soluciones para la Diabetes","description":"iMagazine","potentialAction":[{"@type":"SearchAction","target":{"@type":"EntryPoint","urlTemplate":"https:\/\/www.solucionesparaladiabetes.com\/magazine-diabetes\/?s={search_term_string}"},"query-input":{"@type":"PropertyValueSpecification","valueRequired":true,"valueName":"search_term_string"}}],"inLanguage":"es"},{"@type":"Person","@id":"https:\/\/www.solucionesparaladiabetes.com\/magazine-diabetes\/#\/schema\/person\/9d25dba87bbcd3627b3db1c9acfc9bd7","name":"Redacci\u00f3n Editorial","image":{"@type":"ImageObject","inLanguage":"es","@id":"https:\/\/secure.gravatar.com\/avatar\/9a32759cfac6842eec272cac6814846d5d94168e8533a3088620732917ec742e?s=96&d=mm&r=g","url":"https:\/\/secure.gravatar.com\/avatar\/9a32759cfac6842eec272cac6814846d5d94168e8533a3088620732917ec742e?s=96&d=mm&r=g","contentUrl":"https:\/\/secure.gravatar.com\/avatar\/9a32759cfac6842eec272cac6814846d5d94168e8533a3088620732917ec742e?s=96&d=mm&r=g","caption":"Redacci\u00f3n Editorial"}}]}},"_links":{"self":[{"href":"https:\/\/www.solucionesparaladiabetes.com\/magazine-diabetes\/wp-json\/wp\/v2\/posts\/14655","targetHints":{"allow":["GET"]}}],"collection":[{"href":"https:\/\/www.solucionesparaladiabetes.com\/magazine-diabetes\/wp-json\/wp\/v2\/posts"}],"about":[{"href":"https:\/\/www.solucionesparaladiabetes.com\/magazine-diabetes\/wp-json\/wp\/v2\/types\/post"}],"author":[{"embeddable":true,"href":"https:\/\/www.solucionesparaladiabetes.com\/magazine-diabetes\/wp-json\/wp\/v2\/users\/19"}],"replies":[{"embeddable":true,"href":"https:\/\/www.solucionesparaladiabetes.com\/magazine-diabetes\/wp-json\/wp\/v2\/comments?post=14655"}],"version-history":[{"count":2,"href":"https:\/\/www.solucionesparaladiabetes.com\/magazine-diabetes\/wp-json\/wp\/v2\/posts\/14655\/revisions"}],"predecessor-version":[{"id":14665,"href":"https:\/\/www.solucionesparaladiabetes.com\/magazine-diabetes\/wp-json\/wp\/v2\/posts\/14655\/revisions\/14665"}],"wp:featuredmedia":[{"embeddable":true,"href":"https:\/\/www.solucionesparaladiabetes.com\/magazine-diabetes\/wp-json\/wp\/v2\/media\/14660"}],"wp:attachment":[{"href":"https:\/\/www.solucionesparaladiabetes.com\/magazine-diabetes\/wp-json\/wp\/v2\/media?parent=14655"}],"wp:term":[{"taxonomy":"category","embeddable":true,"href":"https:\/\/www.solucionesparaladiabetes.com\/magazine-diabetes\/wp-json\/wp\/v2\/categories?post=14655"},{"taxonomy":"post_tag","embeddable":true,"href":"https:\/\/www.solucionesparaladiabetes.com\/magazine-diabetes\/wp-json\/wp\/v2\/tags?post=14655"}],"curies":[{"name":"wp","href":"https:\/\/api.w.org\/{rel}","templated":true}]}}