{"id":14649,"date":"2025-12-02T08:00:03","date_gmt":"2025-12-02T07:00:03","guid":{"rendered":"https:\/\/www.solucionesparaladiabetes.com\/magazine-diabetes\/?p=14649"},"modified":"2025-12-12T18:27:41","modified_gmt":"2025-12-12T17:27:41","slug":"harina-de-espelta-que-es-que-aporta-y-como-usarla-si-tienes-diabetes","status":"publish","type":"post","link":"https:\/\/www.solucionesparaladiabetes.com\/magazine-diabetes\/harina-de-espelta-que-es-que-aporta-y-como-usarla-si-tienes-diabetes\/","title":{"rendered":"Harina de espelta: qu\u00e9 es, qu\u00e9 aporta y c\u00f3mo usarla si tienes diabetes"},"content":{"rendered":"<blockquote><p>Durante a\u00f1os, la harina de espelta ha sido presentada como una alternativa \u201cm\u00e1s saludable\u201d al trigo moderno. En redes y blogs aparece asociada a conceptos como <em data-start=\"711\" data-end=\"720\">natural<\/em>, <em data-start=\"722\" data-end=\"733\">ancestral<\/em> o <em data-start=\"736\" data-end=\"758\">mejor para el az\u00facar<\/em>.<br data-start=\"759\" data-end=\"762\" \/>Pero aqu\u00ed conviene frenar un momento y <strong data-start=\"801\" data-end=\"816\">poner orden<\/strong>: \u00bfqu\u00e9 hay de cierto y qu\u00e9 es puro marketing?<\/p><\/blockquote>\n<p data-start=\"863\" data-end=\"1141\"><strong>Hablar de espelta en el contexto de la diabetes exige matices. No se trata de demonizarla ni de idealizarla, sino de entender c\u00f3mo se comporta en el organismo, qu\u00e9 diferencias reales tiene frente a otras harinas y c\u00f3mo integrarla sin desajustar el control gluc\u00e9mico.<\/strong><\/p>\n<h2 data-start=\"1143\" data-end=\"1184\">Qu\u00e9 es realmente la espelta (y qu\u00e9 no)<\/h2>\n<p data-start=\"1186\" data-end=\"1491\"><strong>La espelta es una variedad antigua de trigo (<em data-start=\"1231\" data-end=\"1248\">Triticum spelta<\/em>). Es decir, sigue siendo trigo,<\/strong> con gluten, y no es apta para personas con enfermedad cel\u00edaca.<br data-start=\"1347\" data-end=\"1350\" \/>Este punto es clave porque todav\u00eda existe la creencia err\u00f3nea de que la espelta \u201cno tiene gluten\u201d o \u201ces m\u00e1s digestiva para todos\u201d. No es as\u00ed.<\/p>\n<p data-start=\"1493\" data-end=\"1676\">Lo que s\u00ed cambia es su <strong data-start=\"1516\" data-end=\"1540\">estructura del grano<\/strong> y su <strong data-start=\"1546\" data-end=\"1568\">perfil nutricional<\/strong>, algo que influye en la digesti\u00f3n y en la respuesta metab\u00f3lica, aunque no de forma autom\u00e1tica ni universal.<\/p>\n<h2 data-start=\"1678\" data-end=\"1715\">Diferencias frente al trigo com\u00fan<\/h2>\n<p data-start=\"1716\" data-end=\"1727\">La espelta:<\/p>\n<ul data-start=\"1728\" data-end=\"1995\">\n<li data-start=\"1728\" data-end=\"1773\">\n<p data-start=\"1730\" data-end=\"1773\">Tiene una <strong data-start=\"1740\" data-end=\"1772\">mayor proporci\u00f3n de prote\u00edna<\/strong>.<\/p>\n<\/li>\n<li data-start=\"1774\" data-end=\"1832\">\n<p data-start=\"1776\" data-end=\"1832\">Aporta algo m\u00e1s de <strong data-start=\"1795\" data-end=\"1804\">fibra<\/strong>, sobre todo si es integral.<\/p>\n<\/li>\n<li data-start=\"1833\" data-end=\"1904\">\n<p data-start=\"1835\" data-end=\"1904\">Presenta un <strong data-start=\"1847\" data-end=\"1877\">perfil mineral interesante<\/strong> (magnesio, f\u00f3sforo, zinc).<\/p>\n<\/li>\n<li data-start=\"1905\" data-end=\"1995\">\n<p data-start=\"1907\" data-end=\"1995\">Tiene un <strong data-start=\"1916\" data-end=\"1937\">sabor m\u00e1s intenso<\/strong>, ligeramente a nuez, lo que favorece masas m\u00e1s saciantes.<\/p>\n<\/li>\n<\/ul>\n<p data-start=\"1997\" data-end=\"2103\"><strong>Pero atenci\u00f3n:<\/strong> <strong data-start=\"2017\" data-end=\"2102\">A nivel de hidratos de carbono, la diferencia no es tan grande como suele creerse<\/strong>.<\/p>\n<p data-start=\"2105\" data-end=\"2161\">Aqu\u00ed es donde muchas personas con diabetes se confunden.<\/p>\n<p data-start=\"2105\" data-end=\"2161\"><img loading=\"lazy\" decoding=\"async\" class=\"alignnone wp-image-14651 size-full\" src=\"http:\/\/www.solucionesparaladiabetes.com\/magazine-diabetes\/wp-content\/uploads\/PAN-INTEGRAL-1-scaled.jpg\" alt=\"Un pan integral o de espelta, cortado en rodajas\" width=\"2560\" height=\"1707\" srcset=\"https:\/\/www.solucionesparaladiabetes.com\/magazine-diabetes\/wp-content\/uploads\/PAN-INTEGRAL-1-scaled.jpg 2560w, https:\/\/www.solucionesparaladiabetes.com\/magazine-diabetes\/wp-content\/uploads\/PAN-INTEGRAL-1-300x200.jpg 300w, https:\/\/www.solucionesparaladiabetes.com\/magazine-diabetes\/wp-content\/uploads\/PAN-INTEGRAL-1-1024x683.jpg 1024w, https:\/\/www.solucionesparaladiabetes.com\/magazine-diabetes\/wp-content\/uploads\/PAN-INTEGRAL-1-768x512.jpg 768w, https:\/\/www.solucionesparaladiabetes.com\/magazine-diabetes\/wp-content\/uploads\/PAN-INTEGRAL-1-1536x1024.jpg 1536w, https:\/\/www.solucionesparaladiabetes.com\/magazine-diabetes\/wp-content\/uploads\/PAN-INTEGRAL-1-2048x1365.jpg 2048w, https:\/\/www.solucionesparaladiabetes.com\/magazine-diabetes\/wp-content\/uploads\/PAN-INTEGRAL-1-696x464.jpg 696w, https:\/\/www.solucionesparaladiabetes.com\/magazine-diabetes\/wp-content\/uploads\/PAN-INTEGRAL-1-1068x712.jpg 1068w, https:\/\/www.solucionesparaladiabetes.com\/magazine-diabetes\/wp-content\/uploads\/PAN-INTEGRAL-1-630x420.jpg 630w, https:\/\/www.solucionesparaladiabetes.com\/magazine-diabetes\/wp-content\/uploads\/PAN-INTEGRAL-1-1920x1280.jpg 1920w\" sizes=\"auto, (max-width: 2560px) 100vw, 2560px\" \/><\/p>\n<h2 data-start=\"2163\" data-end=\"2208\">Espelta y glucemia: lo que dicen los datos<\/h2>\n<p data-start=\"2210\" data-end=\"2385\">Una harina de espelta blanca se comporta de forma muy similar a una harina de trigo refinada en t\u00e9rminos de impacto gluc\u00e9mico. La clave no est\u00e1 en la espelta en s\u00ed, sino en:<\/p>\n<ul data-start=\"2386\" data-end=\"2531\">\n<li data-start=\"2386\" data-end=\"2417\">\n<p data-start=\"2388\" data-end=\"2417\">Si es <strong data-start=\"2394\" data-end=\"2417\">integral o refinada<\/strong><\/p>\n<\/li>\n<li data-start=\"2418\" data-end=\"2445\">\n<p data-start=\"2420\" data-end=\"2445\">La <strong data-start=\"2423\" data-end=\"2445\">cantidad consumida<\/strong><\/p>\n<\/li>\n<li data-start=\"2446\" data-end=\"2498\">\n<p data-start=\"2448\" data-end=\"2498\">El <strong data-start=\"2451\" data-end=\"2473\">contexto del plato<\/strong> (grasa, prote\u00edna, fibra)<\/p>\n<\/li>\n<li data-start=\"2499\" data-end=\"2531\">\n<p data-start=\"2501\" data-end=\"2531\">La <strong data-start=\"2504\" data-end=\"2520\">fermentaci\u00f3n<\/strong> de la masa<\/p>\n<\/li>\n<\/ul>\n<p data-start=\"2533\" data-end=\"2645\">Cuando hablamos de espelta integral bien trabajada, especialmente en fermentaciones largas, el escenario cambia.<\/p>\n<h2 data-start=\"2647\" data-end=\"2687\">\u00bfTiene un \u00edndice gluc\u00e9mico m\u00e1s bajo?<\/h2>\n<p data-start=\"2688\" data-end=\"2710\">En t\u00e9rminos generales:<\/p>\n<ul data-start=\"2711\" data-end=\"2825\">\n<li data-start=\"2711\" data-end=\"2746\">\n<p data-start=\"2713\" data-end=\"2746\"><strong>Espelta blanca:<\/strong> <strong data-start=\"2729\" data-end=\"2746\">IG medio-alto<\/strong><\/p>\n<\/li>\n<li data-start=\"2747\" data-end=\"2825\">\n<p data-start=\"2749\" data-end=\"2825\"><strong>Espelta integral:<\/strong> <strong data-start=\"2767\" data-end=\"2779\">IG medio<\/strong>, similar a un trigo integral de buena calidad<\/p>\n<\/li>\n<\/ul>\n<p data-start=\"2827\" data-end=\"2932\">No es un alimento \u201clibre\u201d para personas con diabetes, pero <strong data-start=\"2886\" data-end=\"2906\">s\u00ed puede encajar<\/strong> si se usa con estrategia.<\/p>\n<p data-start=\"2934\" data-end=\"2973\">Y aqu\u00ed entramos en el terreno pr\u00e1ctico.<\/p>\n<h2 data-start=\"2975\" data-end=\"3035\">Por qu\u00e9 la fermentaci\u00f3n importa (mucho m\u00e1s que la harina)<\/h2>\n<p data-start=\"3037\" data-end=\"3148\">Uno de los grandes errores al hablar de masas \u201csaludables\u201d es centrarse solo en la harina y olvidar el proceso.<\/p>\n<p data-start=\"3150\" data-end=\"3215\">Una <strong data-start=\"3154\" data-end=\"3214\">masa de pizza de espelta integral con fermentaci\u00f3n lenta<\/strong>:<\/p>\n<ul data-start=\"3216\" data-end=\"3389\">\n<li data-start=\"3216\" data-end=\"3250\">\n<p data-start=\"3218\" data-end=\"3250\">Reduce la carga gluc\u00e9mica final.<\/p>\n<\/li>\n<li data-start=\"3251\" data-end=\"3290\">\n<p data-start=\"3253\" data-end=\"3290\">Mejora la digestibilidad del almid\u00f3n.<\/p>\n<\/li>\n<li data-start=\"3291\" data-end=\"3326\">\n<p data-start=\"3293\" data-end=\"3326\">Aumenta la sensaci\u00f3n de saciedad.<\/p>\n<\/li>\n<li data-start=\"3327\" data-end=\"3389\">\n<p data-start=\"3329\" data-end=\"3389\">Evita picos bruscos de glucosa si se consume con moderaci\u00f3n.<\/p>\n<\/li>\n<\/ul>\n<p data-start=\"3391\" data-end=\"3503\">No es lo mismo una pizza r\u00e1pida, industrial o casera expr\u00e9s, que una masa reposada, hidratada y bien acompa\u00f1ada.<\/p>\n<h2 data-start=\"3505\" data-end=\"3548\">\u00bfTiene sentido usar espelta en diabetes?<\/h2>\n<p data-start=\"3549\" data-end=\"3577\">S\u00ed, <strong data-start=\"3553\" data-end=\"3576\">pero no por defecto<\/strong>.<\/p>\n<p data-start=\"3579\" data-end=\"3600\"><strong>Tiene sentido elegir pan de espelta cuando:<\/strong><\/p>\n<ul data-start=\"3601\" data-end=\"3829\">\n<li data-start=\"3601\" data-end=\"3650\">\n<p data-start=\"3603\" data-end=\"3650\">Se usa <strong data-start=\"3610\" data-end=\"3635\">espelta integral real<\/strong>, no \u201cmezclas\u201d.<\/p>\n<\/li>\n<li data-start=\"3651\" data-end=\"3679\">\n<p data-start=\"3653\" data-end=\"3679\">Se controla la raci\u00f3n.<\/p>\n<\/li>\n<li data-start=\"3680\" data-end=\"3736\">\n<p data-start=\"3682\" data-end=\"3736\">Se acompa\u00f1a de ingredientes ricos en prote\u00edna y fibra.<\/p>\n<\/li>\n<li data-start=\"3737\" data-end=\"3777\">\n<p data-start=\"3739\" data-end=\"3777\">Se prioriza la fermentaci\u00f3n lenta.<\/p>\n<\/li>\n<li data-start=\"3778\" data-end=\"3829\">\n<p data-start=\"3780\" data-end=\"3829\">Forma parte de un patr\u00f3n alimentario equilibrado.<\/p>\n<\/li>\n<\/ul>\n<p data-start=\"3831\" data-end=\"3855\"><strong>No tiene sentido consumir pan de espelta cuando:<\/strong><\/p>\n<ul data-start=\"3856\" data-end=\"3995\">\n<li data-start=\"3856\" data-end=\"3906\">\n<p data-start=\"3858\" data-end=\"3906\">Se asume que \u201ccomo es espelta, puedo comer m\u00e1s\u201d.<\/p>\n<\/li>\n<li data-start=\"3907\" data-end=\"3939\">\n<p data-start=\"3909\" data-end=\"3939\">Se usa en versiones refinadas.<\/p>\n<\/li>\n<li data-start=\"3940\" data-end=\"3995\">\n<p data-start=\"3942\" data-end=\"3995\">Se consume en exceso o de forma habitual, sin control.<\/p>\n<\/li>\n<\/ul>\n<p data-start=\"3997\" data-end=\"4035\">Dicho esto, vamos a la parte pr\u00e1ctica.<\/p>\n<h2 data-start=\"4042\" data-end=\"4115\">Masa de pizza de espelta integral (pensada para personas con diabetes)<\/h2>\n<p data-start=\"4117\" data-end=\"4316\">Esta receta no pretende competir con una pizza napolitana cl\u00e1sica.<br data-start=\"4183\" data-end=\"4186\" \/>La idea es otra: <strong data-start=\"4203\" data-end=\"4315\">una masa m\u00e1s saciante, con mejor respuesta gluc\u00e9mica y que permita disfrutar sin culpa ni picos innecesarios<\/strong>.<\/p>\n<p data-start=\"4117\" data-end=\"4316\"><img loading=\"lazy\" decoding=\"async\" class=\"alignnone wp-image-14652 size-full\" src=\"http:\/\/www.solucionesparaladiabetes.com\/magazine-diabetes\/wp-content\/uploads\/pizza-cortada-en-porciones-scaled.jpg\" alt=\"pizza sobre una tabla de cocina cortada en porciones y una mano que la est\u00e1 sirviendo\" width=\"2560\" height=\"1707\" srcset=\"https:\/\/www.solucionesparaladiabetes.com\/magazine-diabetes\/wp-content\/uploads\/pizza-cortada-en-porciones-scaled.jpg 2560w, https:\/\/www.solucionesparaladiabetes.com\/magazine-diabetes\/wp-content\/uploads\/pizza-cortada-en-porciones-300x200.jpg 300w, https:\/\/www.solucionesparaladiabetes.com\/magazine-diabetes\/wp-content\/uploads\/pizza-cortada-en-porciones-1024x683.jpg 1024w, https:\/\/www.solucionesparaladiabetes.com\/magazine-diabetes\/wp-content\/uploads\/pizza-cortada-en-porciones-768x512.jpg 768w, https:\/\/www.solucionesparaladiabetes.com\/magazine-diabetes\/wp-content\/uploads\/pizza-cortada-en-porciones-1536x1024.jpg 1536w, https:\/\/www.solucionesparaladiabetes.com\/magazine-diabetes\/wp-content\/uploads\/pizza-cortada-en-porciones-2048x1365.jpg 2048w, https:\/\/www.solucionesparaladiabetes.com\/magazine-diabetes\/wp-content\/uploads\/pizza-cortada-en-porciones-696x464.jpg 696w, https:\/\/www.solucionesparaladiabetes.com\/magazine-diabetes\/wp-content\/uploads\/pizza-cortada-en-porciones-1068x712.jpg 1068w, https:\/\/www.solucionesparaladiabetes.com\/magazine-diabetes\/wp-content\/uploads\/pizza-cortada-en-porciones-630x420.jpg 630w, https:\/\/www.solucionesparaladiabetes.com\/magazine-diabetes\/wp-content\/uploads\/pizza-cortada-en-porciones-1920x1280.jpg 1920w\" sizes=\"auto, (max-width: 2560px) 100vw, 2560px\" \/><\/p>\n<h3 data-start=\"4318\" data-end=\"4354\">Ingredientes (2 pizzas medianas)<\/h3>\n<ul data-start=\"4355\" data-end=\"4600\">\n<li data-start=\"4355\" data-end=\"4392\">\n<p data-start=\"4357\" data-end=\"4392\">300 g de harina de espelta integral<\/p>\n<\/li>\n<li data-start=\"4393\" data-end=\"4418\">\n<p data-start=\"4395\" data-end=\"4418\">180 ml de agua templada<\/p>\n<\/li>\n<li data-start=\"4419\" data-end=\"4454\">\n<p data-start=\"4421\" data-end=\"4454\">5 g de levadura seca de panader\u00eda<\/p>\n<\/li>\n<li data-start=\"4455\" data-end=\"4507\">\n<p data-start=\"4457\" data-end=\"4507\">1 cucharada sopera de aceite de oliva virgen extra<\/p>\n<\/li>\n<li data-start=\"4508\" data-end=\"4520\">\n<p data-start=\"4510\" data-end=\"4520\">6 g de sal<\/p>\n<\/li>\n<li data-start=\"4521\" data-end=\"4600\">\n<p data-start=\"4523\" data-end=\"4600\">Opcional: 1 cucharadita de vinagre de manzana (mejora la respuesta gluc\u00e9mica)<\/p>\n<\/li>\n<\/ul>\n<h3 data-start=\"4602\" data-end=\"4617\">Elaboraci\u00f3n<\/h3>\n<ol data-start=\"4618\" data-end=\"5120\">\n<li data-start=\"4618\" data-end=\"4687\">\n<p data-start=\"4621\" data-end=\"4687\">Disuelve la levadura en el agua templada y deja reposar 5 minutos.<\/p>\n<\/li>\n<li data-start=\"4688\" data-end=\"4737\">\n<p data-start=\"4691\" data-end=\"4737\">En un bol amplio, mezcla la harina con la sal.<\/p>\n<\/li>\n<li data-start=\"4738\" data-end=\"4792\">\n<p data-start=\"4741\" data-end=\"4792\">A\u00f1ade el agua con levadura, el aceite y el vinagre.<\/p>\n<\/li>\n<li data-start=\"4793\" data-end=\"4856\">\n<p data-start=\"4796\" data-end=\"4856\">Mezcla hasta integrar y deja reposar 10 minutos (aut\u00f3lisis).<\/p>\n<\/li>\n<li data-start=\"4857\" data-end=\"4937\">\n<p data-start=\"4860\" data-end=\"4937\">Amasa suavemente 5 -7 minutos. La masa ser\u00e1 algo m\u00e1s pegajosa que la de trigo.<\/p>\n<\/li>\n<li data-start=\"4938\" data-end=\"5008\">\n<p data-start=\"4941\" data-end=\"5008\">Forma una bola, tapa y deja fermentar <strong data-start=\"4979\" data-end=\"5007\">m\u00ednimo 8 horas en nevera<\/strong>.<\/p>\n<\/li>\n<li data-start=\"5009\" data-end=\"5046\">\n<p data-start=\"5012\" data-end=\"5046\">Saca la masa 1 hora antes de usar.<\/p>\n<\/li>\n<li data-start=\"5047\" data-end=\"5120\">\n<p data-start=\"5050\" data-end=\"5120\">Divide en dos, estira con cuidado y hornea con ingredientes adecuados.<\/p>\n<\/li>\n<\/ol>\n<h3 data-start=\"5122\" data-end=\"5139\">Consejo clave<\/h3>\n<p data-start=\"5140\" data-end=\"5193\">Elige toppings que <strong data-start=\"5159\" data-end=\"5192\">equilibren la carga gluc\u00e9mica<\/strong>:<\/p>\n<ul data-start=\"5194\" data-end=\"5343\">\n<li data-start=\"5194\" data-end=\"5211\">\n<p data-start=\"5196\" data-end=\"5211\">Verduras asadas<\/p>\n<\/li>\n<li data-start=\"5212\" data-end=\"5240\">\n<p data-start=\"5214\" data-end=\"5240\">Queso en cantidad moderada<\/p>\n<\/li>\n<li data-start=\"5241\" data-end=\"5275\">\n<p data-start=\"5243\" data-end=\"5275\">Prote\u00edna (pollo, pescado, huevo)<\/p>\n<\/li>\n<li data-start=\"5276\" data-end=\"5343\">\n<p data-start=\"5278\" data-end=\"5343\">Evita salsas azucaradas y exceso de masa fina con bordes gruesos.<\/p>\n<\/li>\n<\/ul>\n<h2 data-start=\"5350\" data-end=\"5420\">Composici\u00f3n nutricional estimada (por raci\u00f3n de masa, sin toppings)<\/h2>\n<p data-start=\"5422\" data-end=\"5557\">Energ\u00eda: 260 kcal<br data-start=\"5439\" data-end=\"5442\" \/>Hidratos de carbono: 42 g<br data-start=\"5467\" data-end=\"5470\" \/>Az\u00facares: 1,2 g<br data-start=\"5485\" data-end=\"5488\" \/>Prote\u00ednas: 9 g<br data-start=\"5502\" data-end=\"5505\" \/>Grasas: 6 g<br data-start=\"5516\" data-end=\"5519\" \/>Fibra diet\u00e9tica: 7 g<br data-start=\"5539\" data-end=\"5542\" \/>Sodio: 290 mg<\/p>\n<p data-start=\"5559\" data-end=\"5633\"><em data-start=\"5559\" data-end=\"5633\">Valores aproximados, pueden variar seg\u00fan marca de harina y tama\u00f1o final.<\/em><\/p>\n<h2 data-start=\"5640\" data-end=\"5660\">EN POCAS PALABRAS<\/h2>\n<blockquote>\n<p data-start=\"5662\" data-end=\"6004\">La harina de espelta no es un alimento milagro para la diabetes, pero <strong data-start=\"5732\" data-end=\"5757\">tampoco es un enemigo<\/strong>.<br data-start=\"5758\" data-end=\"5761\" \/>Usada en versi\u00f3n integral, con fermentaci\u00f3n lenta y en raciones razonables, puede formar parte de una alimentaci\u00f3n variada y realista.<br data-start=\"5895\" data-end=\"5898\" \/>La clave no est\u00e1 en sustituir trigo por espelta sin pensar, sino en <strong data-start=\"5966\" data-end=\"6003\">c\u00f3mo, cu\u00e1nto y con qu\u00e9 se consume<\/strong>.<\/p>\n<\/blockquote>\n<p data-start=\"6101\" data-end=\"6159\">\n","protected":false},"excerpt":{"rendered":"<p>Durante a\u00f1os, la harina de espelta ha sido presentada como una alternativa \u201cm\u00e1s saludable\u201d al trigo moderno. En redes y blogs aparece asociada a conceptos como natural, ancestral o mejor [&hellip;]<\/p>\n","protected":false},"author":19,"featured_media":14653,"comment_status":"closed","ping_status":"closed","sticky":false,"template":"","format":"standard","meta":{"_acf_changed":false,"_monsterinsights_skip_tracking":false,"_monsterinsights_sitenote_active":false,"_monsterinsights_sitenote_note":"","_monsterinsights_sitenote_category":0,"footnotes":""},"categories":[5,6,7],"tags":[135,175,1441,1514],"class_list":["post-14649","post","type-post","status-publish","format-standard","has-post-thumbnail","hentry","category-alimentacion","category-consejos-nutricionales","category-recetas-para-personas-con-diabetes","tag-alimentacion","tag-alimentos-integrales","tag-pan","tag-pizza"],"acf":[],"yoast_head":"<!-- This site is optimized with the Yoast SEO plugin v27.4 - https:\/\/yoast.com\/product\/yoast-seo-wordpress\/ -->\n<title>Harina de espelta: qu\u00e9 es, qu\u00e9 aporta y c\u00f3mo usarla si tienes diabetes - iMagazine - Soluciones para la Diabetes<\/title>\n<meta name=\"description\" content=\"Harina de espelta: qu\u00e9 es realmente, c\u00f3mo afecta a la glucemia y c\u00f3mo usarla con criterio en recetas como la masa de pizza integral.\" \/>\n<meta name=\"robots\" content=\"index, follow, max-snippet:-1, max-image-preview:large, max-video-preview:-1\" \/>\n<link rel=\"canonical\" href=\"https:\/\/www.solucionesparaladiabetes.com\/magazine-diabetes\/harina-de-espelta-que-es-que-aporta-y-como-usarla-si-tienes-diabetes\/\" \/>\n<meta property=\"og:locale\" content=\"es_ES\" \/>\n<meta property=\"og:type\" content=\"article\" \/>\n<meta property=\"og:title\" content=\"Harina de espelta: qu\u00e9 es, qu\u00e9 aporta y c\u00f3mo usarla si tienes diabetes - iMagazine - Soluciones para la Diabetes\" \/>\n<meta property=\"og:description\" content=\"Harina de espelta: qu\u00e9 es realmente, c\u00f3mo afecta a la glucemia y c\u00f3mo usarla con criterio en recetas como la masa de pizza integral.\" \/>\n<meta property=\"og:url\" content=\"https:\/\/www.solucionesparaladiabetes.com\/magazine-diabetes\/harina-de-espelta-que-es-que-aporta-y-como-usarla-si-tienes-diabetes\/\" \/>\n<meta property=\"og:site_name\" content=\"Soluciones para la Diabetes\" \/>\n<meta property=\"article:published_time\" content=\"2025-12-02T07:00:03+00:00\" \/>\n<meta property=\"article:modified_time\" content=\"2025-12-12T17:27:41+00:00\" \/>\n<meta property=\"og:image\" content=\"http:\/\/www.solucionesparaladiabetes.com\/magazine-diabetes\/wp-content\/uploads\/pexels-arina-krasnikova-5119837.jpg\" \/>\n\t<meta property=\"og:image:width\" content=\"640\" \/>\n\t<meta property=\"og:image:height\" content=\"427\" \/>\n\t<meta property=\"og:image:type\" content=\"image\/jpeg\" \/>\n<meta name=\"author\" content=\"Redacci\u00f3n Editorial\" \/>\n<meta name=\"twitter:card\" content=\"summary_large_image\" \/>\n<meta name=\"twitter:creator\" content=\"@soluciondiabete\" \/>\n<meta name=\"twitter:site\" content=\"@soluciondiabete\" \/>\n<meta name=\"twitter:label1\" content=\"Escrito por\" \/>\n\t<meta name=\"twitter:data1\" content=\"Redacci\u00f3n Editorial\" \/>\n\t<meta name=\"twitter:label2\" content=\"Tiempo de lectura\" \/>\n\t<meta name=\"twitter:data2\" content=\"5 minutos\" \/>\n<script type=\"application\/ld+json\" class=\"yoast-schema-graph\">{\"@context\":\"https:\\\/\\\/schema.org\",\"@graph\":[{\"@type\":\"Article\",\"@id\":\"https:\\\/\\\/www.solucionesparaladiabetes.com\\\/magazine-diabetes\\\/harina-de-espelta-que-es-que-aporta-y-como-usarla-si-tienes-diabetes\\\/#article\",\"isPartOf\":{\"@id\":\"https:\\\/\\\/www.solucionesparaladiabetes.com\\\/magazine-diabetes\\\/harina-de-espelta-que-es-que-aporta-y-como-usarla-si-tienes-diabetes\\\/\"},\"author\":{\"name\":\"Redacci\u00f3n Editorial\",\"@id\":\"https:\\\/\\\/www.solucionesparaladiabetes.com\\\/magazine-diabetes\\\/#\\\/schema\\\/person\\\/9d25dba87bbcd3627b3db1c9acfc9bd7\"},\"headline\":\"Harina de espelta: qu\u00e9 es, qu\u00e9 aporta y c\u00f3mo usarla si tienes diabetes\",\"datePublished\":\"2025-12-02T07:00:03+00:00\",\"dateModified\":\"2025-12-12T17:27:41+00:00\",\"mainEntityOfPage\":{\"@id\":\"https:\\\/\\\/www.solucionesparaladiabetes.com\\\/magazine-diabetes\\\/harina-de-espelta-que-es-que-aporta-y-como-usarla-si-tienes-diabetes\\\/\"},\"wordCount\":926,\"image\":{\"@id\":\"https:\\\/\\\/www.solucionesparaladiabetes.com\\\/magazine-diabetes\\\/harina-de-espelta-que-es-que-aporta-y-como-usarla-si-tienes-diabetes\\\/#primaryimage\"},\"thumbnailUrl\":\"https:\\\/\\\/www.solucionesparaladiabetes.com\\\/magazine-diabetes\\\/wp-content\\\/uploads\\\/pexels-arina-krasnikova-5119837.jpg\",\"keywords\":[\"Alimentaci\u00f3n\",\"Alimentos integrales\",\"Pan\",\"pizza\"],\"articleSection\":[\"Alimentaci\u00f3n\",\"Consejos nutricionales\",\"Recetas para personas con diabetes\"],\"inLanguage\":\"es\"},{\"@type\":\"WebPage\",\"@id\":\"https:\\\/\\\/www.solucionesparaladiabetes.com\\\/magazine-diabetes\\\/harina-de-espelta-que-es-que-aporta-y-como-usarla-si-tienes-diabetes\\\/\",\"url\":\"https:\\\/\\\/www.solucionesparaladiabetes.com\\\/magazine-diabetes\\\/harina-de-espelta-que-es-que-aporta-y-como-usarla-si-tienes-diabetes\\\/\",\"name\":\"Harina de espelta: qu\u00e9 es, qu\u00e9 aporta y c\u00f3mo usarla si tienes diabetes - iMagazine - Soluciones para la Diabetes\",\"isPartOf\":{\"@id\":\"https:\\\/\\\/www.solucionesparaladiabetes.com\\\/magazine-diabetes\\\/#website\"},\"primaryImageOfPage\":{\"@id\":\"https:\\\/\\\/www.solucionesparaladiabetes.com\\\/magazine-diabetes\\\/harina-de-espelta-que-es-que-aporta-y-como-usarla-si-tienes-diabetes\\\/#primaryimage\"},\"image\":{\"@id\":\"https:\\\/\\\/www.solucionesparaladiabetes.com\\\/magazine-diabetes\\\/harina-de-espelta-que-es-que-aporta-y-como-usarla-si-tienes-diabetes\\\/#primaryimage\"},\"thumbnailUrl\":\"https:\\\/\\\/www.solucionesparaladiabetes.com\\\/magazine-diabetes\\\/wp-content\\\/uploads\\\/pexels-arina-krasnikova-5119837.jpg\",\"datePublished\":\"2025-12-02T07:00:03+00:00\",\"dateModified\":\"2025-12-12T17:27:41+00:00\",\"author\":{\"@id\":\"https:\\\/\\\/www.solucionesparaladiabetes.com\\\/magazine-diabetes\\\/#\\\/schema\\\/person\\\/9d25dba87bbcd3627b3db1c9acfc9bd7\"},\"description\":\"Harina de espelta: qu\u00e9 es realmente, c\u00f3mo afecta a la glucemia y c\u00f3mo usarla con criterio en recetas como la masa de pizza integral.\",\"breadcrumb\":{\"@id\":\"https:\\\/\\\/www.solucionesparaladiabetes.com\\\/magazine-diabetes\\\/harina-de-espelta-que-es-que-aporta-y-como-usarla-si-tienes-diabetes\\\/#breadcrumb\"},\"inLanguage\":\"es\",\"potentialAction\":[{\"@type\":\"ReadAction\",\"target\":[\"https:\\\/\\\/www.solucionesparaladiabetes.com\\\/magazine-diabetes\\\/harina-de-espelta-que-es-que-aporta-y-como-usarla-si-tienes-diabetes\\\/\"]}]},{\"@type\":\"ImageObject\",\"inLanguage\":\"es\",\"@id\":\"https:\\\/\\\/www.solucionesparaladiabetes.com\\\/magazine-diabetes\\\/harina-de-espelta-que-es-que-aporta-y-como-usarla-si-tienes-diabetes\\\/#primaryimage\",\"url\":\"https:\\\/\\\/www.solucionesparaladiabetes.com\\\/magazine-diabetes\\\/wp-content\\\/uploads\\\/pexels-arina-krasnikova-5119837.jpg\",\"contentUrl\":\"https:\\\/\\\/www.solucionesparaladiabetes.com\\\/magazine-diabetes\\\/wp-content\\\/uploads\\\/pexels-arina-krasnikova-5119837.jpg\",\"width\":640,\"height\":427,\"caption\":\"ni\u00f1os en la cocina ayudando a amasar la harina\"},{\"@type\":\"BreadcrumbList\",\"@id\":\"https:\\\/\\\/www.solucionesparaladiabetes.com\\\/magazine-diabetes\\\/harina-de-espelta-que-es-que-aporta-y-como-usarla-si-tienes-diabetes\\\/#breadcrumb\",\"itemListElement\":[{\"@type\":\"ListItem\",\"position\":1,\"name\":\"Portada\",\"item\":\"https:\\\/\\\/www.solucionesparaladiabetes.com\\\/magazine-diabetes\\\/\"},{\"@type\":\"ListItem\",\"position\":2,\"name\":\"Harina de espelta: qu\u00e9 es, qu\u00e9 aporta y c\u00f3mo usarla si tienes diabetes\"}]},{\"@type\":\"WebSite\",\"@id\":\"https:\\\/\\\/www.solucionesparaladiabetes.com\\\/magazine-diabetes\\\/#website\",\"url\":\"https:\\\/\\\/www.solucionesparaladiabetes.com\\\/magazine-diabetes\\\/\",\"name\":\"Soluciones para la Diabetes\",\"description\":\"iMagazine\",\"potentialAction\":[{\"@type\":\"SearchAction\",\"target\":{\"@type\":\"EntryPoint\",\"urlTemplate\":\"https:\\\/\\\/www.solucionesparaladiabetes.com\\\/magazine-diabetes\\\/?s={search_term_string}\"},\"query-input\":{\"@type\":\"PropertyValueSpecification\",\"valueRequired\":true,\"valueName\":\"search_term_string\"}}],\"inLanguage\":\"es\"},{\"@type\":\"Person\",\"@id\":\"https:\\\/\\\/www.solucionesparaladiabetes.com\\\/magazine-diabetes\\\/#\\\/schema\\\/person\\\/9d25dba87bbcd3627b3db1c9acfc9bd7\",\"name\":\"Redacci\u00f3n Editorial\",\"image\":{\"@type\":\"ImageObject\",\"inLanguage\":\"es\",\"@id\":\"https:\\\/\\\/secure.gravatar.com\\\/avatar\\\/9a32759cfac6842eec272cac6814846d5d94168e8533a3088620732917ec742e?s=96&d=mm&r=g\",\"url\":\"https:\\\/\\\/secure.gravatar.com\\\/avatar\\\/9a32759cfac6842eec272cac6814846d5d94168e8533a3088620732917ec742e?s=96&d=mm&r=g\",\"contentUrl\":\"https:\\\/\\\/secure.gravatar.com\\\/avatar\\\/9a32759cfac6842eec272cac6814846d5d94168e8533a3088620732917ec742e?s=96&d=mm&r=g\",\"caption\":\"Redacci\u00f3n Editorial\"}}]}<\/script>\n<!-- \/ Yoast SEO plugin. -->","yoast_head_json":{"title":"Harina de espelta: qu\u00e9 es, qu\u00e9 aporta y c\u00f3mo usarla si tienes diabetes - iMagazine - Soluciones para la Diabetes","description":"Harina de espelta: qu\u00e9 es realmente, c\u00f3mo afecta a la glucemia y c\u00f3mo usarla con criterio en recetas como la masa de pizza integral.","robots":{"index":"index","follow":"follow","max-snippet":"max-snippet:-1","max-image-preview":"max-image-preview:large","max-video-preview":"max-video-preview:-1"},"canonical":"https:\/\/www.solucionesparaladiabetes.com\/magazine-diabetes\/harina-de-espelta-que-es-que-aporta-y-como-usarla-si-tienes-diabetes\/","og_locale":"es_ES","og_type":"article","og_title":"Harina de espelta: qu\u00e9 es, qu\u00e9 aporta y c\u00f3mo usarla si tienes diabetes - iMagazine - Soluciones para la Diabetes","og_description":"Harina de espelta: qu\u00e9 es realmente, c\u00f3mo afecta a la glucemia y c\u00f3mo usarla con criterio en recetas como la masa de pizza integral.","og_url":"https:\/\/www.solucionesparaladiabetes.com\/magazine-diabetes\/harina-de-espelta-que-es-que-aporta-y-como-usarla-si-tienes-diabetes\/","og_site_name":"Soluciones para la Diabetes","article_published_time":"2025-12-02T07:00:03+00:00","article_modified_time":"2025-12-12T17:27:41+00:00","og_image":[{"width":640,"height":427,"url":"http:\/\/www.solucionesparaladiabetes.com\/magazine-diabetes\/wp-content\/uploads\/pexels-arina-krasnikova-5119837.jpg","type":"image\/jpeg"}],"author":"Redacci\u00f3n Editorial","twitter_card":"summary_large_image","twitter_creator":"@soluciondiabete","twitter_site":"@soluciondiabete","twitter_misc":{"Escrito por":"Redacci\u00f3n Editorial","Tiempo de lectura":"5 minutos"},"schema":{"@context":"https:\/\/schema.org","@graph":[{"@type":"Article","@id":"https:\/\/www.solucionesparaladiabetes.com\/magazine-diabetes\/harina-de-espelta-que-es-que-aporta-y-como-usarla-si-tienes-diabetes\/#article","isPartOf":{"@id":"https:\/\/www.solucionesparaladiabetes.com\/magazine-diabetes\/harina-de-espelta-que-es-que-aporta-y-como-usarla-si-tienes-diabetes\/"},"author":{"name":"Redacci\u00f3n Editorial","@id":"https:\/\/www.solucionesparaladiabetes.com\/magazine-diabetes\/#\/schema\/person\/9d25dba87bbcd3627b3db1c9acfc9bd7"},"headline":"Harina de espelta: qu\u00e9 es, qu\u00e9 aporta y c\u00f3mo usarla si tienes diabetes","datePublished":"2025-12-02T07:00:03+00:00","dateModified":"2025-12-12T17:27:41+00:00","mainEntityOfPage":{"@id":"https:\/\/www.solucionesparaladiabetes.com\/magazine-diabetes\/harina-de-espelta-que-es-que-aporta-y-como-usarla-si-tienes-diabetes\/"},"wordCount":926,"image":{"@id":"https:\/\/www.solucionesparaladiabetes.com\/magazine-diabetes\/harina-de-espelta-que-es-que-aporta-y-como-usarla-si-tienes-diabetes\/#primaryimage"},"thumbnailUrl":"https:\/\/www.solucionesparaladiabetes.com\/magazine-diabetes\/wp-content\/uploads\/pexels-arina-krasnikova-5119837.jpg","keywords":["Alimentaci\u00f3n","Alimentos integrales","Pan","pizza"],"articleSection":["Alimentaci\u00f3n","Consejos nutricionales","Recetas para personas con diabetes"],"inLanguage":"es"},{"@type":"WebPage","@id":"https:\/\/www.solucionesparaladiabetes.com\/magazine-diabetes\/harina-de-espelta-que-es-que-aporta-y-como-usarla-si-tienes-diabetes\/","url":"https:\/\/www.solucionesparaladiabetes.com\/magazine-diabetes\/harina-de-espelta-que-es-que-aporta-y-como-usarla-si-tienes-diabetes\/","name":"Harina de espelta: qu\u00e9 es, qu\u00e9 aporta y c\u00f3mo usarla si tienes diabetes - iMagazine - Soluciones para la Diabetes","isPartOf":{"@id":"https:\/\/www.solucionesparaladiabetes.com\/magazine-diabetes\/#website"},"primaryImageOfPage":{"@id":"https:\/\/www.solucionesparaladiabetes.com\/magazine-diabetes\/harina-de-espelta-que-es-que-aporta-y-como-usarla-si-tienes-diabetes\/#primaryimage"},"image":{"@id":"https:\/\/www.solucionesparaladiabetes.com\/magazine-diabetes\/harina-de-espelta-que-es-que-aporta-y-como-usarla-si-tienes-diabetes\/#primaryimage"},"thumbnailUrl":"https:\/\/www.solucionesparaladiabetes.com\/magazine-diabetes\/wp-content\/uploads\/pexels-arina-krasnikova-5119837.jpg","datePublished":"2025-12-02T07:00:03+00:00","dateModified":"2025-12-12T17:27:41+00:00","author":{"@id":"https:\/\/www.solucionesparaladiabetes.com\/magazine-diabetes\/#\/schema\/person\/9d25dba87bbcd3627b3db1c9acfc9bd7"},"description":"Harina de espelta: qu\u00e9 es realmente, c\u00f3mo afecta a la glucemia y c\u00f3mo usarla con criterio en recetas como la masa de pizza integral.","breadcrumb":{"@id":"https:\/\/www.solucionesparaladiabetes.com\/magazine-diabetes\/harina-de-espelta-que-es-que-aporta-y-como-usarla-si-tienes-diabetes\/#breadcrumb"},"inLanguage":"es","potentialAction":[{"@type":"ReadAction","target":["https:\/\/www.solucionesparaladiabetes.com\/magazine-diabetes\/harina-de-espelta-que-es-que-aporta-y-como-usarla-si-tienes-diabetes\/"]}]},{"@type":"ImageObject","inLanguage":"es","@id":"https:\/\/www.solucionesparaladiabetes.com\/magazine-diabetes\/harina-de-espelta-que-es-que-aporta-y-como-usarla-si-tienes-diabetes\/#primaryimage","url":"https:\/\/www.solucionesparaladiabetes.com\/magazine-diabetes\/wp-content\/uploads\/pexels-arina-krasnikova-5119837.jpg","contentUrl":"https:\/\/www.solucionesparaladiabetes.com\/magazine-diabetes\/wp-content\/uploads\/pexels-arina-krasnikova-5119837.jpg","width":640,"height":427,"caption":"ni\u00f1os en la cocina ayudando a amasar la harina"},{"@type":"BreadcrumbList","@id":"https:\/\/www.solucionesparaladiabetes.com\/magazine-diabetes\/harina-de-espelta-que-es-que-aporta-y-como-usarla-si-tienes-diabetes\/#breadcrumb","itemListElement":[{"@type":"ListItem","position":1,"name":"Portada","item":"https:\/\/www.solucionesparaladiabetes.com\/magazine-diabetes\/"},{"@type":"ListItem","position":2,"name":"Harina de espelta: qu\u00e9 es, qu\u00e9 aporta y c\u00f3mo usarla si tienes diabetes"}]},{"@type":"WebSite","@id":"https:\/\/www.solucionesparaladiabetes.com\/magazine-diabetes\/#website","url":"https:\/\/www.solucionesparaladiabetes.com\/magazine-diabetes\/","name":"Soluciones para la Diabetes","description":"iMagazine","potentialAction":[{"@type":"SearchAction","target":{"@type":"EntryPoint","urlTemplate":"https:\/\/www.solucionesparaladiabetes.com\/magazine-diabetes\/?s={search_term_string}"},"query-input":{"@type":"PropertyValueSpecification","valueRequired":true,"valueName":"search_term_string"}}],"inLanguage":"es"},{"@type":"Person","@id":"https:\/\/www.solucionesparaladiabetes.com\/magazine-diabetes\/#\/schema\/person\/9d25dba87bbcd3627b3db1c9acfc9bd7","name":"Redacci\u00f3n Editorial","image":{"@type":"ImageObject","inLanguage":"es","@id":"https:\/\/secure.gravatar.com\/avatar\/9a32759cfac6842eec272cac6814846d5d94168e8533a3088620732917ec742e?s=96&d=mm&r=g","url":"https:\/\/secure.gravatar.com\/avatar\/9a32759cfac6842eec272cac6814846d5d94168e8533a3088620732917ec742e?s=96&d=mm&r=g","contentUrl":"https:\/\/secure.gravatar.com\/avatar\/9a32759cfac6842eec272cac6814846d5d94168e8533a3088620732917ec742e?s=96&d=mm&r=g","caption":"Redacci\u00f3n Editorial"}}]}},"_links":{"self":[{"href":"https:\/\/www.solucionesparaladiabetes.com\/magazine-diabetes\/wp-json\/wp\/v2\/posts\/14649","targetHints":{"allow":["GET"]}}],"collection":[{"href":"https:\/\/www.solucionesparaladiabetes.com\/magazine-diabetes\/wp-json\/wp\/v2\/posts"}],"about":[{"href":"https:\/\/www.solucionesparaladiabetes.com\/magazine-diabetes\/wp-json\/wp\/v2\/types\/post"}],"author":[{"embeddable":true,"href":"https:\/\/www.solucionesparaladiabetes.com\/magazine-diabetes\/wp-json\/wp\/v2\/users\/19"}],"replies":[{"embeddable":true,"href":"https:\/\/www.solucionesparaladiabetes.com\/magazine-diabetes\/wp-json\/wp\/v2\/comments?post=14649"}],"version-history":[{"count":1,"href":"https:\/\/www.solucionesparaladiabetes.com\/magazine-diabetes\/wp-json\/wp\/v2\/posts\/14649\/revisions"}],"predecessor-version":[{"id":14654,"href":"https:\/\/www.solucionesparaladiabetes.com\/magazine-diabetes\/wp-json\/wp\/v2\/posts\/14649\/revisions\/14654"}],"wp:featuredmedia":[{"embeddable":true,"href":"https:\/\/www.solucionesparaladiabetes.com\/magazine-diabetes\/wp-json\/wp\/v2\/media\/14653"}],"wp:attachment":[{"href":"https:\/\/www.solucionesparaladiabetes.com\/magazine-diabetes\/wp-json\/wp\/v2\/media?parent=14649"}],"wp:term":[{"taxonomy":"category","embeddable":true,"href":"https:\/\/www.solucionesparaladiabetes.com\/magazine-diabetes\/wp-json\/wp\/v2\/categories?post=14649"},{"taxonomy":"post_tag","embeddable":true,"href":"https:\/\/www.solucionesparaladiabetes.com\/magazine-diabetes\/wp-json\/wp\/v2\/tags?post=14649"}],"curies":[{"name":"wp","href":"https:\/\/api.w.org\/{rel}","templated":true}]}}