{"id":14419,"date":"2025-09-05T16:13:42","date_gmt":"2025-09-05T14:13:42","guid":{"rendered":"https:\/\/www.solucionesparaladiabetes.com\/magazine-diabetes\/?p=14419"},"modified":"2025-11-19T10:18:22","modified_gmt":"2025-11-19T09:18:22","slug":"continuamos-lo-que-no-sabias-sobre-la-diabetes-tipo-2-en-adultos","status":"publish","type":"post","link":"https:\/\/www.solucionesparaladiabetes.com\/magazine-diabetes\/continuamos-lo-que-no-sabias-sobre-la-diabetes-tipo-2-en-adultos\/","title":{"rendered":"Continuamos: lo que no sab\u00edas sobre la diabetes tipo 2 en adultos"},"content":{"rendered":"<blockquote><p>Esta vez seguimos desde ese diagn\u00f3stico que lleg\u00f3 \u201cde repente\u201d para explorar qu\u00e9 ocurre despu\u00e9s del primer impacto, cuando te dicen: \u201ctienes diabetes\u201d.<\/p><\/blockquote>\n<p><a href=\"https:\/\/www.solucionesparaladiabetes.com\/magazine-diabetes\/me-han-diagnosticado-diabetes-a-los-56-y-ahora-que\/\">En el art\u00edculo anterior te contaba la historia de una amiga a la que, con 56 a\u00f1os, le diagnosticaron diabetes tipo 2 casi por sorpresa<\/a>. Hablamos de ese primer impacto, de qu\u00e9 significa el diagn\u00f3stico y de c\u00f3mo dar los primeros pasos para cuidarse. Ahora quiero ir un poco m\u00e1s all\u00e1: responder a las preguntas m\u00e1s frecuentes que surgen despu\u00e9s, aportar cifras actuales sobre cu\u00e1ntos adultos viven con diabetes en Espa\u00f1a y en Europa, y aclarar dudas que muchos se plantean cuando escuchan por primera vez que son diab\u00e9ticos: \u201c\u00bfsoy diab\u00e9tico?, \u00bfc\u00f3mo empieza realmente?, \u00bfse nota siempre?, \u00bfy qu\u00e9 pasa si no me trato?\u201d.<\/p>\n<h2 data-start=\"1249\" data-end=\"1288\">\u00bfPor qu\u00e9 se llama Diabetes Mellitus? \u00bfQu\u00e9 significa ese nombre doble?<\/h2>\n<p><a href=\"https:\/\/www.solucionesparaladiabetes.com\/magazine-diabetes\/me-han-diagnosticado-diabetes-a-los-56-y-ahora-que\/\">Siguiendo con m\u00e1s cosas que posiblemente no conoc\u00edas, y que no contamos en el\u00a0 anterior post, <\/a>ahora siento que para darte m\u00e1s datos, y as\u00ed para comprender mejor la enfermedad, conviene viajar un poco atr\u00e1s en el tiempo y conocer su historia.<\/p>\n<p>La palabra diabetes fue utilizada ya en el siglo II d.C. por <a href=\"https:\/\/es.wikipedia.org\/wiki\/Areteo_de_Capadocia\">Areteo de Capadocia<\/a>, un m\u00e9dico griego que describi\u00f3 la enfermedad como una condici\u00f3n en la que \u201clos l\u00edquidos del cuerpo pasan a trav\u00e9s como por un sif\u00f3n\u201d. El t\u00e9rmino mellitus se a\u00f1adi\u00f3 mucho despu\u00e9s, en el siglo XVII, gracias al m\u00e9dico ingl\u00e9s <a href=\"https:\/\/es.wikipedia.org\/wiki\/Thomas_Willis\">Thomas Willis (1621-1675)<\/a>, que observ\u00f3 que la orina de los pacientes era dulce al gusto, debido al exceso de glucosa. De ah\u00ed naci\u00f3 el nombre completo: diabetes mellitus, que literalmente significa \u201c<em>orina dulce que pasa a trav\u00e9s del cuerpo\u201d.<\/em><\/p>\n<p>A lo largo de los siglos, diferentes m\u00e9dicos fueron aportando descripciones. Ya en la India antigua (alrededor del a\u00f1o 600 a.C.) los textos m\u00e9dicos del <a href=\"https:\/\/es.wikipedia.org\/wiki\/Susruta-samhita\">Sushruta Samhita<\/a> hablaban de una enfermedad en la que la orina atra\u00eda a las hormigas por su sabor azucarado.<\/p>\n<p>El diagn\u00f3stico m\u00e9dico moderno comenz\u00f3 a ser posible en el siglo XIX, cuando se desarrollaron pruebas qu\u00edmicas capaces de detectar la presencia de glucosa en la orina. Y no fue hasta principios del siglo XX cuando la ciencia logr\u00f3 medir la glucosa en sangre, abriendo el camino a un diagn\u00f3stico m\u00e1s preciso y a los primeros tratamientos efectivos.<\/p>\n<blockquote><p>Hoy sabemos c\u00f3mo aquellos m\u00e9dicos antiguos describ\u00edan la diabetes con intuici\u00f3n y observaci\u00f3n: como un trastorno metab\u00f3lico complejo, pero la ra\u00edz del t\u00e9rmino sigue record\u00e1ndonos sus primeras huellas en la historia de la medicina.<\/p><\/blockquote>\n<h2 data-start=\"1992\" data-end=\"2153\">El Atlas de la Diabetes<\/h2>\n<p data-start=\"120\" data-end=\"585\">El <strong data-start=\"123\" data-end=\"147\">Atlas de la Diabetes<\/strong> de la<a href=\"https:\/\/idf.org\/es\/\"> Federaci\u00f3n Internacional de Diabetes (FID)<\/a> es la principal fuente de referencia mundial sobre esta enfermedad. Se publica desde el a\u00f1o 2000 y se actualiza de manera peri\u00f3dica con la colaboraci\u00f3n de investigadores y especialistas de todo el mundo. En \u00e9l se recogen y analizan datos clave sobre la <strong data-start=\"450\" data-end=\"524\">prevalencia de la diabetes, las muertes asociadas y el gasto sanitario<\/strong> que genera, tanto a nivel global como regional y nacional.<\/p>\n<p data-start=\"587\" data-end=\"984\">M\u00e1s que un simple informe estad\u00edstico, <a href=\"https:\/\/diabetesatlas.org\/es\/\">el Atlas act\u00faa como un <strong data-start=\"649\" data-end=\"676\">bar\u00f3metro internacional<\/strong><\/a> que muestra la magnitud del problema y su evoluci\u00f3n en el tiempo. Su objetivo es alertar a gobiernos, profesionales sanitarios y sociedad en general sobre el <strong data-start=\"835\" data-end=\"871\">creciente impacto de la diabetes<\/strong> y la necesidad urgente de reforzar las pol\u00edticas de prevenci\u00f3n, diagn\u00f3stico y tratamiento en todos los pa\u00edses.<\/p>\n<h3 data-start=\"152\" data-end=\"220\">\u00bfCu\u00e1ntas personas en Espa\u00f1a tienen diabetes tipo 2 en la adultez?<\/h3>\n<p data-start=\"222\" data-end=\"375\">Si 589 millones de adultos (20-79 a\u00f1os) <a href=\"https:\/\/diabetesatlas.org\/es\/\">viven con diabetes en el mundo <\/a>(a fecha de agosto 2025. En Espa\u00f1a, s<span class=\"relative -mx-px my-[-0.2rem] rounded px-px py-[0.2rem] transition-colors duration-100 ease-in-out\">eg\u00fan la Federaci\u00f3n Internacional de Diabetes (IDF), en 2024 unas <strong data-start=\"66\" data-end=\"118\">4,6 millones de personas (adultos de 20\u201179 a\u00f1os)<\/strong> tienen diabetes en Espa\u00f1a, con una <a href=\"https:\/\/www.elsevier.es\/en-revista-endocrinologia-diabetes-nutricion-english-ed--413-articulo-prevalence-diabetes-mellitus-in-spain-S2530018021000160\"><strong data-start=\"154\" data-end=\"189\">prevalencia estimada del 9,7\u202f%<\/strong> de la poblaci\u00f3n adulta del pa\u00eds<\/a><\/span>. <span class=\"relative -mx-px my-[-0.2rem] rounded px-px py-[0.2rem] transition-colors duration-100 ease-in-out\">De hecho, se calcula que <a href=\"https:\/\/pmc.ncbi.nlm.nih.gov\/articles\/PMC10057052\">alrededor del <strong data-start=\"39\" data-end=\"87\" data-is-last-node=\"\">30\u202f% de los afectados est\u00e1n sin diagnosticar<\/strong><\/a><\/span><\/p>\n<p data-start=\"377\" data-end=\"530\"><span class=\"relative -mx-px my-[-0.2rem] rounded px-px py-[0.2rem] transition-colors duration-100 ease-in-out\">En comparaci\u00f3n con otros pa\u00edses europeos, <strong data-start=\"42\" data-end=\"119\">Espa\u00f1a ocupa el quinto lugar en n\u00famero absoluto de adultos diagnosticados<\/strong>, pero <a href=\"https:\/\/diabetesatlas.org\/data-by-location\/country\/spain\/\">est\u00e1 entre los que presentan mayor prevalencia.<\/a><\/span>\u00a0<span class=\"relative -mx-px my-[-0.2rem] rounded px-px py-[0.2rem] transition-colors duration-100 ease-in-out\">En un estudio anterior, la prevalencia diagnosticada al contrastar con la poblaci\u00f3n europea era del <strong data-start=\"100\" data-end=\"109\">6,7\u202f%<\/strong>, aunque datos actualizados la sit\u00faan mucho m\u00e1s alta.\u00a0<\/span><\/p>\n<figure id=\"attachment_14421\" aria-describedby=\"caption-attachment-14421\" style=\"width: 809px\" class=\"wp-caption alignnone\"><img loading=\"lazy\" decoding=\"async\" class=\"wp-image-14421 size-full\" src=\"http:\/\/www.solucionesparaladiabetes.com\/magazine-diabetes\/wp-content\/uploads\/prevalencia-diabetes-espana.jpg\" alt=\"prevalencia de la diabetes en Espa\u00f1a seg\u00fan el DIABETES ATLAS\" width=\"809\" height=\"442\" srcset=\"https:\/\/www.solucionesparaladiabetes.com\/magazine-diabetes\/wp-content\/uploads\/prevalencia-diabetes-espana.jpg 809w, https:\/\/www.solucionesparaladiabetes.com\/magazine-diabetes\/wp-content\/uploads\/prevalencia-diabetes-espana-300x164.jpg 300w, https:\/\/www.solucionesparaladiabetes.com\/magazine-diabetes\/wp-content\/uploads\/prevalencia-diabetes-espana-768x420.jpg 768w, https:\/\/www.solucionesparaladiabetes.com\/magazine-diabetes\/wp-content\/uploads\/prevalencia-diabetes-espana-696x380.jpg 696w, https:\/\/www.solucionesparaladiabetes.com\/magazine-diabetes\/wp-content\/uploads\/prevalencia-diabetes-espana-769x420.jpg 769w\" sizes=\"auto, (max-width: 809px) 100vw, 809px\" \/><figcaption id=\"caption-attachment-14421\" class=\"wp-caption-text\">https:\/\/diabetesatlas.org\/es\/<\/figcaption><\/figure>\n<h2 data-start=\"537\" data-end=\"571\">Otras preguntas frecuentes que t\u00fa tambi\u00e9n te podr\u00edas hacer sobre la Diabetes tipo 2<\/h2>\n<h3>\u00bfCu\u00e1ndo se considera que una persona adulta tiene diabetes?<\/h3>\n<p data-start=\"638\" data-end=\"679\"><span class=\"relative -mx-px my-[-0.2rem] rounded px-px py-[0.2rem] transition-colors duration-100 ease-in-out\">La Organizaci\u00f3n Mundial de la Salud establece estos criterios diagn\u00f3sticos:<\/span><\/p>\n<div class=\"_tableContainer_sk2ct_1\">\n<div class=\"_tableWrapper_sk2ct_13 group flex w-fit flex-col-reverse\" tabindex=\"-1\">\n<table class=\"w-fit min-w-(--thread-content-width)\" data-start=\"681\" data-end=\"1247\">\n<thead data-start=\"681\" data-end=\"731\">\n<tr data-start=\"681\" data-end=\"731\">\n<th data-start=\"681\" data-end=\"690\" data-col-size=\"sm\">Prueba<\/th>\n<th data-start=\"690\" data-end=\"705\" data-col-size=\"sm\">Valor normal<\/th>\n<th data-start=\"705\" data-end=\"719\" data-col-size=\"sm\">Prediabetes<\/th>\n<th data-start=\"719\" data-end=\"731\" data-col-size=\"sm\">Diabetes<\/th>\n<\/tr>\n<\/thead>\n<tbody data-start=\"782\" data-end=\"1247\">\n<tr data-start=\"782\" data-end=\"951\">\n<td data-start=\"782\" data-end=\"824\" data-col-size=\"sm\"><span class=\"relative -mx-px my-[-0.2rem] rounded px-px py-[0.2rem] transition-colors duration-100 ease-in-out\">Glucemia en ayunas<\/span><\/td>\n<td data-start=\"824\" data-end=\"866\" data-col-size=\"sm\"><span class=\"relative -mx-px my-[-0.2rem] rounded px-px py-[0.2rem] transition-colors duration-100 ease-in-out\">&lt;\u202f110\u202fmg\/dL<\/span><\/td>\n<td data-start=\"866\" data-end=\"908\" data-col-size=\"sm\"><span class=\"relative -mx-px my-[-0.2rem] rounded px-px py-[0.2rem] transition-colors duration-100 ease-in-out\">110\u2013125\u202fmg\/dL<\/span><\/td>\n<td data-start=\"908\" data-end=\"951\" data-col-size=\"sm\"><span class=\"relative -mx-px my-[-0.2rem] rounded px-px py-[0.2rem] transition-colors duration-100 ease-in-out\">\u2265\u202f126\u202fmg\/dL (en dos ocasiones)<\/span><\/td>\n<\/tr>\n<tr data-start=\"952\" data-end=\"1121\">\n<td data-start=\"952\" data-end=\"994\" data-col-size=\"sm\"><span class=\"relative -mx-px my-[-0.2rem] rounded px-px py-[0.2rem] transition-colors duration-100 ease-in-out\">Glucemia a las 2\u202fh tras sobrecarga<\/span><\/td>\n<td data-col-size=\"sm\" data-start=\"994\" data-end=\"1036\"><span class=\"relative -mx-px my-[-0.2rem] rounded px-px py-[0.2rem] transition-colors duration-100 ease-in-out\">&lt;\u202f140\u202fmg\/dL<\/span><\/td>\n<td data-col-size=\"sm\" data-start=\"1036\" data-end=\"1078\"><span class=\"relative -mx-px my-[-0.2rem] rounded px-px py-[0.2rem] transition-colors duration-100 ease-in-out\">140\u2013199\u202fmg\/dL<\/span><\/td>\n<td data-col-size=\"sm\" data-start=\"1078\" data-end=\"1121\"><span class=\"relative -mx-px my-[-0.2rem] rounded px-px py-[0.2rem] transition-colors duration-100 ease-in-out\">\u2265\u202f200\u202fmg\/dL<\/span><\/td>\n<\/tr>\n<tr data-start=\"1122\" data-end=\"1247\">\n<td data-start=\"1122\" data-end=\"1144\" data-col-size=\"sm\">HbA1c (glicosilada)<\/td>\n<td data-col-size=\"sm\" data-start=\"1144\" data-end=\"1154\">&lt; 6,0 %<\/td>\n<td data-col-size=\"sm\" data-start=\"1154\" data-end=\"1196\"><span class=\"relative -mx-px my-[-0.2rem] rounded px-px py-[0.2rem] transition-colors duration-100 ease-in-out\">6,0\u202f\u2013\u202f6,4\u202f%<\/span><\/td>\n<td data-col-size=\"sm\" data-start=\"1196\" data-end=\"1247\">\u2265 6,5 %<\/td>\n<\/tr>\n<\/tbody>\n<\/table>\n<\/div>\n<\/div>\n<p data-start=\"1249\" data-end=\"1288\"><span class=\"relative -mx-px my-[-0.2rem] rounded px-px py-[0.2rem] transition-colors duration-100 ease-in-out\">Se considera \u201cdiab\u00e9tica\u201d a una persona cuando cualquiera de estos marcadores supera el umbral, incluso sin s\u00edntomas, o si aparece junto a s\u00edntomas t\u00edpicos como sed, orinar mucho o visi\u00f3n borrosa.<\/span><\/p>\n<p data-start=\"1249\" data-end=\"1288\">Consulta tambi\u00e9n otros enlaces.<a href=\"https:\/\/es.wikipedia.org\/wiki\/Diabetes_mellitus_tipo_2\"> Wikipedia te da muchas referencias, <\/a>que puede completar con m\u00e1s conocimientos sobre la Diabetes.<\/p>\n<h3 data-start=\"1295\" data-end=\"1343\">\u00bfC\u00f3mo empieza la diabetes tipo 2 en adultos?<\/h3>\n<p data-start=\"1345\" data-end=\"1425\"><span class=\"relative -mx-px my-[-0.2rem] rounded px-px py-[0.2rem] transition-colors duration-100 ease-in-out\">La diabetes tipo\u202f2 se desarrolla de forma gradual. Se inicia con <strong data-start=\"65\" data-end=\"94\">resistencia a la insulina<\/strong>, lo que obliga al p\u00e1ncreas a producir m\u00e1s. Con el tiempo, esa sobrecarga puede llevar a que el p\u00e1ncreas ya no responda adecuadamente. En la fase inicial, la glucosa puede estar elevada sin que se manifiesten s\u00edntomas claros.\u00a0<\/span><\/p>\n<h3 data-start=\"1432\" data-end=\"1476\">\u00bfCu\u00e1ndo se dice \u201cque ya tengo diabetes\u201d?<\/h3>\n<p data-start=\"1478\" data-end=\"1558\"><span class=\"relative -mx-px my-[-0.2rem] rounded px-px py-[0.2rem] transition-colors duration-100 ease-in-out\">El diagn\u00f3stico formal llega cuando los an\u00e1lisis de sangre indican un valor elevado por encima de los l\u00edmites establecidos (ver tabla anterior) en al menos dos ocasiones, o inmediatamente si hay s\u00edntomas claros combinados con glucosa alta.<\/span><\/p>\n<h3 data-start=\"1565\" data-end=\"1639\">\u00bfPor qu\u00e9 tantas personas no lo saben hasta bien entrada la enfermedad?<\/h3>\n<p data-start=\"1641\" data-end=\"1761\"><span class=\"relative -mx-px my-[-0.2rem] rounded px-px py-[0.2rem] transition-colors duration-100 ease-in-out\">Porque en sus primeras fases, la hiperglucemia puede ser silenciosa. Se estima que en Espa\u00f1a cerca del <a href=\"https:\/\/www.sediabetes.org\/comunicacion\/sala-de-prensa\/espana-es-el-segundo-pais-con-mayor-prevalencia-de-diabetes-de-europa\/\"><strong data-start=\"103\" data-end=\"168\" data-is-last-node=\"\">30\u202f% de las personas con diabetes a\u00fan no est\u00e1n diagnosticadas,<\/strong><\/a><\/span> <span class=\"relative -mx-px my-[-0.2rem] rounded px-px py-[0.2rem] transition-colors duration-100 ease-in-out\">Esto subraya la importancia de hacerse an\u00e1lisis de manera regular, sobre todo si hay factores de riesgo como sobrepeso, sedentarismo o antecedentes familiares.<\/span><\/p>\n<h3 data-start=\"1768\" data-end=\"1831\">\u00bfLa diabetes tipo 2 se cura? \u00bfSe nota siempre con s\u00edntomas?<\/h3>\n<p data-start=\"1833\" data-end=\"1872\"><span class=\"relative -mx-px my-[-0.2rem] rounded px-px py-[0.2rem] transition-colors duration-100 ease-in-out\">La <strong data-start=\"3\" data-end=\"33\">diabetes tipo\u202f2 no se cura<\/strong>, pero se puede <strong data-start=\"49\" data-end=\"76\">controlar efectivamente<\/strong> con cambios en el estilo de vida, medicaci\u00f3n oral o insulina si fuera necesario. El objetivo es mantener la glucosa dentro de niveles seguros y prevenir complicaciones.<\/span><\/p>\n<p data-start=\"1874\" data-end=\"1954\"><span class=\"relative -mx-px my-[-0.2rem] rounded px-px py-[0.2rem] transition-colors duration-100 ease-in-out\">No siempre hay s\u00edntomas claros al inicio; muchas personas tienen la enfermedad descubierta por simple an\u00e1lisis de rutina. Cuando aparecen, suelen ser cansancio, sed, orinar mucho, visi\u00f3n borrosa o infecciones frecuentes<\/span><\/p>\n<h3 data-start=\"1874\" data-end=\"1954\">\u00bfQu\u00e9 pasa si no me trato la diabetes tipo 2?<\/h3>\n<p data-start=\"1992\" data-end=\"2153\"><span class=\"relative -mx-px my-[-0.2rem] rounded px-px py-[0.2rem] transition-colors duration-100 ease-in-out\">Si no se trata, la hiperglucemia sostenida puede causar da\u00f1os graves a distintos \u00f3rganos: ojos (retinopat\u00eda), ri\u00f1ones (nefropat\u00eda), pies (neuropat\u00eda y vasculopat\u00eda), coraz\u00f3n y vasos sangu\u00edneos (infarto, ictus), entre otros<\/span>. <span class=\"relative -mx-px my-[-0.2rem] rounded px-px py-[0.2rem] transition-colors duration-100 ease-in-out\">Adem\u00e1s, muchas personas con DM2 tambi\u00e9n tienen obesidad (cerca del <strong data-start=\"67\" data-end=\"75\">75\u202f%<\/strong>) o h\u00edgado graso, <a href=\"https:\/\/elpais.com\/sociedad\/2025-06-19\/los-vinculos-invisibles-entre-corazon-rinon-higado-y-pancreas.html\">factores que complican a\u00fan m\u00e1s el manejo de la diabetes.\u00a0<\/a><\/span><\/p>\n<h3 data-start=\"2160\" data-end=\"2170\">Resumen de algunos datos sobre la diabetes-2<\/h3>\n<ul data-start=\"2172\" data-end=\"2549\">\n<li data-start=\"2172\" data-end=\"2254\">\n<p data-start=\"2174\" data-end=\"2254\"><span class=\"relative -mx-px my-[-0.2rem] rounded px-px py-[0.2rem] transition-colors duration-100 ease-in-out\">En 2024, <strong data-start=\"9\" data-end=\"62\">5,1 millones de adultos en Espa\u00f1a tienen diabetes<\/strong>, con una prevalencia del <strong data-start=\"88\" data-end=\"99\">14,1\u202f\u202f%<\/strong>, y casi un tercio desconocen que la padecen<\/span> <a href=\"https:\/\/www.sediabetes.org\/comunicacion\/sala-de-prensa\/espana-es-el-segundo-pais-con-mayor-prevalencia-de-diabetes-de-europa\/\"><span class=\"\" data-state=\"closed\"><span class=\"ms-1 inline-flex max-w-full items-center relative top-[-0.094rem] animate-[show_150ms_ease-in]\" data-testid=\"webpage-citation-pill\"><span class=\"relative start-0 bottom-0 flex h-full w-full items-center\"><span class=\"flex h-4 w-full items-center justify-between overflow-hidden\"><span class=\"max-w-full grow truncate overflow-hidden text-center\">Sociedad Espa\u00f1ola de Diabetes<\/span><\/span><\/span><\/span><\/span>.<\/a><\/p>\n<\/li>\n<li data-start=\"2255\" data-end=\"2352\">\n<p data-start=\"2257\" data-end=\"2352\">El diagn\u00f3stico podr\u00e1 hacerse mediante an\u00e1lisis de glucemia e HbA1c seg\u00fan los valores oficiales.<\/p>\n<\/li>\n<li data-start=\"2353\" data-end=\"2496\">\n<p data-start=\"2355\" data-end=\"2496\">La enfermedad es silenciosa al principio, pero con un buen control (alimentaci\u00f3n, ejercicio, medicaci\u00f3n si hace falta) se puede manejar bien.<\/p>\n<\/li>\n<li data-start=\"2497\" data-end=\"2549\">\n<p data-start=\"2499\" data-end=\"2549\">Ignorarla puede dar lugar a complicaciones graves.<\/p>\n<\/li>\n<\/ul>\n<h3>Lectura de inter\u00e9s sobre la diabetes tipo 2<\/h3>\n<ul>\n<li><a href=\"https:\/\/elpais.com\/sociedad\/2025-06-19\/los-vinculos-invisibles-entre-corazon-rinon-higado-y-pancreas.html\">Los v\u00ednculos invisibles entre coraz\u00f3n, ri\u00f1\u00f3n, h\u00edgado y p\u00e1ncreas<\/a><\/li>\n<li><a href=\"https:\/\/www.mdpi.com\/2077-0383\/9\/5\/1546\">Concordancia entre las escalas de riesgo de diabetes tipo 2 en una poblaci\u00f3n cauc\u00e1sica: una revisi\u00f3n sistem\u00e1tica y un informe<\/a><\/li>\n<li><a href=\"https:\/\/www.sediabetes.org\/comunicacion\/sala-de-prensa\/espana-es-el-segundo-pais-con-mayor-prevalencia-de-diabetes-de-europa\">Espa\u00f1a es el segundo pa\u00eds con mayor prevalencia de diabetes de Europa<\/a><\/li>\n<li><a href=\"https:\/\/books.google.ca\/books?id=NctBmHUOV7AC&amp;pg=PA462\">Diabetes mellitus tipo 2: un enfoque basado en la evidencia para el manejo pr\u00e1ctico<\/a><\/li>\n<\/ul>\n","protected":false},"excerpt":{"rendered":"<p>Esta vez seguimos desde ese diagn\u00f3stico que lleg\u00f3 \u201cde repente\u201d para explorar qu\u00e9 ocurre despu\u00e9s del primer impacto, cuando te dicen: \u201ctienes diabetes\u201d. En el art\u00edculo anterior te contaba la [&hellip;]<\/p>\n","protected":false},"author":19,"featured_media":14420,"comment_status":"open","ping_status":"open","sticky":false,"template":"","format":"standard","meta":{"_acf_changed":false,"_monsterinsights_skip_tracking":false,"_monsterinsights_sitenote_active":false,"_monsterinsights_sitenote_note":"","_monsterinsights_sitenote_category":0,"footnotes":""},"categories":[89],"tags":[1377,1502],"class_list":["post-14419","post","type-post","status-publish","format-standard","has-post-thumbnail","hentry","category-consejos-diabetes-tipo-1-y-2","tag-diabetes-tipo-2","tag-historia-diabetes"],"acf":[],"yoast_head":"<!-- This site is optimized with the Yoast SEO plugin v27.4 - https:\/\/yoast.com\/product\/yoast-seo-wordpress\/ -->\n<title>Continuamos: lo que no sab\u00edas sobre la diabetes tipo 2 en adultos - iMagazine - Soluciones para la Diabetes<\/title>\n<meta name=\"description\" content=\"Datos claves de diabetes tipo 2 en adultos: prevalencia en Espa\u00f1a y Europa, s\u00edntomas iniciales, criterios de diagn\u00f3stico y respuestas\" \/>\n<meta name=\"robots\" content=\"index, follow, max-snippet:-1, max-image-preview:large, max-video-preview:-1\" \/>\n<link rel=\"canonical\" href=\"https:\/\/www.solucionesparaladiabetes.com\/magazine-diabetes\/continuamos-lo-que-no-sabias-sobre-la-diabetes-tipo-2-en-adultos\/\" \/>\n<meta property=\"og:locale\" content=\"es_ES\" \/>\n<meta property=\"og:type\" content=\"article\" \/>\n<meta property=\"og:title\" content=\"Continuamos: lo que no sab\u00edas sobre la diabetes tipo 2 en adultos - iMagazine - Soluciones para la Diabetes\" \/>\n<meta property=\"og:description\" content=\"Datos claves de diabetes tipo 2 en adultos: prevalencia en Espa\u00f1a y Europa, s\u00edntomas iniciales, criterios de diagn\u00f3stico y respuestas\" \/>\n<meta property=\"og:url\" content=\"https:\/\/www.solucionesparaladiabetes.com\/magazine-diabetes\/continuamos-lo-que-no-sabias-sobre-la-diabetes-tipo-2-en-adultos\/\" \/>\n<meta property=\"og:site_name\" content=\"Soluciones para la Diabetes\" \/>\n<meta property=\"article:published_time\" content=\"2025-09-05T14:13:42+00:00\" \/>\n<meta property=\"article:modified_time\" content=\"2025-11-19T09:18:22+00:00\" \/>\n<meta property=\"og:image\" content=\"http:\/\/www.solucionesparaladiabetes.com\/magazine-diabetes\/wp-content\/uploads\/Libros-nombres-descubridores-diabetes.webp\" \/>\n\t<meta property=\"og:image:width\" content=\"1536\" \/>\n\t<meta property=\"og:image:height\" content=\"1024\" \/>\n\t<meta property=\"og:image:type\" content=\"image\/webp\" \/>\n<meta name=\"author\" content=\"Redacci\u00f3n Editorial\" \/>\n<meta name=\"twitter:card\" content=\"summary_large_image\" \/>\n<meta name=\"twitter:creator\" content=\"@soluciondiabete\" \/>\n<meta name=\"twitter:site\" content=\"@soluciondiabete\" \/>\n<meta name=\"twitter:label1\" content=\"Escrito por\" \/>\n\t<meta name=\"twitter:data1\" content=\"Redacci\u00f3n Editorial\" \/>\n\t<meta name=\"twitter:label2\" content=\"Tiempo de lectura\" \/>\n\t<meta name=\"twitter:data2\" content=\"6 minutos\" \/>\n<script type=\"application\/ld+json\" class=\"yoast-schema-graph\">{\"@context\":\"https:\\\/\\\/schema.org\",\"@graph\":[{\"@type\":\"Article\",\"@id\":\"https:\\\/\\\/www.solucionesparaladiabetes.com\\\/magazine-diabetes\\\/continuamos-lo-que-no-sabias-sobre-la-diabetes-tipo-2-en-adultos\\\/#article\",\"isPartOf\":{\"@id\":\"https:\\\/\\\/www.solucionesparaladiabetes.com\\\/magazine-diabetes\\\/continuamos-lo-que-no-sabias-sobre-la-diabetes-tipo-2-en-adultos\\\/\"},\"author\":{\"name\":\"Redacci\u00f3n Editorial\",\"@id\":\"https:\\\/\\\/www.solucionesparaladiabetes.com\\\/magazine-diabetes\\\/#\\\/schema\\\/person\\\/9d25dba87bbcd3627b3db1c9acfc9bd7\"},\"headline\":\"Continuamos: lo que no sab\u00edas sobre la diabetes tipo 2 en adultos\",\"datePublished\":\"2025-09-05T14:13:42+00:00\",\"dateModified\":\"2025-11-19T09:18:22+00:00\",\"mainEntityOfPage\":{\"@id\":\"https:\\\/\\\/www.solucionesparaladiabetes.com\\\/magazine-diabetes\\\/continuamos-lo-que-no-sabias-sobre-la-diabetes-tipo-2-en-adultos\\\/\"},\"wordCount\":1389,\"commentCount\":0,\"image\":{\"@id\":\"https:\\\/\\\/www.solucionesparaladiabetes.com\\\/magazine-diabetes\\\/continuamos-lo-que-no-sabias-sobre-la-diabetes-tipo-2-en-adultos\\\/#primaryimage\"},\"thumbnailUrl\":\"https:\\\/\\\/www.solucionesparaladiabetes.com\\\/magazine-diabetes\\\/wp-content\\\/uploads\\\/Libros-nombres-descubridores-diabetes.webp\",\"keywords\":[\"Diabetes tipo 2\",\"historia diabetes\"],\"articleSection\":[\"Informaci\u00f3n general de la DIABETES\"],\"inLanguage\":\"es\",\"potentialAction\":[{\"@type\":\"CommentAction\",\"name\":\"Comment\",\"target\":[\"https:\\\/\\\/www.solucionesparaladiabetes.com\\\/magazine-diabetes\\\/continuamos-lo-que-no-sabias-sobre-la-diabetes-tipo-2-en-adultos\\\/#respond\"]}]},{\"@type\":\"WebPage\",\"@id\":\"https:\\\/\\\/www.solucionesparaladiabetes.com\\\/magazine-diabetes\\\/continuamos-lo-que-no-sabias-sobre-la-diabetes-tipo-2-en-adultos\\\/\",\"url\":\"https:\\\/\\\/www.solucionesparaladiabetes.com\\\/magazine-diabetes\\\/continuamos-lo-que-no-sabias-sobre-la-diabetes-tipo-2-en-adultos\\\/\",\"name\":\"Continuamos: lo que no sab\u00edas sobre la diabetes tipo 2 en adultos - iMagazine - Soluciones para la Diabetes\",\"isPartOf\":{\"@id\":\"https:\\\/\\\/www.solucionesparaladiabetes.com\\\/magazine-diabetes\\\/#website\"},\"primaryImageOfPage\":{\"@id\":\"https:\\\/\\\/www.solucionesparaladiabetes.com\\\/magazine-diabetes\\\/continuamos-lo-que-no-sabias-sobre-la-diabetes-tipo-2-en-adultos\\\/#primaryimage\"},\"image\":{\"@id\":\"https:\\\/\\\/www.solucionesparaladiabetes.com\\\/magazine-diabetes\\\/continuamos-lo-que-no-sabias-sobre-la-diabetes-tipo-2-en-adultos\\\/#primaryimage\"},\"thumbnailUrl\":\"https:\\\/\\\/www.solucionesparaladiabetes.com\\\/magazine-diabetes\\\/wp-content\\\/uploads\\\/Libros-nombres-descubridores-diabetes.webp\",\"datePublished\":\"2025-09-05T14:13:42+00:00\",\"dateModified\":\"2025-11-19T09:18:22+00:00\",\"author\":{\"@id\":\"https:\\\/\\\/www.solucionesparaladiabetes.com\\\/magazine-diabetes\\\/#\\\/schema\\\/person\\\/9d25dba87bbcd3627b3db1c9acfc9bd7\"},\"description\":\"Datos claves de diabetes tipo 2 en adultos: prevalencia en Espa\u00f1a y Europa, s\u00edntomas iniciales, criterios de diagn\u00f3stico y respuestas\",\"breadcrumb\":{\"@id\":\"https:\\\/\\\/www.solucionesparaladiabetes.com\\\/magazine-diabetes\\\/continuamos-lo-que-no-sabias-sobre-la-diabetes-tipo-2-en-adultos\\\/#breadcrumb\"},\"inLanguage\":\"es\",\"potentialAction\":[{\"@type\":\"ReadAction\",\"target\":[\"https:\\\/\\\/www.solucionesparaladiabetes.com\\\/magazine-diabetes\\\/continuamos-lo-que-no-sabias-sobre-la-diabetes-tipo-2-en-adultos\\\/\"]}]},{\"@type\":\"ImageObject\",\"inLanguage\":\"es\",\"@id\":\"https:\\\/\\\/www.solucionesparaladiabetes.com\\\/magazine-diabetes\\\/continuamos-lo-que-no-sabias-sobre-la-diabetes-tipo-2-en-adultos\\\/#primaryimage\",\"url\":\"https:\\\/\\\/www.solucionesparaladiabetes.com\\\/magazine-diabetes\\\/wp-content\\\/uploads\\\/Libros-nombres-descubridores-diabetes.webp\",\"contentUrl\":\"https:\\\/\\\/www.solucionesparaladiabetes.com\\\/magazine-diabetes\\\/wp-content\\\/uploads\\\/Libros-nombres-descubridores-diabetes.webp\",\"width\":1536,\"height\":1024,\"caption\":\"libreria donde se ve una mano extrayendo libros con el nombre en el lomo de los descubridores de la diabetes.\"},{\"@type\":\"BreadcrumbList\",\"@id\":\"https:\\\/\\\/www.solucionesparaladiabetes.com\\\/magazine-diabetes\\\/continuamos-lo-que-no-sabias-sobre-la-diabetes-tipo-2-en-adultos\\\/#breadcrumb\",\"itemListElement\":[{\"@type\":\"ListItem\",\"position\":1,\"name\":\"Portada\",\"item\":\"https:\\\/\\\/www.solucionesparaladiabetes.com\\\/magazine-diabetes\\\/\"},{\"@type\":\"ListItem\",\"position\":2,\"name\":\"Continuamos: lo que no sab\u00edas sobre la diabetes tipo 2 en adultos\"}]},{\"@type\":\"WebSite\",\"@id\":\"https:\\\/\\\/www.solucionesparaladiabetes.com\\\/magazine-diabetes\\\/#website\",\"url\":\"https:\\\/\\\/www.solucionesparaladiabetes.com\\\/magazine-diabetes\\\/\",\"name\":\"Soluciones para la Diabetes\",\"description\":\"iMagazine\",\"potentialAction\":[{\"@type\":\"SearchAction\",\"target\":{\"@type\":\"EntryPoint\",\"urlTemplate\":\"https:\\\/\\\/www.solucionesparaladiabetes.com\\\/magazine-diabetes\\\/?s={search_term_string}\"},\"query-input\":{\"@type\":\"PropertyValueSpecification\",\"valueRequired\":true,\"valueName\":\"search_term_string\"}}],\"inLanguage\":\"es\"},{\"@type\":\"Person\",\"@id\":\"https:\\\/\\\/www.solucionesparaladiabetes.com\\\/magazine-diabetes\\\/#\\\/schema\\\/person\\\/9d25dba87bbcd3627b3db1c9acfc9bd7\",\"name\":\"Redacci\u00f3n Editorial\",\"image\":{\"@type\":\"ImageObject\",\"inLanguage\":\"es\",\"@id\":\"https:\\\/\\\/secure.gravatar.com\\\/avatar\\\/9a32759cfac6842eec272cac6814846d5d94168e8533a3088620732917ec742e?s=96&d=mm&r=g\",\"url\":\"https:\\\/\\\/secure.gravatar.com\\\/avatar\\\/9a32759cfac6842eec272cac6814846d5d94168e8533a3088620732917ec742e?s=96&d=mm&r=g\",\"contentUrl\":\"https:\\\/\\\/secure.gravatar.com\\\/avatar\\\/9a32759cfac6842eec272cac6814846d5d94168e8533a3088620732917ec742e?s=96&d=mm&r=g\",\"caption\":\"Redacci\u00f3n Editorial\"}}]}<\/script>\n<!-- \/ Yoast SEO plugin. -->","yoast_head_json":{"title":"Continuamos: lo que no sab\u00edas sobre la diabetes tipo 2 en adultos - iMagazine - Soluciones para la Diabetes","description":"Datos claves de diabetes tipo 2 en adultos: prevalencia en Espa\u00f1a y Europa, s\u00edntomas iniciales, criterios de diagn\u00f3stico y respuestas","robots":{"index":"index","follow":"follow","max-snippet":"max-snippet:-1","max-image-preview":"max-image-preview:large","max-video-preview":"max-video-preview:-1"},"canonical":"https:\/\/www.solucionesparaladiabetes.com\/magazine-diabetes\/continuamos-lo-que-no-sabias-sobre-la-diabetes-tipo-2-en-adultos\/","og_locale":"es_ES","og_type":"article","og_title":"Continuamos: lo que no sab\u00edas sobre la diabetes tipo 2 en adultos - iMagazine - Soluciones para la Diabetes","og_description":"Datos claves de diabetes tipo 2 en adultos: prevalencia en Espa\u00f1a y Europa, s\u00edntomas iniciales, criterios de diagn\u00f3stico y respuestas","og_url":"https:\/\/www.solucionesparaladiabetes.com\/magazine-diabetes\/continuamos-lo-que-no-sabias-sobre-la-diabetes-tipo-2-en-adultos\/","og_site_name":"Soluciones para la Diabetes","article_published_time":"2025-09-05T14:13:42+00:00","article_modified_time":"2025-11-19T09:18:22+00:00","og_image":[{"width":1536,"height":1024,"url":"http:\/\/www.solucionesparaladiabetes.com\/magazine-diabetes\/wp-content\/uploads\/Libros-nombres-descubridores-diabetes.webp","type":"image\/webp"}],"author":"Redacci\u00f3n Editorial","twitter_card":"summary_large_image","twitter_creator":"@soluciondiabete","twitter_site":"@soluciondiabete","twitter_misc":{"Escrito por":"Redacci\u00f3n Editorial","Tiempo de lectura":"6 minutos"},"schema":{"@context":"https:\/\/schema.org","@graph":[{"@type":"Article","@id":"https:\/\/www.solucionesparaladiabetes.com\/magazine-diabetes\/continuamos-lo-que-no-sabias-sobre-la-diabetes-tipo-2-en-adultos\/#article","isPartOf":{"@id":"https:\/\/www.solucionesparaladiabetes.com\/magazine-diabetes\/continuamos-lo-que-no-sabias-sobre-la-diabetes-tipo-2-en-adultos\/"},"author":{"name":"Redacci\u00f3n Editorial","@id":"https:\/\/www.solucionesparaladiabetes.com\/magazine-diabetes\/#\/schema\/person\/9d25dba87bbcd3627b3db1c9acfc9bd7"},"headline":"Continuamos: lo que no sab\u00edas sobre la diabetes tipo 2 en adultos","datePublished":"2025-09-05T14:13:42+00:00","dateModified":"2025-11-19T09:18:22+00:00","mainEntityOfPage":{"@id":"https:\/\/www.solucionesparaladiabetes.com\/magazine-diabetes\/continuamos-lo-que-no-sabias-sobre-la-diabetes-tipo-2-en-adultos\/"},"wordCount":1389,"commentCount":0,"image":{"@id":"https:\/\/www.solucionesparaladiabetes.com\/magazine-diabetes\/continuamos-lo-que-no-sabias-sobre-la-diabetes-tipo-2-en-adultos\/#primaryimage"},"thumbnailUrl":"https:\/\/www.solucionesparaladiabetes.com\/magazine-diabetes\/wp-content\/uploads\/Libros-nombres-descubridores-diabetes.webp","keywords":["Diabetes tipo 2","historia diabetes"],"articleSection":["Informaci\u00f3n general de la DIABETES"],"inLanguage":"es","potentialAction":[{"@type":"CommentAction","name":"Comment","target":["https:\/\/www.solucionesparaladiabetes.com\/magazine-diabetes\/continuamos-lo-que-no-sabias-sobre-la-diabetes-tipo-2-en-adultos\/#respond"]}]},{"@type":"WebPage","@id":"https:\/\/www.solucionesparaladiabetes.com\/magazine-diabetes\/continuamos-lo-que-no-sabias-sobre-la-diabetes-tipo-2-en-adultos\/","url":"https:\/\/www.solucionesparaladiabetes.com\/magazine-diabetes\/continuamos-lo-que-no-sabias-sobre-la-diabetes-tipo-2-en-adultos\/","name":"Continuamos: lo que no sab\u00edas sobre la diabetes tipo 2 en adultos - iMagazine - Soluciones para la Diabetes","isPartOf":{"@id":"https:\/\/www.solucionesparaladiabetes.com\/magazine-diabetes\/#website"},"primaryImageOfPage":{"@id":"https:\/\/www.solucionesparaladiabetes.com\/magazine-diabetes\/continuamos-lo-que-no-sabias-sobre-la-diabetes-tipo-2-en-adultos\/#primaryimage"},"image":{"@id":"https:\/\/www.solucionesparaladiabetes.com\/magazine-diabetes\/continuamos-lo-que-no-sabias-sobre-la-diabetes-tipo-2-en-adultos\/#primaryimage"},"thumbnailUrl":"https:\/\/www.solucionesparaladiabetes.com\/magazine-diabetes\/wp-content\/uploads\/Libros-nombres-descubridores-diabetes.webp","datePublished":"2025-09-05T14:13:42+00:00","dateModified":"2025-11-19T09:18:22+00:00","author":{"@id":"https:\/\/www.solucionesparaladiabetes.com\/magazine-diabetes\/#\/schema\/person\/9d25dba87bbcd3627b3db1c9acfc9bd7"},"description":"Datos claves de diabetes tipo 2 en adultos: prevalencia en Espa\u00f1a y Europa, s\u00edntomas iniciales, criterios de diagn\u00f3stico y respuestas","breadcrumb":{"@id":"https:\/\/www.solucionesparaladiabetes.com\/magazine-diabetes\/continuamos-lo-que-no-sabias-sobre-la-diabetes-tipo-2-en-adultos\/#breadcrumb"},"inLanguage":"es","potentialAction":[{"@type":"ReadAction","target":["https:\/\/www.solucionesparaladiabetes.com\/magazine-diabetes\/continuamos-lo-que-no-sabias-sobre-la-diabetes-tipo-2-en-adultos\/"]}]},{"@type":"ImageObject","inLanguage":"es","@id":"https:\/\/www.solucionesparaladiabetes.com\/magazine-diabetes\/continuamos-lo-que-no-sabias-sobre-la-diabetes-tipo-2-en-adultos\/#primaryimage","url":"https:\/\/www.solucionesparaladiabetes.com\/magazine-diabetes\/wp-content\/uploads\/Libros-nombres-descubridores-diabetes.webp","contentUrl":"https:\/\/www.solucionesparaladiabetes.com\/magazine-diabetes\/wp-content\/uploads\/Libros-nombres-descubridores-diabetes.webp","width":1536,"height":1024,"caption":"libreria donde se ve una mano extrayendo libros con el nombre en el lomo de los descubridores de la diabetes."},{"@type":"BreadcrumbList","@id":"https:\/\/www.solucionesparaladiabetes.com\/magazine-diabetes\/continuamos-lo-que-no-sabias-sobre-la-diabetes-tipo-2-en-adultos\/#breadcrumb","itemListElement":[{"@type":"ListItem","position":1,"name":"Portada","item":"https:\/\/www.solucionesparaladiabetes.com\/magazine-diabetes\/"},{"@type":"ListItem","position":2,"name":"Continuamos: lo que no sab\u00edas sobre la diabetes tipo 2 en adultos"}]},{"@type":"WebSite","@id":"https:\/\/www.solucionesparaladiabetes.com\/magazine-diabetes\/#website","url":"https:\/\/www.solucionesparaladiabetes.com\/magazine-diabetes\/","name":"Soluciones para la Diabetes","description":"iMagazine","potentialAction":[{"@type":"SearchAction","target":{"@type":"EntryPoint","urlTemplate":"https:\/\/www.solucionesparaladiabetes.com\/magazine-diabetes\/?s={search_term_string}"},"query-input":{"@type":"PropertyValueSpecification","valueRequired":true,"valueName":"search_term_string"}}],"inLanguage":"es"},{"@type":"Person","@id":"https:\/\/www.solucionesparaladiabetes.com\/magazine-diabetes\/#\/schema\/person\/9d25dba87bbcd3627b3db1c9acfc9bd7","name":"Redacci\u00f3n Editorial","image":{"@type":"ImageObject","inLanguage":"es","@id":"https:\/\/secure.gravatar.com\/avatar\/9a32759cfac6842eec272cac6814846d5d94168e8533a3088620732917ec742e?s=96&d=mm&r=g","url":"https:\/\/secure.gravatar.com\/avatar\/9a32759cfac6842eec272cac6814846d5d94168e8533a3088620732917ec742e?s=96&d=mm&r=g","contentUrl":"https:\/\/secure.gravatar.com\/avatar\/9a32759cfac6842eec272cac6814846d5d94168e8533a3088620732917ec742e?s=96&d=mm&r=g","caption":"Redacci\u00f3n Editorial"}}]}},"_links":{"self":[{"href":"https:\/\/www.solucionesparaladiabetes.com\/magazine-diabetes\/wp-json\/wp\/v2\/posts\/14419","targetHints":{"allow":["GET"]}}],"collection":[{"href":"https:\/\/www.solucionesparaladiabetes.com\/magazine-diabetes\/wp-json\/wp\/v2\/posts"}],"about":[{"href":"https:\/\/www.solucionesparaladiabetes.com\/magazine-diabetes\/wp-json\/wp\/v2\/types\/post"}],"author":[{"embeddable":true,"href":"https:\/\/www.solucionesparaladiabetes.com\/magazine-diabetes\/wp-json\/wp\/v2\/users\/19"}],"replies":[{"embeddable":true,"href":"https:\/\/www.solucionesparaladiabetes.com\/magazine-diabetes\/wp-json\/wp\/v2\/comments?post=14419"}],"version-history":[{"count":7,"href":"https:\/\/www.solucionesparaladiabetes.com\/magazine-diabetes\/wp-json\/wp\/v2\/posts\/14419\/revisions"}],"predecessor-version":[{"id":14589,"href":"https:\/\/www.solucionesparaladiabetes.com\/magazine-diabetes\/wp-json\/wp\/v2\/posts\/14419\/revisions\/14589"}],"wp:featuredmedia":[{"embeddable":true,"href":"https:\/\/www.solucionesparaladiabetes.com\/magazine-diabetes\/wp-json\/wp\/v2\/media\/14420"}],"wp:attachment":[{"href":"https:\/\/www.solucionesparaladiabetes.com\/magazine-diabetes\/wp-json\/wp\/v2\/media?parent=14419"}],"wp:term":[{"taxonomy":"category","embeddable":true,"href":"https:\/\/www.solucionesparaladiabetes.com\/magazine-diabetes\/wp-json\/wp\/v2\/categories?post=14419"},{"taxonomy":"post_tag","embeddable":true,"href":"https:\/\/www.solucionesparaladiabetes.com\/magazine-diabetes\/wp-json\/wp\/v2\/tags?post=14419"}],"curies":[{"name":"wp","href":"https:\/\/api.w.org\/{rel}","templated":true}]}}