{"id":14413,"date":"2025-09-02T00:58:29","date_gmt":"2025-09-01T22:58:29","guid":{"rendered":"https:\/\/www.solucionesparaladiabetes.com\/magazine-diabetes\/?p=14413"},"modified":"2025-11-19T10:19:44","modified_gmt":"2025-11-19T09:19:44","slug":"me-han-diagnosticado-diabetes-a-los-56-y-ahora-que","status":"publish","type":"post","link":"https:\/\/www.solucionesparaladiabetes.com\/magazine-diabetes\/me-han-diagnosticado-diabetes-a-los-56-y-ahora-que\/","title":{"rendered":"Me han diagnosticado diabetes a los 56: \u00bfy ahora qu\u00e9?"},"content":{"rendered":"<blockquote><p>Cuando mi amiga me dijo hace unos d\u00edas que le hab\u00edan diagnosticado diabetes, lo primero que me sorprendi\u00f3 fue su edad. Tiene 56 a\u00f1os y hasta ahora nunca hab\u00eda tenido un problema de salud relevante. Fue al m\u00e9dico porque hab\u00eda ganado algo de peso en poco tiempo, le hicieron unos an\u00e1lisis\u2026 y all\u00ed apareci\u00f3 la palabra que cambia muchas cosas: <strong data-start=\"928\" data-end=\"940\">diabetes<\/strong>.<\/p><\/blockquote>\n<p data-start=\"945\" data-end=\"1181\"><strong>La primera reacci\u00f3n fue de desconcierto:<\/strong><\/p>\n<ul>\n<li data-start=\"945\" data-end=\"1181\">\u00bfC\u00f3mo es posible que me diagnostiquen esto ahora, si nunca antes hab\u00eda salido nada raro?<\/li>\n<li data-start=\"945\" data-end=\"1181\">\u00bfQu\u00e9 significa exactamente \u201cdiabetes tipo 2\u201d?<\/li>\n<li data-start=\"945\" data-end=\"1181\">\u00bfDe verdad hasta las zanahorias est\u00e1n prohibidas?<\/li>\n<\/ul>\n<p data-start=\"1183\" data-end=\"1317\">Estas son preguntas muy comunes cuando el diagn\u00f3stico llega en la edad adulta, y quiero intentar darles respuesta de forma sencilla.<\/p>\n<h2 data-start=\"1048\" data-end=\"1106\">\u00bfPor qu\u00e9 aparece \u201cde repente\u201d la diabetes en adultos?<\/h2>\n<p data-start=\"1108\" data-end=\"1568\">En realidad, la diabetes tipo 2 no aparece de un d\u00eda para otro, aunque lo parezca. Muchas personas pueden pasar <strong data-start=\"1220\" data-end=\"1286\">a\u00f1os con niveles de glucosa m\u00e1s altos de lo normal sin notarlo<\/strong>, hasta que un an\u00e1lisis rutinario lo detecta. Factores como la predisposici\u00f3n gen\u00e9tica, la edad, el sobrepeso, el sedentarismo o incluso situaciones de estr\u00e9s mantenido pueden hacer que la insulina, la hormona que regula la glucosa en sangre, deje de actuar con la misma eficacia.<\/p>\n<p data-start=\"1570\" data-end=\"1678\">Por eso, cuando nos lo comunican, sentimos que es repentino, aunque en realidad llevaba tiempo gest\u00e1ndose.<\/p>\n<h2 data-start=\"1680\" data-end=\"1724\">S\u00edntomas iniciales: \u00bfc\u00f3mo reconocerlos?<\/h2>\n<p data-start=\"1726\" data-end=\"1860\">Aunque muchas veces pasa desapercibida, la diabetes tipo 2 puede dar se\u00f1ales antes del diagn\u00f3stico. Los s\u00edntomas m\u00e1s frecuentes son:<\/p>\n<ul data-start=\"1862\" data-end=\"2186\">\n<li data-start=\"1862\" data-end=\"1918\">\n<p data-start=\"1864\" data-end=\"1918\"><strong data-start=\"1864\" data-end=\"1889\">Cansancio persistente<\/strong>, incluso tras dormir bien.<\/p>\n<\/li>\n<li data-start=\"1919\" data-end=\"1981\">\n<p data-start=\"1921\" data-end=\"1981\"><strong data-start=\"1921\" data-end=\"1937\">Sed excesiva<\/strong> y necesidad de beber agua con frecuencia.<\/p>\n<\/li>\n<li data-start=\"1982\" data-end=\"2038\">\n<p data-start=\"1984\" data-end=\"2038\"><strong data-start=\"1984\" data-end=\"2013\">Orinar m\u00e1s de lo habitual<\/strong>, incluso por la noche.<\/p>\n<\/li>\n<li data-start=\"2039\" data-end=\"2084\">\n<p data-start=\"2041\" data-end=\"2084\"><strong data-start=\"2041\" data-end=\"2059\">Visi\u00f3n borrosa<\/strong> o cambios en la vista.<\/p>\n<\/li>\n<li data-start=\"2085\" data-end=\"2126\">\n<p data-start=\"2087\" data-end=\"2126\"><strong data-start=\"2087\" data-end=\"2123\">Heridas que tardan en cicatrizar<\/strong>.<\/p>\n<\/li>\n<li data-start=\"2127\" data-end=\"2186\">\n<p data-start=\"2129\" data-end=\"2186\"><strong data-start=\"2129\" data-end=\"2154\">Infecciones repetidas<\/strong>, como urinarias o de la piel.<\/p>\n<\/li>\n<\/ul>\n<p data-start=\"2188\" data-end=\"2414\">El problema es que estos s\u00edntomas son muy inespec\u00edficos y solemos atribuirlos a la edad, al estr\u00e9s o al cansancio. De ah\u00ed la importancia de realizar <strong data-start=\"2337\" data-end=\"2369\">controles m\u00e9dicos peri\u00f3dicos<\/strong>, especialmente a partir de los 45-50 a\u00f1os.<\/p>\n<h2 data-start=\"2416\" data-end=\"2460\">\u00bfQu\u00e9 es exactamente la diabetes tipo 2?<\/h2>\n<p data-start=\"2462\" data-end=\"2795\">La <strong data-start=\"2465\" data-end=\"2484\">diabetes tipo 2<\/strong> es la forma m\u00e1s com\u00fan de diabetes en adultos. Se caracteriza por una resistencia a la insulina: el cuerpo produce insulina, pero no la utiliza correctamente. Al principio el p\u00e1ncreas \u201cfuerza la m\u00e1quina\u201d y produce m\u00e1s, pero llega un momento en que no puede mantener ese ritmo, y la glucosa se eleva en sangre.<\/p>\n<p data-start=\"2797\" data-end=\"3038\">A diferencia de la diabetes tipo 1 (que suele diagnosticarse en la infancia o juventud y requiere insulina desde el inicio), la tipo 2 muchas veces puede controlarse al principio con <strong data-start=\"2980\" data-end=\"3035\">alimentaci\u00f3n saludable, ejercicio y medicaci\u00f3n oral<\/strong>.<\/p>\n<h2 data-start=\"3040\" data-end=\"3088\">El diagn\u00f3stico: \u00bfqu\u00e9 miran en la anal\u00edtica?<\/h2>\n<p data-start=\"3090\" data-end=\"3270\">Una de las dudas m\u00e1s comunes es c\u00f3mo se diagnostica la diabetes. La herramienta principal es un <strong data-start=\"3186\" data-end=\"3208\">an\u00e1lisis de sangre<\/strong>. Los criterios m\u00e1s habituales que utilizan los m\u00e9dicos son:<\/p>\n<ul data-start=\"3272\" data-end=\"3749\">\n<li data-start=\"3272\" data-end=\"3433\">\n<p data-start=\"3274\" data-end=\"3298\"><strong data-start=\"3274\" data-end=\"3295\">Glucosa en ayunas<\/strong>:<\/p>\n<ul data-start=\"3301\" data-end=\"3433\">\n<li data-start=\"3301\" data-end=\"3332\">\n<p data-start=\"3303\" data-end=\"3332\">Normal: menos de 100 mg\/dL.<\/p>\n<\/li>\n<li data-start=\"3335\" data-end=\"3374\">\n<p data-start=\"3337\" data-end=\"3374\">Prediabetes: entre 100 y 125 mg\/dL.<\/p>\n<\/li>\n<li data-start=\"3377\" data-end=\"3433\">\n<p data-start=\"3379\" data-end=\"3433\">Diabetes: 126 mg\/dL o m\u00e1s en dos an\u00e1lisis separados.<\/p>\n<\/li>\n<\/ul>\n<\/li>\n<li data-start=\"3435\" data-end=\"3629\">\n<p data-start=\"3437\" data-end=\"3529\"><strong data-start=\"3437\" data-end=\"3472\">Hemoglobina glicosilada (HbA1c)<\/strong>: refleja la media de glucosa de los \u00faltimos 2-3 meses.<\/p>\n<ul data-start=\"3532\" data-end=\"3629\">\n<li data-start=\"3532\" data-end=\"3560\">\n<p data-start=\"3534\" data-end=\"3560\">Normal: menos del 5,7 %.<\/p>\n<\/li>\n<li data-start=\"3563\" data-end=\"3600\">\n<p data-start=\"3565\" data-end=\"3600\">Prediabetes: entre 5,7 % y 6,4 %.<\/p>\n<\/li>\n<li data-start=\"3603\" data-end=\"3629\">\n<p data-start=\"3605\" data-end=\"3629\">Diabetes: 6,5 % o m\u00e1s.<\/p>\n<\/li>\n<\/ul>\n<\/li>\n<li data-start=\"3631\" data-end=\"3749\">\n<p data-start=\"3633\" data-end=\"3716\"><strong data-start=\"3633\" data-end=\"3713\">Glucosa posprandial (despu\u00e9s de una comida o tras una sobrecarga de glucosa)<\/strong>:<\/p>\n<ul data-start=\"3719\" data-end=\"3749\">\n<li data-start=\"3719\" data-end=\"3749\">\n<p data-start=\"3721\" data-end=\"3749\">Diabetes: 200 mg\/dL o m\u00e1s.<\/p>\n<\/li>\n<\/ul>\n<\/li>\n<\/ul>\n<p data-start=\"3751\" data-end=\"3956\">Saber estos valores ayuda a entender por qu\u00e9 el m\u00e9dico habla de \u201cprediabetes\u201d o de \u201cdiabetes confirmada\u201d. Adem\u00e1s, permite seguir la evoluci\u00f3n y valorar si los cambios de estilo de vida est\u00e1n funcionando.<\/p>\n<h2 data-start=\"3958\" data-end=\"4029\">\u00bfY qu\u00e9 pasa con la comida? \u00bfHasta las zanahorias est\u00e1n prohibidas?<\/h2>\n<p data-start=\"4031\" data-end=\"4568\">Uno de los grandes miedos tras el diagn\u00f3stico es la dieta. Se piensa que <strong data-start=\"4104\" data-end=\"4138\">\u201cya no voy a poder comer nada\u201d<\/strong>, y no es as\u00ed.<br data-start=\"4152\" data-end=\"4155\" \/>En el caso de mi amiga, su m\u00e9dico le recomend\u00f3 empezar con un plan muy estricto, incluso eliminando alimentos que, en realidad, <strong data-start=\"4283\" data-end=\"4306\">no est\u00e1n prohibidos<\/strong>. Las zanahorias, por ejemplo, tienen un \u00edndice gluc\u00e9mico moderado, pero su contenido total en hidratos no es tan alto como para justificar un veto absoluto. Lo importante no es un alimento aislado, sino el conjunto de la dieta, las cantidades y la frecuencia.<\/p>\n<p data-start=\"4570\" data-end=\"4808\">En pocas palabras: <strong data-start=\"4589\" data-end=\"4620\">s\u00ed se puede comer zanahoria<\/strong>, pero en raciones moderadas y dentro de un plan equilibrado. Lo mismo ocurre con la fruta, la pasta o el pan: no se trata de prohibir, sino de aprender a medir, combinar y elegir mejor.<\/p>\n<h2 data-start=\"4810\" data-end=\"4853\">\u00bfTengo que pincharme insulina tambi\u00e9n?<\/h2>\n<p data-start=\"4855\" data-end=\"5194\">No siempre. En la diabetes tipo 2 el primer paso suele ser <strong data-start=\"4914\" data-end=\"5006\">ajustar la alimentaci\u00f3n, hacer ejercicio regular y, si hace falta, tomar medicaci\u00f3n oral<\/strong> (como la metformina). La insulina puede llegar m\u00e1s adelante si estos tratamientos no son suficientes, pero muchas personas consiguen controlarse sin necesidad de pinchazos durante a\u00f1os.<\/p>\n<h2 data-start=\"5196\" data-end=\"5257\">\u00bfLas recetas para diabetes tipo 1 sirven para la tipo 2?<\/h2>\n<p data-start=\"5259\" data-end=\"5596\">En su mayor parte, s\u00ed. Una receta pensada para personas con diabetes tipo 1 (por ejemplo, sin az\u00facares a\u00f1adidos, con hidratos de absorci\u00f3n lenta, equilibrada en prote\u00ednas y grasas saludables) <strong data-start=\"5451\" data-end=\"5499\">tambi\u00e9n es v\u00e1lida para quienes tienen tipo 2<\/strong>. Lo \u00fanico que cambia es la forma de ajustar las raciones y el control posterior de la glucosa.<\/p>\n<h2 data-start=\"5598\" data-end=\"5646\">La primera fase: de la sorpresa a la acci\u00f3n<\/h2>\n<p data-start=\"5648\" data-end=\"6076\">El diagn\u00f3stico puede ser un golpe, pero tambi\u00e9n una oportunidad. Muchos adultos descubren que al mejorar sus h\u00e1bitos, caminar m\u00e1s, reducir az\u00facares, dormir mejor, no solo controlan la glucosa, sino que recuperan energ\u00eda y bienestar.<\/p>\n<blockquote>\n<p data-start=\"5648\" data-end=\"6076\">Mi amiga ahora lo ve como un reto: aprender a cuidarse m\u00e1s y a escucharse. Y ese es el verdadero mensaje: la diabetes tipo 2 no tiene por qu\u00e9 ser un freno, sino un <strong data-start=\"6047\" data-end=\"6073\">nuevo punto de partida<\/strong>.<\/p>\n<\/blockquote>\n<h2 data-start=\"5648\" data-end=\"6076\">Fuentes de inter\u00e9s para saber m\u00e1s sobre la Diabetes tipo2<\/h2>\n<ul>\n<li><a href=\"https:\/\/www.nia.nih.gov\/espanol\/diabetes\/diabetes-personas-mayores\">La diabetes en las personas mayores<\/a><\/li>\n<li><a href=\"https:\/\/www.mayoclinic.org\/es\/diseases-conditions\/diabetes\/in-depth\/diabetes-symptoms\/art-20044248\">S\u00edntomas de la diabetes: Cuando los s\u00edntomas de la diabetes son una preocupaci\u00f3n<\/a><\/li>\n<li><a href=\"https:\/\/www.riojasalud.es\/alianza-riojana-por-la-salud\/saludable\/a-fondo\/la-mitad-de-las-personas-que-padecen-diabetes-no-lo-saben-pero-hay-algunas-senales-que-debemos-conocer-para-estar-alerta\">La mitad de las personas que padecen diabetes no lo saben, pero hay algunas se\u00f1ales que debemos conocer para estar alerta.<\/a><\/li>\n<li><a href=\"https:\/\/www.sanidad.gob.es\/ciudadanos\/enfLesiones\/enfNoTransmisibles\/diabetes\/diabetes.htm\">La Diabetes (P\u00e1gina del Gobierno de Espa\u00f1a)<\/a><\/li>\n<\/ul>\n<p>&nbsp;<\/p>\n<p>&nbsp;<\/p>\n","protected":false},"excerpt":{"rendered":"<p>Cuando mi amiga me dijo hace unos d\u00edas que le hab\u00edan diagnosticado diabetes, lo primero que me sorprendi\u00f3 fue su edad. Tiene 56 a\u00f1os y hasta ahora nunca hab\u00eda tenido [&hellip;]<\/p>\n","protected":false},"author":19,"featured_media":14414,"comment_status":"open","ping_status":"open","sticky":false,"template":"","format":"standard","meta":{"_acf_changed":false,"_monsterinsights_skip_tracking":false,"_monsterinsights_sitenote_active":false,"_monsterinsights_sitenote_note":"","_monsterinsights_sitenote_category":0,"footnotes":""},"categories":[89],"tags":[1377],"class_list":["post-14413","post","type-post","status-publish","format-standard","has-post-thumbnail","hentry","category-consejos-diabetes-tipo-1-y-2","tag-diabetes-tipo-2"],"acf":[],"yoast_head":"<!-- This site is optimized with the Yoast SEO plugin v27.4 - https:\/\/yoast.com\/product\/yoast-seo-wordpress\/ -->\n<title>Me han diagnosticado diabetes a los 56: \u00bfy ahora qu\u00e9? - iMagazine - Soluciones para la Diabetes<\/title>\n<meta name=\"description\" content=\"Qu\u00e9 es un diagn\u00f3stico de diabetes 2 en adultos, c\u00f3mo controlarla desde el inicio, qu\u00e9 alimentos est\u00e1n permitidos y m\u00e1s cosas que saber.\" \/>\n<meta name=\"robots\" content=\"index, follow, max-snippet:-1, max-image-preview:large, max-video-preview:-1\" \/>\n<link rel=\"canonical\" href=\"https:\/\/www.solucionesparaladiabetes.com\/magazine-diabetes\/me-han-diagnosticado-diabetes-a-los-56-y-ahora-que\/\" \/>\n<meta property=\"og:locale\" content=\"es_ES\" \/>\n<meta property=\"og:type\" content=\"article\" \/>\n<meta property=\"og:title\" content=\"Me han diagnosticado diabetes a los 56: \u00bfy ahora qu\u00e9? - iMagazine - Soluciones para la Diabetes\" \/>\n<meta property=\"og:description\" content=\"Qu\u00e9 es un diagn\u00f3stico de diabetes 2 en adultos, c\u00f3mo controlarla desde el inicio, qu\u00e9 alimentos est\u00e1n permitidos y m\u00e1s cosas que saber.\" \/>\n<meta property=\"og:url\" content=\"https:\/\/www.solucionesparaladiabetes.com\/magazine-diabetes\/me-han-diagnosticado-diabetes-a-los-56-y-ahora-que\/\" \/>\n<meta property=\"og:site_name\" content=\"Soluciones para la Diabetes\" \/>\n<meta property=\"article:published_time\" content=\"2025-09-01T22:58:29+00:00\" \/>\n<meta property=\"article:modified_time\" content=\"2025-11-19T09:19:44+00:00\" \/>\n<meta property=\"og:image\" content=\"http:\/\/www.solucionesparaladiabetes.com\/magazine-diabetes\/wp-content\/uploads\/Chica-pensativa-con-una-taza-cafe.webp\" \/>\n\t<meta property=\"og:image:width\" content=\"853\" \/>\n\t<meta property=\"og:image:height\" content=\"1280\" \/>\n\t<meta property=\"og:image:type\" content=\"image\/webp\" \/>\n<meta name=\"author\" content=\"Redacci\u00f3n Editorial\" \/>\n<meta name=\"twitter:card\" content=\"summary_large_image\" \/>\n<meta name=\"twitter:creator\" content=\"@soluciondiabete\" \/>\n<meta name=\"twitter:site\" content=\"@soluciondiabete\" \/>\n<meta name=\"twitter:label1\" content=\"Escrito por\" \/>\n\t<meta name=\"twitter:data1\" content=\"Redacci\u00f3n Editorial\" \/>\n\t<meta name=\"twitter:label2\" content=\"Tiempo de lectura\" \/>\n\t<meta name=\"twitter:data2\" content=\"5 minutos\" \/>\n<script type=\"application\/ld+json\" class=\"yoast-schema-graph\">{\"@context\":\"https:\\\/\\\/schema.org\",\"@graph\":[{\"@type\":\"Article\",\"@id\":\"https:\\\/\\\/www.solucionesparaladiabetes.com\\\/magazine-diabetes\\\/me-han-diagnosticado-diabetes-a-los-56-y-ahora-que\\\/#article\",\"isPartOf\":{\"@id\":\"https:\\\/\\\/www.solucionesparaladiabetes.com\\\/magazine-diabetes\\\/me-han-diagnosticado-diabetes-a-los-56-y-ahora-que\\\/\"},\"author\":{\"name\":\"Redacci\u00f3n Editorial\",\"@id\":\"https:\\\/\\\/www.solucionesparaladiabetes.com\\\/magazine-diabetes\\\/#\\\/schema\\\/person\\\/9d25dba87bbcd3627b3db1c9acfc9bd7\"},\"headline\":\"Me han diagnosticado diabetes a los 56: \u00bfy ahora qu\u00e9?\",\"datePublished\":\"2025-09-01T22:58:29+00:00\",\"dateModified\":\"2025-11-19T09:19:44+00:00\",\"mainEntityOfPage\":{\"@id\":\"https:\\\/\\\/www.solucionesparaladiabetes.com\\\/magazine-diabetes\\\/me-han-diagnosticado-diabetes-a-los-56-y-ahora-que\\\/\"},\"wordCount\":1049,\"commentCount\":0,\"image\":{\"@id\":\"https:\\\/\\\/www.solucionesparaladiabetes.com\\\/magazine-diabetes\\\/me-han-diagnosticado-diabetes-a-los-56-y-ahora-que\\\/#primaryimage\"},\"thumbnailUrl\":\"https:\\\/\\\/www.solucionesparaladiabetes.com\\\/magazine-diabetes\\\/wp-content\\\/uploads\\\/Chica-pensativa-con-una-taza-cafe.webp\",\"keywords\":[\"Diabetes tipo 2\"],\"articleSection\":[\"Informaci\u00f3n general de la DIABETES\"],\"inLanguage\":\"es\",\"potentialAction\":[{\"@type\":\"CommentAction\",\"name\":\"Comment\",\"target\":[\"https:\\\/\\\/www.solucionesparaladiabetes.com\\\/magazine-diabetes\\\/me-han-diagnosticado-diabetes-a-los-56-y-ahora-que\\\/#respond\"]}]},{\"@type\":\"WebPage\",\"@id\":\"https:\\\/\\\/www.solucionesparaladiabetes.com\\\/magazine-diabetes\\\/me-han-diagnosticado-diabetes-a-los-56-y-ahora-que\\\/\",\"url\":\"https:\\\/\\\/www.solucionesparaladiabetes.com\\\/magazine-diabetes\\\/me-han-diagnosticado-diabetes-a-los-56-y-ahora-que\\\/\",\"name\":\"Me han diagnosticado diabetes a los 56: \u00bfy ahora qu\u00e9? - iMagazine - Soluciones para la Diabetes\",\"isPartOf\":{\"@id\":\"https:\\\/\\\/www.solucionesparaladiabetes.com\\\/magazine-diabetes\\\/#website\"},\"primaryImageOfPage\":{\"@id\":\"https:\\\/\\\/www.solucionesparaladiabetes.com\\\/magazine-diabetes\\\/me-han-diagnosticado-diabetes-a-los-56-y-ahora-que\\\/#primaryimage\"},\"image\":{\"@id\":\"https:\\\/\\\/www.solucionesparaladiabetes.com\\\/magazine-diabetes\\\/me-han-diagnosticado-diabetes-a-los-56-y-ahora-que\\\/#primaryimage\"},\"thumbnailUrl\":\"https:\\\/\\\/www.solucionesparaladiabetes.com\\\/magazine-diabetes\\\/wp-content\\\/uploads\\\/Chica-pensativa-con-una-taza-cafe.webp\",\"datePublished\":\"2025-09-01T22:58:29+00:00\",\"dateModified\":\"2025-11-19T09:19:44+00:00\",\"author\":{\"@id\":\"https:\\\/\\\/www.solucionesparaladiabetes.com\\\/magazine-diabetes\\\/#\\\/schema\\\/person\\\/9d25dba87bbcd3627b3db1c9acfc9bd7\"},\"description\":\"Qu\u00e9 es un diagn\u00f3stico de diabetes 2 en adultos, c\u00f3mo controlarla desde el inicio, qu\u00e9 alimentos est\u00e1n permitidos y m\u00e1s cosas que saber.\",\"breadcrumb\":{\"@id\":\"https:\\\/\\\/www.solucionesparaladiabetes.com\\\/magazine-diabetes\\\/me-han-diagnosticado-diabetes-a-los-56-y-ahora-que\\\/#breadcrumb\"},\"inLanguage\":\"es\",\"potentialAction\":[{\"@type\":\"ReadAction\",\"target\":[\"https:\\\/\\\/www.solucionesparaladiabetes.com\\\/magazine-diabetes\\\/me-han-diagnosticado-diabetes-a-los-56-y-ahora-que\\\/\"]}]},{\"@type\":\"ImageObject\",\"inLanguage\":\"es\",\"@id\":\"https:\\\/\\\/www.solucionesparaladiabetes.com\\\/magazine-diabetes\\\/me-han-diagnosticado-diabetes-a-los-56-y-ahora-que\\\/#primaryimage\",\"url\":\"https:\\\/\\\/www.solucionesparaladiabetes.com\\\/magazine-diabetes\\\/wp-content\\\/uploads\\\/Chica-pensativa-con-una-taza-cafe.webp\",\"contentUrl\":\"https:\\\/\\\/www.solucionesparaladiabetes.com\\\/magazine-diabetes\\\/wp-content\\\/uploads\\\/Chica-pensativa-con-una-taza-cafe.webp\",\"width\":853,\"height\":1280,\"caption\":\"Chica-pensativa-con-una-taza-cafe\"},{\"@type\":\"BreadcrumbList\",\"@id\":\"https:\\\/\\\/www.solucionesparaladiabetes.com\\\/magazine-diabetes\\\/me-han-diagnosticado-diabetes-a-los-56-y-ahora-que\\\/#breadcrumb\",\"itemListElement\":[{\"@type\":\"ListItem\",\"position\":1,\"name\":\"Portada\",\"item\":\"https:\\\/\\\/www.solucionesparaladiabetes.com\\\/magazine-diabetes\\\/\"},{\"@type\":\"ListItem\",\"position\":2,\"name\":\"Me han diagnosticado diabetes a los 56: \u00bfy ahora qu\u00e9?\"}]},{\"@type\":\"WebSite\",\"@id\":\"https:\\\/\\\/www.solucionesparaladiabetes.com\\\/magazine-diabetes\\\/#website\",\"url\":\"https:\\\/\\\/www.solucionesparaladiabetes.com\\\/magazine-diabetes\\\/\",\"name\":\"Soluciones para la Diabetes\",\"description\":\"iMagazine\",\"potentialAction\":[{\"@type\":\"SearchAction\",\"target\":{\"@type\":\"EntryPoint\",\"urlTemplate\":\"https:\\\/\\\/www.solucionesparaladiabetes.com\\\/magazine-diabetes\\\/?s={search_term_string}\"},\"query-input\":{\"@type\":\"PropertyValueSpecification\",\"valueRequired\":true,\"valueName\":\"search_term_string\"}}],\"inLanguage\":\"es\"},{\"@type\":\"Person\",\"@id\":\"https:\\\/\\\/www.solucionesparaladiabetes.com\\\/magazine-diabetes\\\/#\\\/schema\\\/person\\\/9d25dba87bbcd3627b3db1c9acfc9bd7\",\"name\":\"Redacci\u00f3n Editorial\",\"image\":{\"@type\":\"ImageObject\",\"inLanguage\":\"es\",\"@id\":\"https:\\\/\\\/secure.gravatar.com\\\/avatar\\\/9a32759cfac6842eec272cac6814846d5d94168e8533a3088620732917ec742e?s=96&d=mm&r=g\",\"url\":\"https:\\\/\\\/secure.gravatar.com\\\/avatar\\\/9a32759cfac6842eec272cac6814846d5d94168e8533a3088620732917ec742e?s=96&d=mm&r=g\",\"contentUrl\":\"https:\\\/\\\/secure.gravatar.com\\\/avatar\\\/9a32759cfac6842eec272cac6814846d5d94168e8533a3088620732917ec742e?s=96&d=mm&r=g\",\"caption\":\"Redacci\u00f3n Editorial\"}}]}<\/script>\n<!-- \/ Yoast SEO plugin. -->","yoast_head_json":{"title":"Me han diagnosticado diabetes a los 56: \u00bfy ahora qu\u00e9? - iMagazine - Soluciones para la Diabetes","description":"Qu\u00e9 es un diagn\u00f3stico de diabetes 2 en adultos, c\u00f3mo controlarla desde el inicio, qu\u00e9 alimentos est\u00e1n permitidos y m\u00e1s cosas que saber.","robots":{"index":"index","follow":"follow","max-snippet":"max-snippet:-1","max-image-preview":"max-image-preview:large","max-video-preview":"max-video-preview:-1"},"canonical":"https:\/\/www.solucionesparaladiabetes.com\/magazine-diabetes\/me-han-diagnosticado-diabetes-a-los-56-y-ahora-que\/","og_locale":"es_ES","og_type":"article","og_title":"Me han diagnosticado diabetes a los 56: \u00bfy ahora qu\u00e9? - iMagazine - Soluciones para la Diabetes","og_description":"Qu\u00e9 es un diagn\u00f3stico de diabetes 2 en adultos, c\u00f3mo controlarla desde el inicio, qu\u00e9 alimentos est\u00e1n permitidos y m\u00e1s cosas que saber.","og_url":"https:\/\/www.solucionesparaladiabetes.com\/magazine-diabetes\/me-han-diagnosticado-diabetes-a-los-56-y-ahora-que\/","og_site_name":"Soluciones para la Diabetes","article_published_time":"2025-09-01T22:58:29+00:00","article_modified_time":"2025-11-19T09:19:44+00:00","og_image":[{"width":853,"height":1280,"url":"http:\/\/www.solucionesparaladiabetes.com\/magazine-diabetes\/wp-content\/uploads\/Chica-pensativa-con-una-taza-cafe.webp","type":"image\/webp"}],"author":"Redacci\u00f3n Editorial","twitter_card":"summary_large_image","twitter_creator":"@soluciondiabete","twitter_site":"@soluciondiabete","twitter_misc":{"Escrito por":"Redacci\u00f3n Editorial","Tiempo de lectura":"5 minutos"},"schema":{"@context":"https:\/\/schema.org","@graph":[{"@type":"Article","@id":"https:\/\/www.solucionesparaladiabetes.com\/magazine-diabetes\/me-han-diagnosticado-diabetes-a-los-56-y-ahora-que\/#article","isPartOf":{"@id":"https:\/\/www.solucionesparaladiabetes.com\/magazine-diabetes\/me-han-diagnosticado-diabetes-a-los-56-y-ahora-que\/"},"author":{"name":"Redacci\u00f3n Editorial","@id":"https:\/\/www.solucionesparaladiabetes.com\/magazine-diabetes\/#\/schema\/person\/9d25dba87bbcd3627b3db1c9acfc9bd7"},"headline":"Me han diagnosticado diabetes a los 56: \u00bfy ahora qu\u00e9?","datePublished":"2025-09-01T22:58:29+00:00","dateModified":"2025-11-19T09:19:44+00:00","mainEntityOfPage":{"@id":"https:\/\/www.solucionesparaladiabetes.com\/magazine-diabetes\/me-han-diagnosticado-diabetes-a-los-56-y-ahora-que\/"},"wordCount":1049,"commentCount":0,"image":{"@id":"https:\/\/www.solucionesparaladiabetes.com\/magazine-diabetes\/me-han-diagnosticado-diabetes-a-los-56-y-ahora-que\/#primaryimage"},"thumbnailUrl":"https:\/\/www.solucionesparaladiabetes.com\/magazine-diabetes\/wp-content\/uploads\/Chica-pensativa-con-una-taza-cafe.webp","keywords":["Diabetes tipo 2"],"articleSection":["Informaci\u00f3n general de la DIABETES"],"inLanguage":"es","potentialAction":[{"@type":"CommentAction","name":"Comment","target":["https:\/\/www.solucionesparaladiabetes.com\/magazine-diabetes\/me-han-diagnosticado-diabetes-a-los-56-y-ahora-que\/#respond"]}]},{"@type":"WebPage","@id":"https:\/\/www.solucionesparaladiabetes.com\/magazine-diabetes\/me-han-diagnosticado-diabetes-a-los-56-y-ahora-que\/","url":"https:\/\/www.solucionesparaladiabetes.com\/magazine-diabetes\/me-han-diagnosticado-diabetes-a-los-56-y-ahora-que\/","name":"Me han diagnosticado diabetes a los 56: \u00bfy ahora qu\u00e9? - iMagazine - Soluciones para la Diabetes","isPartOf":{"@id":"https:\/\/www.solucionesparaladiabetes.com\/magazine-diabetes\/#website"},"primaryImageOfPage":{"@id":"https:\/\/www.solucionesparaladiabetes.com\/magazine-diabetes\/me-han-diagnosticado-diabetes-a-los-56-y-ahora-que\/#primaryimage"},"image":{"@id":"https:\/\/www.solucionesparaladiabetes.com\/magazine-diabetes\/me-han-diagnosticado-diabetes-a-los-56-y-ahora-que\/#primaryimage"},"thumbnailUrl":"https:\/\/www.solucionesparaladiabetes.com\/magazine-diabetes\/wp-content\/uploads\/Chica-pensativa-con-una-taza-cafe.webp","datePublished":"2025-09-01T22:58:29+00:00","dateModified":"2025-11-19T09:19:44+00:00","author":{"@id":"https:\/\/www.solucionesparaladiabetes.com\/magazine-diabetes\/#\/schema\/person\/9d25dba87bbcd3627b3db1c9acfc9bd7"},"description":"Qu\u00e9 es un diagn\u00f3stico de diabetes 2 en adultos, c\u00f3mo controlarla desde el inicio, qu\u00e9 alimentos est\u00e1n permitidos y m\u00e1s cosas que saber.","breadcrumb":{"@id":"https:\/\/www.solucionesparaladiabetes.com\/magazine-diabetes\/me-han-diagnosticado-diabetes-a-los-56-y-ahora-que\/#breadcrumb"},"inLanguage":"es","potentialAction":[{"@type":"ReadAction","target":["https:\/\/www.solucionesparaladiabetes.com\/magazine-diabetes\/me-han-diagnosticado-diabetes-a-los-56-y-ahora-que\/"]}]},{"@type":"ImageObject","inLanguage":"es","@id":"https:\/\/www.solucionesparaladiabetes.com\/magazine-diabetes\/me-han-diagnosticado-diabetes-a-los-56-y-ahora-que\/#primaryimage","url":"https:\/\/www.solucionesparaladiabetes.com\/magazine-diabetes\/wp-content\/uploads\/Chica-pensativa-con-una-taza-cafe.webp","contentUrl":"https:\/\/www.solucionesparaladiabetes.com\/magazine-diabetes\/wp-content\/uploads\/Chica-pensativa-con-una-taza-cafe.webp","width":853,"height":1280,"caption":"Chica-pensativa-con-una-taza-cafe"},{"@type":"BreadcrumbList","@id":"https:\/\/www.solucionesparaladiabetes.com\/magazine-diabetes\/me-han-diagnosticado-diabetes-a-los-56-y-ahora-que\/#breadcrumb","itemListElement":[{"@type":"ListItem","position":1,"name":"Portada","item":"https:\/\/www.solucionesparaladiabetes.com\/magazine-diabetes\/"},{"@type":"ListItem","position":2,"name":"Me han diagnosticado diabetes a los 56: \u00bfy ahora qu\u00e9?"}]},{"@type":"WebSite","@id":"https:\/\/www.solucionesparaladiabetes.com\/magazine-diabetes\/#website","url":"https:\/\/www.solucionesparaladiabetes.com\/magazine-diabetes\/","name":"Soluciones para la Diabetes","description":"iMagazine","potentialAction":[{"@type":"SearchAction","target":{"@type":"EntryPoint","urlTemplate":"https:\/\/www.solucionesparaladiabetes.com\/magazine-diabetes\/?s={search_term_string}"},"query-input":{"@type":"PropertyValueSpecification","valueRequired":true,"valueName":"search_term_string"}}],"inLanguage":"es"},{"@type":"Person","@id":"https:\/\/www.solucionesparaladiabetes.com\/magazine-diabetes\/#\/schema\/person\/9d25dba87bbcd3627b3db1c9acfc9bd7","name":"Redacci\u00f3n Editorial","image":{"@type":"ImageObject","inLanguage":"es","@id":"https:\/\/secure.gravatar.com\/avatar\/9a32759cfac6842eec272cac6814846d5d94168e8533a3088620732917ec742e?s=96&d=mm&r=g","url":"https:\/\/secure.gravatar.com\/avatar\/9a32759cfac6842eec272cac6814846d5d94168e8533a3088620732917ec742e?s=96&d=mm&r=g","contentUrl":"https:\/\/secure.gravatar.com\/avatar\/9a32759cfac6842eec272cac6814846d5d94168e8533a3088620732917ec742e?s=96&d=mm&r=g","caption":"Redacci\u00f3n Editorial"}}]}},"_links":{"self":[{"href":"https:\/\/www.solucionesparaladiabetes.com\/magazine-diabetes\/wp-json\/wp\/v2\/posts\/14413","targetHints":{"allow":["GET"]}}],"collection":[{"href":"https:\/\/www.solucionesparaladiabetes.com\/magazine-diabetes\/wp-json\/wp\/v2\/posts"}],"about":[{"href":"https:\/\/www.solucionesparaladiabetes.com\/magazine-diabetes\/wp-json\/wp\/v2\/types\/post"}],"author":[{"embeddable":true,"href":"https:\/\/www.solucionesparaladiabetes.com\/magazine-diabetes\/wp-json\/wp\/v2\/users\/19"}],"replies":[{"embeddable":true,"href":"https:\/\/www.solucionesparaladiabetes.com\/magazine-diabetes\/wp-json\/wp\/v2\/comments?post=14413"}],"version-history":[{"count":5,"href":"https:\/\/www.solucionesparaladiabetes.com\/magazine-diabetes\/wp-json\/wp\/v2\/posts\/14413\/revisions"}],"predecessor-version":[{"id":14590,"href":"https:\/\/www.solucionesparaladiabetes.com\/magazine-diabetes\/wp-json\/wp\/v2\/posts\/14413\/revisions\/14590"}],"wp:featuredmedia":[{"embeddable":true,"href":"https:\/\/www.solucionesparaladiabetes.com\/magazine-diabetes\/wp-json\/wp\/v2\/media\/14414"}],"wp:attachment":[{"href":"https:\/\/www.solucionesparaladiabetes.com\/magazine-diabetes\/wp-json\/wp\/v2\/media?parent=14413"}],"wp:term":[{"taxonomy":"category","embeddable":true,"href":"https:\/\/www.solucionesparaladiabetes.com\/magazine-diabetes\/wp-json\/wp\/v2\/categories?post=14413"},{"taxonomy":"post_tag","embeddable":true,"href":"https:\/\/www.solucionesparaladiabetes.com\/magazine-diabetes\/wp-json\/wp\/v2\/tags?post=14413"}],"curies":[{"name":"wp","href":"https:\/\/api.w.org\/{rel}","templated":true}]}}