{"id":14113,"date":"2026-04-30T08:57:36","date_gmt":"2026-04-30T06:57:36","guid":{"rendered":"https:\/\/www.solucionesparaladiabetes.com\/magazine-diabetes\/?p=14113"},"modified":"2026-04-30T19:23:56","modified_gmt":"2026-04-30T17:23:56","slug":"dos-cartas-por-el-dia-de-la-madre-cuando-la-diabetes-tambien-nos-une","status":"publish","type":"post","link":"https:\/\/www.solucionesparaladiabetes.com\/magazine-diabetes\/dos-cartas-por-el-dia-de-la-madre-cuando-la-diabetes-tambien-nos-une\/","title":{"rendered":"Dos cartas por el D\u00eda de la Madre: cuando la diabetes tambi\u00e9n nos une"},"content":{"rendered":"<blockquote>\n<p class=\"\" data-start=\"180\" data-end=\"540\">Hay d\u00edas que merecen ser contados con el coraz\u00f3n. El <strong data-start=\"233\" data-end=\"252\">D\u00eda de la Madre<\/strong> es uno de ellos. Porque ser madre implica una entrega constante, un amor que cuida, que acompa\u00f1a y que sostiene, incluso en los momentos m\u00e1s inciertos. Y cuando en esa ecuaci\u00f3n aparece la <strong data-start=\"441\" data-end=\"453\">diabetes<\/strong>, todo se transforma: la rutina, las prioridades, los miedos&#8230; pero tambi\u00e9n los lazos.<\/p>\n<\/blockquote>\n<p><strong style=\"font-family: Verdana, Geneva, sans-serif; font-size: 15px; color: #222222;\">En muchas familias, la diabetes ha cambiado la forma en la que se vive el d\u00eda a d\u00eda. Algunas madres han aprendido a convivir con el diagn\u00f3stico de sus hijos, adapt\u00e1ndose con admirable paciencia y dedicaci\u00f3n. Otras lo viven en su propia piel, mientras siguen cuidando de todos como si nada hubiese cambiado. Pero en ambos casos hay algo com\u00fan: una fuerza silenciosa que no se detiene.<\/strong><\/p>\n<h2 data-start=\"927\" data-end=\"1296\">D\u00eda de la Madre y diabetes: un homenaje desde el coraz\u00f3n<\/h2>\n<p class=\"\" data-start=\"927\" data-end=\"1296\">Hoy queremos rendir homenaje a todas esas madres que, de una manera u otra, conviven con la diabetes. Y lo hacemos a trav\u00e9s de dos cartas. Dos voces. Dos historias reales que reflejan lo que muchas personas sienten, pero pocas veces ponen en palabras. Porque, a veces, lo m\u00e1s importante no es explicar la diabetes, sino reconocer el amor que crece alrededor de ella.<\/p>\n<h2 data-start=\"927\" data-end=\"1296\">Primera carta: carta de una hija con diabetes a su madre<\/h2>\n<p data-start=\"927\" data-end=\"1296\"><strong>Para ti, mam\u00e1, que aprendiste a vivir con mi diabetes<\/strong><\/p>\n<p>Desde que era peque\u00f1a y el m\u00e9dico nos dijo esa palabra larga que al principio nos sonaba tan ajena -diabetes-, t\u00fa te convertiste en mi mejor aliada. Aprendiste a contar hidratos, a leer etiquetas de los productos del supermercado como si fueran novelas de misterio, a detectar mis hipoglucemias antes incluso de que yo las sintiera. Te convertiste, sin buscarlo, en mi enfermera, mi nutricionista, mi agenda andante, mi despertador de madrugadas para medir mi glucemia\u2026 Pero, sobre todo, seguiste siendo mi madre. Esa que me mira con ternura cuando me pincho, que se enfada si no me cuido, y que celebra conmigo cada control estable como si fuera un gol en la final de un mundial.<\/p>\n<p>S\u00e9 que has tenido miedo. A veces te notaba los ojos brillantes cuando cre\u00edas que yo no miraba. Tambi\u00e9n s\u00e9 que te has sentido cansada, saturada, incluso culpable por no poder hacerlo todo perfecto. Pero nunca te rendiste. Te adaptaste a esta nueva vida como si siempre hubieras sabido c\u00f3mo hacerlo. Te le\u00edste libros, seguiste cuentas de especialistas, acudiste a charlas. Te volviste experta\u00a0en una condici\u00f3n que no era tuya, solo porque era la m\u00eda.<\/p>\n<p><strong>Hoy, en el D\u00eda de la Madre, solo quiero darte las gracias<\/strong>. Porque nunca hiciste que me sintiera \u201cenferma\u201d. Porque me diste una infancia feliz, libre, llena de confianza y normalidad. Porque siempre tuviste una respuesta cuando yo solo ten\u00eda dudas. Porque incluso hoy, que ya soy adulta y manejo mi diabetes con autonom\u00eda, sigues pregunt\u00e1ndome si llevo algo dulce encima, si cen\u00e9 bien, si dorm\u00ed lo suficiente.<\/p>\n<blockquote><p>Y yo, aunque a veces no lo diga, me siento fuerte gracias a ti. Porque ser tu hija me ense\u00f1\u00f3 <strong>que la diabetes puede ser dura,<\/strong> s\u00ed\u2026 pero con amor, paciencia y una madre como t\u00fa, tambi\u00e9n puede ser solo una parte m\u00e1s de la vida.<\/p>\n<h2 style=\"text-align: left;\"><span style=\"color: #111111; font-size: 27px;\">Segunda carta: carta a una madre con diabetes desde su hija<\/span><\/h2>\n<\/blockquote>\n<p><strong>Para ti, mam\u00e1, que convives con la diabetes en silencio<\/strong><\/p>\n<p><img loading=\"lazy\" decoding=\"async\" class=\"alignnone wp-image-14839 size-full\" src=\"http:\/\/www.solucionesparaladiabetes.com\/magazine-diabetes\/wp-content\/uploads\/carta-dia-de-la-madre-diabetes-escritorio-luz-natural.webp\" alt=\"Carta del D\u00eda de la Madre relacionada con la diabetes sobre un escritorio con luz natural, ambiente c\u00e1lido y emocional\" width=\"1536\" height=\"1024\" srcset=\"https:\/\/www.solucionesparaladiabetes.com\/magazine-diabetes\/wp-content\/uploads\/carta-dia-de-la-madre-diabetes-escritorio-luz-natural.webp 1536w, https:\/\/www.solucionesparaladiabetes.com\/magazine-diabetes\/wp-content\/uploads\/carta-dia-de-la-madre-diabetes-escritorio-luz-natural-300x200.webp 300w, https:\/\/www.solucionesparaladiabetes.com\/magazine-diabetes\/wp-content\/uploads\/carta-dia-de-la-madre-diabetes-escritorio-luz-natural-1024x683.webp 1024w, https:\/\/www.solucionesparaladiabetes.com\/magazine-diabetes\/wp-content\/uploads\/carta-dia-de-la-madre-diabetes-escritorio-luz-natural-768x512.webp 768w, https:\/\/www.solucionesparaladiabetes.com\/magazine-diabetes\/wp-content\/uploads\/carta-dia-de-la-madre-diabetes-escritorio-luz-natural-696x464.webp 696w, https:\/\/www.solucionesparaladiabetes.com\/magazine-diabetes\/wp-content\/uploads\/carta-dia-de-la-madre-diabetes-escritorio-luz-natural-1068x712.webp 1068w, https:\/\/www.solucionesparaladiabetes.com\/magazine-diabetes\/wp-content\/uploads\/carta-dia-de-la-madre-diabetes-escritorio-luz-natural-630x420.webp 630w\" sizes=\"auto, (max-width: 1536px) 100vw, 1536px\" \/><\/p>\n<p class=\"\" data-start=\"2465\" data-end=\"2632\">Mam\u00e1, hoy es tu d\u00eda. Y aunque lo sabes, porque lo celebramos todos los a\u00f1os con flores y comida casera, esta vez quiero escribirte algo que nunca te he dicho del todo.<\/p>\n<p class=\"\" data-start=\"2634\" data-end=\"3004\">Yo s\u00e9 que no te gusta hablar mucho de tu diabetes. Dices que \u00abno es para tanto\u00bb, que te \u201capa\u00f1as bien\u201d y que \u201chay cosas peores\u201d. Pero yo, que te miro de cerca, s\u00e9 lo que supone para ti. S\u00e9 que te duele el pinchazo de la insulina, aunque no lo digas, que te preocupa esa curva que se desajusta sin explicaci\u00f3n, y que a veces haces ver que comiste m\u00e1s para que no me alarme.<\/p>\n<p class=\"\" data-start=\"3006\" data-end=\"3247\">He visto c\u00f3mo modificas recetas de toda la vida para que sean \u201cm\u00e1s ligeras\u201d, c\u00f3mo llevas siempre en el bolso esa bolsita de nueces, c\u00f3mo te autocontrolas sin perder tu sonrisa, c\u00f3mo eres capaz de cuidar de todos sin dejar que nadie te cuide.<\/p>\n<p class=\"\" data-start=\"3249\" data-end=\"3640\">Y aun as\u00ed, mam\u00e1, no te quejas. Te enfrentas a la diabetes con una entereza que me impresiona. Te haces las pruebas, vas a tus revisiones, te informas. Pero, sobre todo, no dejas que la enfermedad ocupe m\u00e1s espacio del necesario en tu vida. Sigues haciendo planes, cuidando de los tuyos, ri\u00e9ndote con fuerza, y siendo esa mujer luminosa que siempre fui orgulloso de presentar como \u201cmi madre\u201d.<\/p>\n<p class=\"\" data-start=\"3642\" data-end=\"3940\">Hoy quiero decirte gracias por ense\u00f1arme a no tenerle miedo a los diagn\u00f3sticos. Por mostrarme que cuidarse tambi\u00e9n es un acto de amor. Que vivir con diabetes no significa dejar de vivir. Que se puede seguir siendo t\u00fa, incluso con ese compa\u00f1ero silencioso al que t\u00fa miras con calma y con estrategia.<\/p>\n<blockquote>\n<p class=\"\" data-start=\"3942\" data-end=\"4144\">Gracias por tu coraje, por tu generosidad, y por no dejar que la diabetes apague ni una chispa de tu energ\u00eda. Hoy m\u00e1s que nunca te celebro, mam\u00e1. Porque eres ejemplo, fortaleza y dulzura, todo a la vez.<\/p>\n<p><iframe loading=\"lazy\" title=\"Amaia Montero - Te Voy A Decir Una Cosa\" width=\"696\" height=\"392\" src=\"https:\/\/www.youtube.com\/embed\/2cGFrXU5raY?feature=oembed\" frameborder=\"0\" allow=\"accelerometer; autoplay; clipboard-write; encrypted-media; gyroscope; picture-in-picture; web-share\" referrerpolicy=\"strict-origin-when-cross-origin\" allowfullscreen><\/iframe><\/p><\/blockquote>\n<h2 data-start=\"3942\" data-end=\"4144\">\u00bfC\u00f3mo afecta la diabetes a la relaci\u00f3n entre madres e hijos?<\/h2>\n<p>La diabetes puede estrechar los v\u00ednculos familiares al exigir m\u00e1s comunicaci\u00f3n, organizaci\u00f3n y cuidado diario. Muchas madres aprenden a gestionar esta condici\u00f3n junto a sus hijos, convirti\u00e9ndose en una fuente clave de apoyo emocional y pr\u00e1ctico. Otras veces son los hijos quienes asumen el papel de acompa\u00f1antes y cuidadores. En ambos casos, la empat\u00eda, el aprendizaje conjunto y el amor son herramientas poderosas para vivir mejor con la diabetes.<\/p>\n<p>Si est\u00e1s viviendo una situaci\u00f3n similar y buscas apoyo, puedes leer nuestro art\u00edculo:<\/p>\n<blockquote class=\"wp-embedded-content\" data-secret=\"E3e4cUvDMd\"><p><a href=\"https:\/\/www.solucionesparaladiabetes.com\/magazine-diabetes\/impacto-psicologico-familiar-en-la-diabetes\/\">Impacto psicol\u00f3gico familiar en la diabetes<\/a><\/p><\/blockquote>\n<p><iframe loading=\"lazy\" class=\"wp-embedded-content\" sandbox=\"allow-scripts\" security=\"restricted\" style=\"position: absolute; visibility: hidden;\" title=\"\u00abImpacto psicol\u00f3gico familiar en la diabetes\u00bb \u2014 Soluciones para la Diabetes\" src=\"https:\/\/www.solucionesparaladiabetes.com\/magazine-diabetes\/impacto-psicologico-familiar-en-la-diabetes\/embed\/#?secret=CHfNB6ksh3#?secret=E3e4cUvDMd\" data-secret=\"E3e4cUvDMd\" width=\"600\" height=\"338\" frameborder=\"0\" marginwidth=\"0\" marginheight=\"0\" scrolling=\"no\"><\/iframe><\/p>\n<p class=\"\" data-start=\"5222\" data-end=\"5515\">Una gu\u00eda \u00fatil para hablar de la enfermedad en el entorno familiar.<\/p>\n<h2 data-start=\"5517\" data-end=\"5792\">EN POCAS PALABRAS<\/h2>\n<blockquote>\n<p data-start=\"5517\" data-end=\"5792\">La diabetes, cuando entra en casa, transforma muchas cosas. Pero tambi\u00e9n fortalece v\u00ednculos, ense\u00f1a a cuidarse y a cuidar, y da valor a cada peque\u00f1o gesto. En este D\u00eda de la Madre, celebramos el amor y la fuerza de quienes acompa\u00f1an, de quienes viven con esta condici\u00f3n y de quienes no dejan de darlo todo, incluso cuando nadie las mira.<\/p>\n<\/blockquote>\n","protected":false},"excerpt":{"rendered":"<p>Hay d\u00edas que merecen ser contados con el coraz\u00f3n. El D\u00eda de la Madre es uno de ellos. Porque ser madre implica una entrega constante, un amor que cuida, que [&hellip;]<\/p>\n","protected":false},"author":19,"featured_media":14838,"comment_status":"open","ping_status":"open","sticky":false,"template":"","format":"standard","meta":{"_acf_changed":false,"_monsterinsights_skip_tracking":false,"_monsterinsights_sitenote_active":false,"_monsterinsights_sitenote_note":"","_monsterinsights_sitenote_category":0,"footnotes":""},"categories":[1,529],"tags":[1485],"class_list":["post-14113","post","type-post","status-publish","format-standard","has-post-thumbnail","hentry","category-actualidad","category-protagonistas","tag-dia-de-la-madre"],"acf":[],"yoast_head":"<!-- This site is optimized with the Yoast SEO plugin v27.5 - https:\/\/yoast.com\/product\/yoast-seo-wordpress\/ -->\n<title>Dos cartas por el D\u00eda de la Madre: cuando la diabetes tambi\u00e9n nos une - iMagazine - Soluciones para la Diabetes<\/title>\n<meta name=\"description\" content=\"2 cartas en el D\u00eda de la Madre con dos visiones: la de la hija que vive con diabetes, y la de quien cuida a su madre con la misma condici\u00f3n.\" \/>\n<meta name=\"robots\" content=\"index, follow, max-snippet:-1, max-image-preview:large, max-video-preview:-1\" \/>\n<link rel=\"canonical\" href=\"https:\/\/www.solucionesparaladiabetes.com\/magazine-diabetes\/dos-cartas-por-el-dia-de-la-madre-cuando-la-diabetes-tambien-nos-une\/\" \/>\n<meta property=\"og:locale\" content=\"es_ES\" \/>\n<meta property=\"og:type\" content=\"article\" \/>\n<meta property=\"og:title\" content=\"Dos cartas por el D\u00eda de la Madre: cuando la diabetes tambi\u00e9n nos une - iMagazine - Soluciones para la Diabetes\" \/>\n<meta property=\"og:description\" content=\"2 cartas en el D\u00eda de la Madre con dos visiones: la de la hija que vive con diabetes, y la de quien cuida a su madre con la misma condici\u00f3n.\" \/>\n<meta property=\"og:url\" content=\"https:\/\/www.solucionesparaladiabetes.com\/magazine-diabetes\/dos-cartas-por-el-dia-de-la-madre-cuando-la-diabetes-tambien-nos-une\/\" \/>\n<meta property=\"og:site_name\" content=\"Soluciones para la Diabetes\" \/>\n<meta property=\"article:published_time\" content=\"2026-04-30T06:57:36+00:00\" \/>\n<meta property=\"article:modified_time\" content=\"2026-04-30T17:23:56+00:00\" \/>\n<meta property=\"og:image\" content=\"http:\/\/www.solucionesparaladiabetes.com\/magazine-diabetes\/wp-content\/uploads\/cuatro-generaciones-mujeres-festival-estilo-vida-diabetes.webp\" \/>\n\t<meta property=\"og:image:width\" content=\"1536\" \/>\n\t<meta property=\"og:image:height\" content=\"1024\" \/>\n\t<meta property=\"og:image:type\" content=\"image\/webp\" \/>\n<meta name=\"author\" content=\"Redacci\u00f3n Editorial\" \/>\n<meta name=\"twitter:card\" content=\"summary_large_image\" \/>\n<meta name=\"twitter:creator\" content=\"@soluciondiabete\" \/>\n<meta name=\"twitter:site\" content=\"@soluciondiabete\" \/>\n<meta name=\"twitter:label1\" content=\"Escrito por\" \/>\n\t<meta name=\"twitter:data1\" content=\"Redacci\u00f3n Editorial\" \/>\n\t<meta name=\"twitter:label2\" content=\"Tiempo de lectura\" \/>\n\t<meta name=\"twitter:data2\" content=\"5 minutos\" \/>\n<script type=\"application\/ld+json\" class=\"yoast-schema-graph\">{\"@context\":\"https:\\\/\\\/schema.org\",\"@graph\":[{\"@type\":\"Article\",\"@id\":\"https:\\\/\\\/www.solucionesparaladiabetes.com\\\/magazine-diabetes\\\/dos-cartas-por-el-dia-de-la-madre-cuando-la-diabetes-tambien-nos-une\\\/#article\",\"isPartOf\":{\"@id\":\"https:\\\/\\\/www.solucionesparaladiabetes.com\\\/magazine-diabetes\\\/dos-cartas-por-el-dia-de-la-madre-cuando-la-diabetes-tambien-nos-une\\\/\"},\"author\":{\"name\":\"Redacci\u00f3n Editorial\",\"@id\":\"https:\\\/\\\/www.solucionesparaladiabetes.com\\\/magazine-diabetes\\\/#\\\/schema\\\/person\\\/9d25dba87bbcd3627b3db1c9acfc9bd7\"},\"headline\":\"Dos cartas por el D\u00eda de la Madre: cuando la diabetes tambi\u00e9n nos une\",\"datePublished\":\"2026-04-30T06:57:36+00:00\",\"dateModified\":\"2026-04-30T17:23:56+00:00\",\"mainEntityOfPage\":{\"@id\":\"https:\\\/\\\/www.solucionesparaladiabetes.com\\\/magazine-diabetes\\\/dos-cartas-por-el-dia-de-la-madre-cuando-la-diabetes-tambien-nos-une\\\/\"},\"wordCount\":1135,\"commentCount\":0,\"image\":{\"@id\":\"https:\\\/\\\/www.solucionesparaladiabetes.com\\\/magazine-diabetes\\\/dos-cartas-por-el-dia-de-la-madre-cuando-la-diabetes-tambien-nos-une\\\/#primaryimage\"},\"thumbnailUrl\":\"https:\\\/\\\/www.solucionesparaladiabetes.com\\\/magazine-diabetes\\\/wp-content\\\/uploads\\\/cuatro-generaciones-mujeres-festival-estilo-vida-diabetes.webp\",\"keywords\":[\"Dia de la madre\"],\"articleSection\":[\"Actualidad\",\"El protagonista del mes\"],\"inLanguage\":\"es\",\"potentialAction\":[{\"@type\":\"CommentAction\",\"name\":\"Comment\",\"target\":[\"https:\\\/\\\/www.solucionesparaladiabetes.com\\\/magazine-diabetes\\\/dos-cartas-por-el-dia-de-la-madre-cuando-la-diabetes-tambien-nos-une\\\/#respond\"]}]},{\"@type\":\"WebPage\",\"@id\":\"https:\\\/\\\/www.solucionesparaladiabetes.com\\\/magazine-diabetes\\\/dos-cartas-por-el-dia-de-la-madre-cuando-la-diabetes-tambien-nos-une\\\/\",\"url\":\"https:\\\/\\\/www.solucionesparaladiabetes.com\\\/magazine-diabetes\\\/dos-cartas-por-el-dia-de-la-madre-cuando-la-diabetes-tambien-nos-une\\\/\",\"name\":\"Dos cartas por el D\u00eda de la Madre: cuando la diabetes tambi\u00e9n nos une - iMagazine - Soluciones para la Diabetes\",\"isPartOf\":{\"@id\":\"https:\\\/\\\/www.solucionesparaladiabetes.com\\\/magazine-diabetes\\\/#website\"},\"primaryImageOfPage\":{\"@id\":\"https:\\\/\\\/www.solucionesparaladiabetes.com\\\/magazine-diabetes\\\/dos-cartas-por-el-dia-de-la-madre-cuando-la-diabetes-tambien-nos-une\\\/#primaryimage\"},\"image\":{\"@id\":\"https:\\\/\\\/www.solucionesparaladiabetes.com\\\/magazine-diabetes\\\/dos-cartas-por-el-dia-de-la-madre-cuando-la-diabetes-tambien-nos-une\\\/#primaryimage\"},\"thumbnailUrl\":\"https:\\\/\\\/www.solucionesparaladiabetes.com\\\/magazine-diabetes\\\/wp-content\\\/uploads\\\/cuatro-generaciones-mujeres-festival-estilo-vida-diabetes.webp\",\"datePublished\":\"2026-04-30T06:57:36+00:00\",\"dateModified\":\"2026-04-30T17:23:56+00:00\",\"author\":{\"@id\":\"https:\\\/\\\/www.solucionesparaladiabetes.com\\\/magazine-diabetes\\\/#\\\/schema\\\/person\\\/9d25dba87bbcd3627b3db1c9acfc9bd7\"},\"description\":\"2 cartas en el D\u00eda de la Madre con dos visiones: la de la hija que vive con diabetes, y la de quien cuida a su madre con la misma condici\u00f3n.\",\"breadcrumb\":{\"@id\":\"https:\\\/\\\/www.solucionesparaladiabetes.com\\\/magazine-diabetes\\\/dos-cartas-por-el-dia-de-la-madre-cuando-la-diabetes-tambien-nos-une\\\/#breadcrumb\"},\"inLanguage\":\"es\",\"potentialAction\":[{\"@type\":\"ReadAction\",\"target\":[\"https:\\\/\\\/www.solucionesparaladiabetes.com\\\/magazine-diabetes\\\/dos-cartas-por-el-dia-de-la-madre-cuando-la-diabetes-tambien-nos-une\\\/\"]}]},{\"@type\":\"ImageObject\",\"inLanguage\":\"es\",\"@id\":\"https:\\\/\\\/www.solucionesparaladiabetes.com\\\/magazine-diabetes\\\/dos-cartas-por-el-dia-de-la-madre-cuando-la-diabetes-tambien-nos-une\\\/#primaryimage\",\"url\":\"https:\\\/\\\/www.solucionesparaladiabetes.com\\\/magazine-diabetes\\\/wp-content\\\/uploads\\\/cuatro-generaciones-mujeres-festival-estilo-vida-diabetes.webp\",\"contentUrl\":\"https:\\\/\\\/www.solucionesparaladiabetes.com\\\/magazine-diabetes\\\/wp-content\\\/uploads\\\/cuatro-generaciones-mujeres-festival-estilo-vida-diabetes.webp\",\"width\":1536,\"height\":1024,\"caption\":\"Cuatro generaciones de mujeres modernas en un festival, abuela, madre, hija y ni\u00f1a con gorra, representando estilo de vida activo y convivencia con diabetes\"},{\"@type\":\"BreadcrumbList\",\"@id\":\"https:\\\/\\\/www.solucionesparaladiabetes.com\\\/magazine-diabetes\\\/dos-cartas-por-el-dia-de-la-madre-cuando-la-diabetes-tambien-nos-une\\\/#breadcrumb\",\"itemListElement\":[{\"@type\":\"ListItem\",\"position\":1,\"name\":\"Portada\",\"item\":\"https:\\\/\\\/www.solucionesparaladiabetes.com\\\/magazine-diabetes\\\/\"},{\"@type\":\"ListItem\",\"position\":2,\"name\":\"Dos cartas por el D\u00eda de la Madre: cuando la diabetes tambi\u00e9n nos une\"}]},{\"@type\":\"WebSite\",\"@id\":\"https:\\\/\\\/www.solucionesparaladiabetes.com\\\/magazine-diabetes\\\/#website\",\"url\":\"https:\\\/\\\/www.solucionesparaladiabetes.com\\\/magazine-diabetes\\\/\",\"name\":\"Soluciones para la Diabetes\",\"description\":\"iMagazine\",\"potentialAction\":[{\"@type\":\"SearchAction\",\"target\":{\"@type\":\"EntryPoint\",\"urlTemplate\":\"https:\\\/\\\/www.solucionesparaladiabetes.com\\\/magazine-diabetes\\\/?s={search_term_string}\"},\"query-input\":{\"@type\":\"PropertyValueSpecification\",\"valueRequired\":true,\"valueName\":\"search_term_string\"}}],\"inLanguage\":\"es\"},{\"@type\":\"Person\",\"@id\":\"https:\\\/\\\/www.solucionesparaladiabetes.com\\\/magazine-diabetes\\\/#\\\/schema\\\/person\\\/9d25dba87bbcd3627b3db1c9acfc9bd7\",\"name\":\"Redacci\u00f3n Editorial\",\"image\":{\"@type\":\"ImageObject\",\"inLanguage\":\"es\",\"@id\":\"https:\\\/\\\/secure.gravatar.com\\\/avatar\\\/9a32759cfac6842eec272cac6814846d5d94168e8533a3088620732917ec742e?s=96&d=mm&r=g\",\"url\":\"https:\\\/\\\/secure.gravatar.com\\\/avatar\\\/9a32759cfac6842eec272cac6814846d5d94168e8533a3088620732917ec742e?s=96&d=mm&r=g\",\"contentUrl\":\"https:\\\/\\\/secure.gravatar.com\\\/avatar\\\/9a32759cfac6842eec272cac6814846d5d94168e8533a3088620732917ec742e?s=96&d=mm&r=g\",\"caption\":\"Redacci\u00f3n Editorial\"}}]}<\/script>\n<!-- \/ Yoast SEO plugin. -->","yoast_head_json":{"title":"Dos cartas por el D\u00eda de la Madre: cuando la diabetes tambi\u00e9n nos une - iMagazine - Soluciones para la Diabetes","description":"2 cartas en el D\u00eda de la Madre con dos visiones: la de la hija que vive con diabetes, y la de quien cuida a su madre con la misma condici\u00f3n.","robots":{"index":"index","follow":"follow","max-snippet":"max-snippet:-1","max-image-preview":"max-image-preview:large","max-video-preview":"max-video-preview:-1"},"canonical":"https:\/\/www.solucionesparaladiabetes.com\/magazine-diabetes\/dos-cartas-por-el-dia-de-la-madre-cuando-la-diabetes-tambien-nos-une\/","og_locale":"es_ES","og_type":"article","og_title":"Dos cartas por el D\u00eda de la Madre: cuando la diabetes tambi\u00e9n nos une - iMagazine - Soluciones para la Diabetes","og_description":"2 cartas en el D\u00eda de la Madre con dos visiones: la de la hija que vive con diabetes, y la de quien cuida a su madre con la misma condici\u00f3n.","og_url":"https:\/\/www.solucionesparaladiabetes.com\/magazine-diabetes\/dos-cartas-por-el-dia-de-la-madre-cuando-la-diabetes-tambien-nos-une\/","og_site_name":"Soluciones para la Diabetes","article_published_time":"2026-04-30T06:57:36+00:00","article_modified_time":"2026-04-30T17:23:56+00:00","og_image":[{"width":1536,"height":1024,"url":"http:\/\/www.solucionesparaladiabetes.com\/magazine-diabetes\/wp-content\/uploads\/cuatro-generaciones-mujeres-festival-estilo-vida-diabetes.webp","type":"image\/webp"}],"author":"Redacci\u00f3n Editorial","twitter_card":"summary_large_image","twitter_creator":"@soluciondiabete","twitter_site":"@soluciondiabete","twitter_misc":{"Escrito por":"Redacci\u00f3n Editorial","Tiempo de lectura":"5 minutos"},"schema":{"@context":"https:\/\/schema.org","@graph":[{"@type":"Article","@id":"https:\/\/www.solucionesparaladiabetes.com\/magazine-diabetes\/dos-cartas-por-el-dia-de-la-madre-cuando-la-diabetes-tambien-nos-une\/#article","isPartOf":{"@id":"https:\/\/www.solucionesparaladiabetes.com\/magazine-diabetes\/dos-cartas-por-el-dia-de-la-madre-cuando-la-diabetes-tambien-nos-une\/"},"author":{"name":"Redacci\u00f3n Editorial","@id":"https:\/\/www.solucionesparaladiabetes.com\/magazine-diabetes\/#\/schema\/person\/9d25dba87bbcd3627b3db1c9acfc9bd7"},"headline":"Dos cartas por el D\u00eda de la Madre: cuando la diabetes tambi\u00e9n nos une","datePublished":"2026-04-30T06:57:36+00:00","dateModified":"2026-04-30T17:23:56+00:00","mainEntityOfPage":{"@id":"https:\/\/www.solucionesparaladiabetes.com\/magazine-diabetes\/dos-cartas-por-el-dia-de-la-madre-cuando-la-diabetes-tambien-nos-une\/"},"wordCount":1135,"commentCount":0,"image":{"@id":"https:\/\/www.solucionesparaladiabetes.com\/magazine-diabetes\/dos-cartas-por-el-dia-de-la-madre-cuando-la-diabetes-tambien-nos-une\/#primaryimage"},"thumbnailUrl":"https:\/\/www.solucionesparaladiabetes.com\/magazine-diabetes\/wp-content\/uploads\/cuatro-generaciones-mujeres-festival-estilo-vida-diabetes.webp","keywords":["Dia de la madre"],"articleSection":["Actualidad","El protagonista del mes"],"inLanguage":"es","potentialAction":[{"@type":"CommentAction","name":"Comment","target":["https:\/\/www.solucionesparaladiabetes.com\/magazine-diabetes\/dos-cartas-por-el-dia-de-la-madre-cuando-la-diabetes-tambien-nos-une\/#respond"]}]},{"@type":"WebPage","@id":"https:\/\/www.solucionesparaladiabetes.com\/magazine-diabetes\/dos-cartas-por-el-dia-de-la-madre-cuando-la-diabetes-tambien-nos-une\/","url":"https:\/\/www.solucionesparaladiabetes.com\/magazine-diabetes\/dos-cartas-por-el-dia-de-la-madre-cuando-la-diabetes-tambien-nos-une\/","name":"Dos cartas por el D\u00eda de la Madre: cuando la diabetes tambi\u00e9n nos une - iMagazine - Soluciones para la Diabetes","isPartOf":{"@id":"https:\/\/www.solucionesparaladiabetes.com\/magazine-diabetes\/#website"},"primaryImageOfPage":{"@id":"https:\/\/www.solucionesparaladiabetes.com\/magazine-diabetes\/dos-cartas-por-el-dia-de-la-madre-cuando-la-diabetes-tambien-nos-une\/#primaryimage"},"image":{"@id":"https:\/\/www.solucionesparaladiabetes.com\/magazine-diabetes\/dos-cartas-por-el-dia-de-la-madre-cuando-la-diabetes-tambien-nos-une\/#primaryimage"},"thumbnailUrl":"https:\/\/www.solucionesparaladiabetes.com\/magazine-diabetes\/wp-content\/uploads\/cuatro-generaciones-mujeres-festival-estilo-vida-diabetes.webp","datePublished":"2026-04-30T06:57:36+00:00","dateModified":"2026-04-30T17:23:56+00:00","author":{"@id":"https:\/\/www.solucionesparaladiabetes.com\/magazine-diabetes\/#\/schema\/person\/9d25dba87bbcd3627b3db1c9acfc9bd7"},"description":"2 cartas en el D\u00eda de la Madre con dos visiones: la de la hija que vive con diabetes, y la de quien cuida a su madre con la misma condici\u00f3n.","breadcrumb":{"@id":"https:\/\/www.solucionesparaladiabetes.com\/magazine-diabetes\/dos-cartas-por-el-dia-de-la-madre-cuando-la-diabetes-tambien-nos-une\/#breadcrumb"},"inLanguage":"es","potentialAction":[{"@type":"ReadAction","target":["https:\/\/www.solucionesparaladiabetes.com\/magazine-diabetes\/dos-cartas-por-el-dia-de-la-madre-cuando-la-diabetes-tambien-nos-une\/"]}]},{"@type":"ImageObject","inLanguage":"es","@id":"https:\/\/www.solucionesparaladiabetes.com\/magazine-diabetes\/dos-cartas-por-el-dia-de-la-madre-cuando-la-diabetes-tambien-nos-une\/#primaryimage","url":"https:\/\/www.solucionesparaladiabetes.com\/magazine-diabetes\/wp-content\/uploads\/cuatro-generaciones-mujeres-festival-estilo-vida-diabetes.webp","contentUrl":"https:\/\/www.solucionesparaladiabetes.com\/magazine-diabetes\/wp-content\/uploads\/cuatro-generaciones-mujeres-festival-estilo-vida-diabetes.webp","width":1536,"height":1024,"caption":"Cuatro generaciones de mujeres modernas en un festival, abuela, madre, hija y ni\u00f1a con gorra, representando estilo de vida activo y convivencia con diabetes"},{"@type":"BreadcrumbList","@id":"https:\/\/www.solucionesparaladiabetes.com\/magazine-diabetes\/dos-cartas-por-el-dia-de-la-madre-cuando-la-diabetes-tambien-nos-une\/#breadcrumb","itemListElement":[{"@type":"ListItem","position":1,"name":"Portada","item":"https:\/\/www.solucionesparaladiabetes.com\/magazine-diabetes\/"},{"@type":"ListItem","position":2,"name":"Dos cartas por el D\u00eda de la Madre: cuando la diabetes tambi\u00e9n nos une"}]},{"@type":"WebSite","@id":"https:\/\/www.solucionesparaladiabetes.com\/magazine-diabetes\/#website","url":"https:\/\/www.solucionesparaladiabetes.com\/magazine-diabetes\/","name":"Soluciones para la Diabetes","description":"iMagazine","potentialAction":[{"@type":"SearchAction","target":{"@type":"EntryPoint","urlTemplate":"https:\/\/www.solucionesparaladiabetes.com\/magazine-diabetes\/?s={search_term_string}"},"query-input":{"@type":"PropertyValueSpecification","valueRequired":true,"valueName":"search_term_string"}}],"inLanguage":"es"},{"@type":"Person","@id":"https:\/\/www.solucionesparaladiabetes.com\/magazine-diabetes\/#\/schema\/person\/9d25dba87bbcd3627b3db1c9acfc9bd7","name":"Redacci\u00f3n Editorial","image":{"@type":"ImageObject","inLanguage":"es","@id":"https:\/\/secure.gravatar.com\/avatar\/9a32759cfac6842eec272cac6814846d5d94168e8533a3088620732917ec742e?s=96&d=mm&r=g","url":"https:\/\/secure.gravatar.com\/avatar\/9a32759cfac6842eec272cac6814846d5d94168e8533a3088620732917ec742e?s=96&d=mm&r=g","contentUrl":"https:\/\/secure.gravatar.com\/avatar\/9a32759cfac6842eec272cac6814846d5d94168e8533a3088620732917ec742e?s=96&d=mm&r=g","caption":"Redacci\u00f3n Editorial"}}]}},"_links":{"self":[{"href":"https:\/\/www.solucionesparaladiabetes.com\/magazine-diabetes\/wp-json\/wp\/v2\/posts\/14113","targetHints":{"allow":["GET"]}}],"collection":[{"href":"https:\/\/www.solucionesparaladiabetes.com\/magazine-diabetes\/wp-json\/wp\/v2\/posts"}],"about":[{"href":"https:\/\/www.solucionesparaladiabetes.com\/magazine-diabetes\/wp-json\/wp\/v2\/types\/post"}],"author":[{"embeddable":true,"href":"https:\/\/www.solucionesparaladiabetes.com\/magazine-diabetes\/wp-json\/wp\/v2\/users\/19"}],"replies":[{"embeddable":true,"href":"https:\/\/www.solucionesparaladiabetes.com\/magazine-diabetes\/wp-json\/wp\/v2\/comments?post=14113"}],"version-history":[{"count":11,"href":"https:\/\/www.solucionesparaladiabetes.com\/magazine-diabetes\/wp-json\/wp\/v2\/posts\/14113\/revisions"}],"predecessor-version":[{"id":14841,"href":"https:\/\/www.solucionesparaladiabetes.com\/magazine-diabetes\/wp-json\/wp\/v2\/posts\/14113\/revisions\/14841"}],"wp:featuredmedia":[{"embeddable":true,"href":"https:\/\/www.solucionesparaladiabetes.com\/magazine-diabetes\/wp-json\/wp\/v2\/media\/14838"}],"wp:attachment":[{"href":"https:\/\/www.solucionesparaladiabetes.com\/magazine-diabetes\/wp-json\/wp\/v2\/media?parent=14113"}],"wp:term":[{"taxonomy":"category","embeddable":true,"href":"https:\/\/www.solucionesparaladiabetes.com\/magazine-diabetes\/wp-json\/wp\/v2\/categories?post=14113"},{"taxonomy":"post_tag","embeddable":true,"href":"https:\/\/www.solucionesparaladiabetes.com\/magazine-diabetes\/wp-json\/wp\/v2\/tags?post=14113"}],"curies":[{"name":"wp","href":"https:\/\/api.w.org\/{rel}","templated":true}]}}