{"id":14065,"date":"2025-04-21T08:57:41","date_gmt":"2025-04-21T06:57:41","guid":{"rendered":"https:\/\/www.solucionesparaladiabetes.com\/magazine-diabetes\/?p=14065"},"modified":"2025-04-17T11:29:17","modified_gmt":"2025-04-17T09:29:17","slug":"sant-jordi-libros-rosas-y-diabetes-un-homenaje-diferente-en-el-dia-del-libro","status":"publish","type":"post","link":"https:\/\/www.solucionesparaladiabetes.com\/magazine-diabetes\/sant-jordi-libros-rosas-y-diabetes-un-homenaje-diferente-en-el-dia-del-libro\/","title":{"rendered":"Sant Jordi, libros, rosas\u2026 y diabetes: un homenaje diferente en el D\u00eda del Libro"},"content":{"rendered":"<blockquote>\n<p class=\"\" data-start=\"351\" data-end=\"784\">Cada 23 de abril, Catalunya se ti\u00f1e de libros y rosas. Es el <strong>D\u00eda de Sant Jordi,<\/strong> patr\u00f3n de Catalunya, una jornada en la que las calles se llenan de paradas, lecturas, dedicatorias\u2026 y amor. Coincide, adem\u00e1s, con el <strong>D\u00eda Internacional del Libro<\/strong>, una fecha que conmemora la muerte de dos grandes escritores: Cervantes y Shakespeare. \u00bfPero sab\u00edas que la tradici\u00f3n de regalar una rosa y un libro tiene ra\u00edces m\u00e1s profundas de lo que parece?<\/p>\n<\/blockquote>\n<p class=\"\" data-start=\"786\" data-end=\"1209\"><strong>En este art\u00edculo te contamos la historia de Sant Jordi, su v\u00ednculo con los libros y las rosas, y te proponemos un recorrido literario poco habitual: libros donde la diabetes aparece como parte de la trama, personajes literarios que viven con ella o autores que escriben desde la experiencia personal. Porque la literatura tambi\u00e9n puede ser un espacio para visibilizar y reflexionar sobre la diabetes desde otra perspectiva.<\/strong><\/p>\n<h2 class=\"\" data-start=\"1211\" data-end=\"1260\">La leyenda de Sant Jordi: del drag\u00f3n a la rosa<\/h2>\n<p class=\"\" data-start=\"1262\" data-end=\"1589\">La leyenda cuenta que un temible drag\u00f3n aterrorizaba a un reino. Cada d\u00eda, se sacrificaba una persona para calmar a la bestia, hasta que le toc\u00f3 el turno a la princesa. Fue entonces cuando apareci\u00f3 Sant Jordi, un caballero que luch\u00f3 con valent\u00eda, venci\u00f3 al drag\u00f3n y de su sangre brot\u00f3 una rosa roja, s\u00edmbolo del amor y la vida.<\/p>\n<p class=\"\" data-start=\"1591\" data-end=\"1964\">Este relato fue evolucionando con los siglos, y <strong>en 1926, se instaur\u00f3 oficialmente el D\u00eda del Libro en Espa\u00f1a,<\/strong> fij\u00e1ndose el 23 de abril en honor a los fallecimientos de Cervantes y Shakespeare. <strong>En Catalunya, la tradici\u00f3n acab\u00f3 fusionando ambos s\u00edmbolos: el amor (la rosa) y la cultura (el libro)<\/strong>. Hoy en d\u00eda, se celebra regalando una rosa y un libro a las personas queridas.<\/p>\n<h2 data-start=\"1966\" data-end=\"2053\">Pero&#8230; \u00bfy si reimaginamos esta historia? \u00bfqu\u00e9 pasar\u00eda si?:<\/h2>\n<ul data-start=\"2055\" data-end=\"2591\">\n<li class=\"\" data-start=\"2055\" data-end=\"2128\">\n<p class=\"\" data-start=\"2057\" data-end=\"2128\"><strong data-start=\"2057\" data-end=\"2072\">Sustituimos<\/strong> al drag\u00f3n por una enfermedad cr\u00f3nica, como la diabetes?<\/p>\n<\/li>\n<li class=\"\" data-start=\"2129\" data-end=\"2260\">\n<p class=\"\" data-start=\"2131\" data-end=\"2260\"><strong data-start=\"2131\" data-end=\"2145\">Combinamos<\/strong> la lucha del caballero con el esfuerzo cotidiano de tantas personas con diabetes que aprenden a convivir con ella?<\/p>\n<\/li>\n<li class=\"\" data-start=\"2261\" data-end=\"2390\">\n<p class=\"\" data-start=\"2263\" data-end=\"2390\"><strong data-start=\"2263\" data-end=\"2276\">Adaptamos<\/strong> la historia a una hero\u00edna actual, que en lugar de espada, empu\u00f1a su sensor de glucosa o su bol\u00edgrafo de insulina?<\/p>\n<\/li>\n<li class=\"\" data-start=\"2391\" data-end=\"2496\">\n<p class=\"\" data-start=\"2393\" data-end=\"2496\"><strong data-start=\"2393\" data-end=\"2408\">Modificamos<\/strong> el final: no se trata de vencer, sino de integrar, entender, aceptar y seguir adelante.<\/p>\n<\/li>\n<li class=\"\" data-start=\"2497\" data-end=\"2591\">\n<p class=\"\" data-start=\"2499\" data-end=\"2591\"><strong data-start=\"2499\" data-end=\"2514\">Potenciamos<\/strong> la met\u00e1fora: la rosa, como s\u00edmbolo de vida que florece pese a la adversidad.<\/p>\n<\/li>\n<\/ul>\n<h2 class=\"\" data-start=\"2593\" data-end=\"2665\">Libros donde la diabetes no es la protagonista, pero s\u00ed est\u00e1 presente<\/h2>\n<p class=\"\" data-start=\"2667\" data-end=\"2838\">Aunque no siempre ocupa el centro del argumento, la diabetes ha ido apareciendo en la literatura en personajes que luchan, sienten y viven con ella. Aqu\u00ed algunos ejemplos:<\/p>\n<ul data-start=\"2840\" data-end=\"3766\">\n<li class=\"\" data-start=\"2840\" data-end=\"3138\">\n<p class=\"\" data-start=\"2842\" data-end=\"3138\"><strong data-start=\"2842\" data-end=\"2906\">\u201cEl curioso incidente del perro a medianoche\u201d de <a href=\"https:\/\/amzn.eu\/d\/iM3wSHx\">Mark Haddon<\/a><\/strong>: Ejemplo de c\u00f3mo un protagonista con una condici\u00f3n cr\u00f3nica puede llevarnos a ver el mundo desde otra perspectiva. \u00bfY si la literatura diera m\u00e1s protagonismo a personajes con diabetes?<\/p>\n<\/li>\n<li class=\"\" data-start=\"3140\" data-end=\"3414\">\n<p class=\"\" data-start=\"3142\" data-end=\"3414\"><strong data-start=\"3142\" data-end=\"3174\">\u201cAz\u00facar quemado\u00bb<\/strong>\u00a0de <strong><a href=\"https:\/\/amzn.eu\/d\/hgsLqbE\">Avni Doshi<\/a><\/strong>. Aqu\u00ed tampoco la diabetes no es el centro de la historia, pero s\u00ed aparece como parte del deterioro f\u00edsico de una de las protagonistas, y se vincula con la p\u00e9rdida de memoria y el paso del tiempo. Una novela sobre la relaci\u00f3n madre-hija, que toca temas como la dependencia, la enfermedad y el cuidado desde una prosa afilada y moderna.<\/p>\n<\/li>\n<li class=\"\" data-start=\"3416\" data-end=\"3766\">\n<p class=\"\" data-start=\"3418\" data-end=\"3766\"><strong>\u00abUn mundo feliz\u00bb<\/strong> <a href=\"https:\/\/amzn.eu\/d\/j8lRXcs\"><strong>Aldous Huxley.<\/strong><\/a> Tiene referencias a enfermedades cr\u00f3nicas en un mundo que pretende eliminar todo sufrimiento f\u00edsico y emocional mediante la tecnolog\u00eda. Este cl\u00e1sico de la ciencia ficci\u00f3n permite reflexionar sobre la relaci\u00f3n entre enfermedad, control y autonom\u00eda personal, temas muy actuales en la gesti\u00f3n de la diabetes.<\/p>\n<\/li>\n<\/ul>\n<p><strong><em data-start=\"838\" data-end=\"866\"><img loading=\"lazy\" decoding=\"async\" class=\"size-medium wp-image-14066 alignleft\" src=\"http:\/\/www.solucionesparaladiabetes.com\/magazine-diabetes\/wp-content\/uploads\/PORTADA-LIBRO-Habia-una-vez-diabetes-de-Eugenia-Araiza-y-Mariana-Gomez-300x283.png\" alt=\"PORTADA LIBRO Hab\u00eda una vez diabetes \" width=\"300\" height=\"283\" srcset=\"https:\/\/www.solucionesparaladiabetes.com\/magazine-diabetes\/wp-content\/uploads\/PORTADA-LIBRO-Habia-una-vez-diabetes-de-Eugenia-Araiza-y-Mariana-Gomez-300x283.png 300w, https:\/\/www.solucionesparaladiabetes.com\/magazine-diabetes\/wp-content\/uploads\/PORTADA-LIBRO-Habia-una-vez-diabetes-de-Eugenia-Araiza-y-Mariana-Gomez-696x657.png 696w, https:\/\/www.solucionesparaladiabetes.com\/magazine-diabetes\/wp-content\/uploads\/PORTADA-LIBRO-Habia-una-vez-diabetes-de-Eugenia-Araiza-y-Mariana-Gomez-445x420.png 445w, https:\/\/www.solucionesparaladiabetes.com\/magazine-diabetes\/wp-content\/uploads\/PORTADA-LIBRO-Habia-una-vez-diabetes-de-Eugenia-Araiza-y-Mariana-Gomez.png 711w\" sizes=\"auto, (max-width: 300px) 100vw, 300px\" \/>\u00abHab\u00eda una vez una diabetes\u00bb<\/em> <\/strong>de<strong>\u00a0<a href=\"https:\/\/amzn.eu\/d\/6oSoM9a\">Eugenia Araiza y Mariana G\u00f3mez\u00a0<\/a><\/strong><\/p>\n<p>Este cuento est\u00e1 dirigido a quienes han sido diagnosticados con diabetes tipo 1. Las autoras, ambas educadoras en diabetes y diagnosticadas en su juventud, comparten una narrativa que busca transformar la percepci\u00f3n de la enfermedad, alej\u00e1ndola del miedo y acerc\u00e1ndola a la comprensi\u00f3n y la aceptaci\u00f3n. Es una herramienta valiosa para ni\u00f1os y adultos que enfrentan esta condici\u00f3n.<\/p>\n<p id=\"title\" class=\"a-spacing-none a-text-normal\"><strong><span id=\"productTitle\" class=\"a-size-large celwidget\" data-csa-c-id=\"pr86ze-999qt5-68yhij-hhmqdv\" data-cel-widget=\"productTitle\">\u00abLas Aventuras de Nute: La Gatica con Diabetes Tipo 1\u00bb\u00a0 <\/span><\/strong><span id=\"productTitle\" class=\"a-size-large celwidget\" data-csa-c-id=\"pr86ze-999qt5-68yhij-hhmqdv\" data-cel-widget=\"productTitle\">de <\/span><a href=\"https:\/\/amzn.eu\/d\/24rss7f\"><strong><span id=\"productTitle\" class=\"a-size-large celwidget\" data-csa-c-id=\"pr86ze-999qt5-68yhij-hhmqdv\" data-cel-widget=\"productTitle\">Carolina Z\u00e1rate\u00a0<\/span><\/strong><\/a><\/p>\n<p><span class=\"relative -mx-px my-[-0.2rem] rounded px-px py-[0.2rem] transition-colors duration-100 ease-in-out\"><img loading=\"lazy\" decoding=\"async\" class=\"size-medium wp-image-14067 alignright\" src=\"http:\/\/www.solucionesparaladiabetes.com\/magazine-diabetes\/wp-content\/uploads\/Las-aventuras-de-Nute-la-gatica-con-diabetes-300x293.png\" alt=\"Portada libro: Las aventuras de Nute- la gatica con diabetes\" width=\"300\" height=\"293\" srcset=\"https:\/\/www.solucionesparaladiabetes.com\/magazine-diabetes\/wp-content\/uploads\/Las-aventuras-de-Nute-la-gatica-con-diabetes-300x293.png 300w, https:\/\/www.solucionesparaladiabetes.com\/magazine-diabetes\/wp-content\/uploads\/Las-aventuras-de-Nute-la-gatica-con-diabetes-768x749.png 768w, https:\/\/www.solucionesparaladiabetes.com\/magazine-diabetes\/wp-content\/uploads\/Las-aventuras-de-Nute-la-gatica-con-diabetes-696x679.png 696w, https:\/\/www.solucionesparaladiabetes.com\/magazine-diabetes\/wp-content\/uploads\/Las-aventuras-de-Nute-la-gatica-con-diabetes-431x420.png 431w, https:\/\/www.solucionesparaladiabetes.com\/magazine-diabetes\/wp-content\/uploads\/Las-aventuras-de-Nute-la-gatica-con-diabetes.png 800w\" sizes=\"auto, (max-width: 300px) 100vw, 300px\" \/>Inspirado en su propia experiencia con la diabetes tipo 1, Carolina Z\u00e1rate crea este libro ilustrado protagonizado por Nute, una gatita que explica de manera sencilla y amigable c\u00f3mo es vivir con esta condici\u00f3n.<\/span> <span class=\"relative -mx-px my-[-0.2rem] rounded px-px py-[0.2rem] transition-colors duration-100 ease-in-out\">Es ideal para ayudar a los m\u00e1s peque\u00f1os a entender y normalizar la diabetes en su entorno.<\/span><\/p>\n<p>&nbsp;<\/p>\n<p>&nbsp;<\/p>\n<p>&nbsp;<\/p>\n<h2 class=\"\" data-start=\"3768\" data-end=\"3812\">Autores que escriben desde la experiencia<\/h2>\n<p class=\"\" data-start=\"3814\" data-end=\"4004\"><strong>Hay escritoras y escritores que no solo crean mundos, sino que tambi\u00e9n conviven con la diabetes. A veces lo cuentan expl\u00edcitamente, otras lo filtran en sus personajes, pero siempre est\u00e1 ah\u00ed:<\/strong><\/p>\n<p><strong data-start=\"4008\" data-end=\"4021\">Anne Rice<\/strong>, autora de <a href=\"https:\/\/amzn.eu\/d\/iuGf7Ei\"><strong><em data-start=\"4033\" data-end=\"4060\">Entrevista con el vampiro<\/em>,<\/strong><\/a> vivi\u00f3 con diabetes tipo 1 y en algunas entrevistas habl\u00f3 de c\u00f3mo su condici\u00f3n influy\u00f3 en su forma de ver la vida y la muerte, temas centrales en su obra.<\/p>\n<p><strong data-start=\"4219\" data-end=\"4234\">James Beard<\/strong>, m\u00e1s conocido por su trabajo culinario, tambi\u00e9n fue autor y vivi\u00f3 con diabetes. Su relaci\u00f3n con la comida se transform\u00f3 con el diagn\u00f3stico, lo que se refleja en su evoluci\u00f3n como escritor y pensador gastron\u00f3mico.(<em><a href=\"https:\/\/amzn.eu\/d\/bb1VngD\">The Complete Diabetes Cookbook: The Healthy Way to Eat the Foods You Love)<\/a><\/em><\/p>\n<p><strong data-start=\"425\" data-end=\"443\">\u00c1ngel Gonz\u00e1lez, <\/strong>poeta de la Generaci\u00f3n del 50, convivi\u00f3 durante a\u00f1os con diabetes. Aunque su poes\u00eda no gira en torno a la enfermedad, muchos de sus poemas est\u00e1n marcados por una conciencia clara del paso del tiempo, la fragilidad del cuerpo y la fugacidad de la vida. En su estilo sobrio y emocional, puede leerse entre l\u00edneas esa experiencia vital. Obras como <em data-start=\"800\" data-end=\"814\">\u00c1spero mundo<\/em> o <em><strong><a href=\"https:\/\/amzn.eu\/d\/hvLZH0m\">Poemas<\/a><\/strong>\u00a0 o menos<\/em> reflejan esta sensibilidad.<\/p>\n<blockquote data-start=\"865\" data-end=\"957\">\n<p class=\"\" data-start=\"867\" data-end=\"957\"><em data-start=\"867\" data-end=\"919\">\u00abNada es lo que parece. Solo la muerte es verdad.\u00bb<\/em><br data-start=\"919\" data-end=\"922\" \/><span style=\"font-family: Verdana, Geneva, sans-serif; font-size: 15px; color: #222222;\">(\u00c1ngel Gonz\u00e1lez, <\/span><em style=\"font-family: Verdana, Geneva, sans-serif; font-size: 15px; color: #222222;\" data-start=\"939\" data-end=\"956\">Poemas p\u00f3stumos<\/em><span style=\"font-family: Verdana, Geneva, sans-serif; font-size: 15px; color: #222222;\">)<\/span><\/p>\n<\/blockquote>\n<h2 data-start=\"5341\" data-end=\"5362\">EN POCAS PALABRAS<\/h2>\n<blockquote>\n<p class=\"\" data-start=\"5364\" data-end=\"5651\">Quiz\u00e1s este 23 de abril, cuando vayas a escoger un libro para regalar, puedas pensar en uno que d\u00e9 voz a quienes conviven con la diabetes, aunque no sea un manual, ni un recetario. Uno que hable de emociones, decisiones, obst\u00e1culos y logros. Uno que, como Sant Jordi, se atreva a mirar al drag\u00f3n a los ojos<\/p>\n<\/blockquote>\n<p class=\"\" data-start=\"5803\" data-end=\"5932\">\n","protected":false},"excerpt":{"rendered":"<p>Cada 23 de abril, Catalunya se ti\u00f1e de libros y rosas. Es el D\u00eda de Sant Jordi, patr\u00f3n de Catalunya, una jornada en la que las calles se llenan de [&hellip;]<\/p>\n","protected":false},"author":19,"featured_media":14068,"comment_status":"open","ping_status":"open","sticky":false,"template":"","format":"standard","meta":{"_acf_changed":false,"_monsterinsights_skip_tracking":false,"_monsterinsights_sitenote_active":false,"_monsterinsights_sitenote_note":"","_monsterinsights_sitenote_category":0,"footnotes":""},"categories":[1],"tags":[1477,1478],"class_list":["post-14065","post","type-post","status-publish","format-standard","has-post-thumbnail","hentry","category-actualidad","tag-literatura-y-diabetes","tag-sant-jordi"],"acf":[],"yoast_head":"<!-- This site is optimized with the Yoast SEO plugin v27.5 - https:\/\/yoast.com\/product\/yoast-seo-wordpress\/ -->\n<title>Sant Jordi, libros, rosas\u2026 y diabetes: un homenaje diferente en el D\u00eda del Libro - iMagazine - Soluciones para la Diabetes<\/title>\n<meta name=\"description\" content=\"Celebra el D\u00eda del Libro y Sant Jordi: descubre la literatura que puede ayudarnos a visibilizar la diabetes desde una nueva perspectiva.\" \/>\n<meta name=\"robots\" content=\"index, follow, max-snippet:-1, max-image-preview:large, max-video-preview:-1\" \/>\n<link rel=\"canonical\" href=\"https:\/\/www.solucionesparaladiabetes.com\/magazine-diabetes\/sant-jordi-libros-rosas-y-diabetes-un-homenaje-diferente-en-el-dia-del-libro\/\" \/>\n<meta property=\"og:locale\" content=\"es_ES\" \/>\n<meta property=\"og:type\" content=\"article\" \/>\n<meta property=\"og:title\" content=\"Sant Jordi, libros, rosas\u2026 y diabetes: un homenaje diferente en el D\u00eda del Libro - iMagazine - Soluciones para la Diabetes\" \/>\n<meta property=\"og:description\" content=\"Celebra el D\u00eda del Libro y Sant Jordi: descubre la literatura que puede ayudarnos a visibilizar la diabetes desde una nueva perspectiva.\" \/>\n<meta property=\"og:url\" content=\"https:\/\/www.solucionesparaladiabetes.com\/magazine-diabetes\/sant-jordi-libros-rosas-y-diabetes-un-homenaje-diferente-en-el-dia-del-libro\/\" \/>\n<meta property=\"og:site_name\" content=\"Soluciones para la Diabetes\" \/>\n<meta property=\"article:published_time\" content=\"2025-04-21T06:57:41+00:00\" \/>\n<meta property=\"og:image\" content=\"https:\/\/www.solucionesparaladiabetes.com\/magazine-diabetes\/wp-content\/uploads\/Libros-y-rosas.jpg\" \/>\n\t<meta property=\"og:image:width\" content=\"1000\" \/>\n\t<meta property=\"og:image:height\" content=\"679\" \/>\n\t<meta property=\"og:image:type\" content=\"image\/jpeg\" \/>\n<meta name=\"author\" content=\"Redacci\u00f3n Editorial\" \/>\n<meta name=\"twitter:card\" content=\"summary_large_image\" \/>\n<meta name=\"twitter:creator\" content=\"@soluciondiabete\" \/>\n<meta name=\"twitter:site\" content=\"@soluciondiabete\" \/>\n<meta name=\"twitter:label1\" content=\"Escrito por\" \/>\n\t<meta name=\"twitter:data1\" content=\"Redacci\u00f3n Editorial\" \/>\n\t<meta name=\"twitter:label2\" content=\"Tiempo de lectura\" \/>\n\t<meta name=\"twitter:data2\" content=\"5 minutos\" \/>\n<script type=\"application\/ld+json\" class=\"yoast-schema-graph\">{\"@context\":\"https:\\\/\\\/schema.org\",\"@graph\":[{\"@type\":\"Article\",\"@id\":\"https:\\\/\\\/www.solucionesparaladiabetes.com\\\/magazine-diabetes\\\/sant-jordi-libros-rosas-y-diabetes-un-homenaje-diferente-en-el-dia-del-libro\\\/#article\",\"isPartOf\":{\"@id\":\"https:\\\/\\\/www.solucionesparaladiabetes.com\\\/magazine-diabetes\\\/sant-jordi-libros-rosas-y-diabetes-un-homenaje-diferente-en-el-dia-del-libro\\\/\"},\"author\":{\"name\":\"Redacci\u00f3n Editorial\",\"@id\":\"https:\\\/\\\/www.solucionesparaladiabetes.com\\\/magazine-diabetes\\\/#\\\/schema\\\/person\\\/9d25dba87bbcd3627b3db1c9acfc9bd7\"},\"headline\":\"Sant Jordi, libros, rosas\u2026 y diabetes: un homenaje diferente en el D\u00eda del Libro\",\"datePublished\":\"2025-04-21T06:57:41+00:00\",\"mainEntityOfPage\":{\"@id\":\"https:\\\/\\\/www.solucionesparaladiabetes.com\\\/magazine-diabetes\\\/sant-jordi-libros-rosas-y-diabetes-un-homenaje-diferente-en-el-dia-del-libro\\\/\"},\"wordCount\":1061,\"commentCount\":0,\"image\":{\"@id\":\"https:\\\/\\\/www.solucionesparaladiabetes.com\\\/magazine-diabetes\\\/sant-jordi-libros-rosas-y-diabetes-un-homenaje-diferente-en-el-dia-del-libro\\\/#primaryimage\"},\"thumbnailUrl\":\"https:\\\/\\\/www.solucionesparaladiabetes.com\\\/magazine-diabetes\\\/wp-content\\\/uploads\\\/Libros-y-rosas.jpg\",\"keywords\":[\"Literatura y Diabetes\",\"Sant Jordi\"],\"articleSection\":[\"Actualidad\"],\"inLanguage\":\"es\",\"potentialAction\":[{\"@type\":\"CommentAction\",\"name\":\"Comment\",\"target\":[\"https:\\\/\\\/www.solucionesparaladiabetes.com\\\/magazine-diabetes\\\/sant-jordi-libros-rosas-y-diabetes-un-homenaje-diferente-en-el-dia-del-libro\\\/#respond\"]}]},{\"@type\":\"WebPage\",\"@id\":\"https:\\\/\\\/www.solucionesparaladiabetes.com\\\/magazine-diabetes\\\/sant-jordi-libros-rosas-y-diabetes-un-homenaje-diferente-en-el-dia-del-libro\\\/\",\"url\":\"https:\\\/\\\/www.solucionesparaladiabetes.com\\\/magazine-diabetes\\\/sant-jordi-libros-rosas-y-diabetes-un-homenaje-diferente-en-el-dia-del-libro\\\/\",\"name\":\"Sant Jordi, libros, rosas\u2026 y diabetes: un homenaje diferente en el D\u00eda del Libro - iMagazine - Soluciones para la Diabetes\",\"isPartOf\":{\"@id\":\"https:\\\/\\\/www.solucionesparaladiabetes.com\\\/magazine-diabetes\\\/#website\"},\"primaryImageOfPage\":{\"@id\":\"https:\\\/\\\/www.solucionesparaladiabetes.com\\\/magazine-diabetes\\\/sant-jordi-libros-rosas-y-diabetes-un-homenaje-diferente-en-el-dia-del-libro\\\/#primaryimage\"},\"image\":{\"@id\":\"https:\\\/\\\/www.solucionesparaladiabetes.com\\\/magazine-diabetes\\\/sant-jordi-libros-rosas-y-diabetes-un-homenaje-diferente-en-el-dia-del-libro\\\/#primaryimage\"},\"thumbnailUrl\":\"https:\\\/\\\/www.solucionesparaladiabetes.com\\\/magazine-diabetes\\\/wp-content\\\/uploads\\\/Libros-y-rosas.jpg\",\"datePublished\":\"2025-04-21T06:57:41+00:00\",\"author\":{\"@id\":\"https:\\\/\\\/www.solucionesparaladiabetes.com\\\/magazine-diabetes\\\/#\\\/schema\\\/person\\\/9d25dba87bbcd3627b3db1c9acfc9bd7\"},\"description\":\"Celebra el D\u00eda del Libro y Sant Jordi: descubre la literatura que puede ayudarnos a visibilizar la diabetes desde una nueva perspectiva.\",\"breadcrumb\":{\"@id\":\"https:\\\/\\\/www.solucionesparaladiabetes.com\\\/magazine-diabetes\\\/sant-jordi-libros-rosas-y-diabetes-un-homenaje-diferente-en-el-dia-del-libro\\\/#breadcrumb\"},\"inLanguage\":\"es\",\"potentialAction\":[{\"@type\":\"ReadAction\",\"target\":[\"https:\\\/\\\/www.solucionesparaladiabetes.com\\\/magazine-diabetes\\\/sant-jordi-libros-rosas-y-diabetes-un-homenaje-diferente-en-el-dia-del-libro\\\/\"]}]},{\"@type\":\"ImageObject\",\"inLanguage\":\"es\",\"@id\":\"https:\\\/\\\/www.solucionesparaladiabetes.com\\\/magazine-diabetes\\\/sant-jordi-libros-rosas-y-diabetes-un-homenaje-diferente-en-el-dia-del-libro\\\/#primaryimage\",\"url\":\"https:\\\/\\\/www.solucionesparaladiabetes.com\\\/magazine-diabetes\\\/wp-content\\\/uploads\\\/Libros-y-rosas.jpg\",\"contentUrl\":\"https:\\\/\\\/www.solucionesparaladiabetes.com\\\/magazine-diabetes\\\/wp-content\\\/uploads\\\/Libros-y-rosas.jpg\",\"width\":1000,\"height\":679,\"caption\":\"Libros y rosas\"},{\"@type\":\"BreadcrumbList\",\"@id\":\"https:\\\/\\\/www.solucionesparaladiabetes.com\\\/magazine-diabetes\\\/sant-jordi-libros-rosas-y-diabetes-un-homenaje-diferente-en-el-dia-del-libro\\\/#breadcrumb\",\"itemListElement\":[{\"@type\":\"ListItem\",\"position\":1,\"name\":\"Portada\",\"item\":\"https:\\\/\\\/www.solucionesparaladiabetes.com\\\/magazine-diabetes\\\/\"},{\"@type\":\"ListItem\",\"position\":2,\"name\":\"Sant Jordi, libros, rosas\u2026 y diabetes: un homenaje diferente en el D\u00eda del Libro\"}]},{\"@type\":\"WebSite\",\"@id\":\"https:\\\/\\\/www.solucionesparaladiabetes.com\\\/magazine-diabetes\\\/#website\",\"url\":\"https:\\\/\\\/www.solucionesparaladiabetes.com\\\/magazine-diabetes\\\/\",\"name\":\"Soluciones para la Diabetes\",\"description\":\"iMagazine\",\"potentialAction\":[{\"@type\":\"SearchAction\",\"target\":{\"@type\":\"EntryPoint\",\"urlTemplate\":\"https:\\\/\\\/www.solucionesparaladiabetes.com\\\/magazine-diabetes\\\/?s={search_term_string}\"},\"query-input\":{\"@type\":\"PropertyValueSpecification\",\"valueRequired\":true,\"valueName\":\"search_term_string\"}}],\"inLanguage\":\"es\"},{\"@type\":\"Person\",\"@id\":\"https:\\\/\\\/www.solucionesparaladiabetes.com\\\/magazine-diabetes\\\/#\\\/schema\\\/person\\\/9d25dba87bbcd3627b3db1c9acfc9bd7\",\"name\":\"Redacci\u00f3n Editorial\",\"image\":{\"@type\":\"ImageObject\",\"inLanguage\":\"es\",\"@id\":\"https:\\\/\\\/secure.gravatar.com\\\/avatar\\\/9a32759cfac6842eec272cac6814846d5d94168e8533a3088620732917ec742e?s=96&d=mm&r=g\",\"url\":\"https:\\\/\\\/secure.gravatar.com\\\/avatar\\\/9a32759cfac6842eec272cac6814846d5d94168e8533a3088620732917ec742e?s=96&d=mm&r=g\",\"contentUrl\":\"https:\\\/\\\/secure.gravatar.com\\\/avatar\\\/9a32759cfac6842eec272cac6814846d5d94168e8533a3088620732917ec742e?s=96&d=mm&r=g\",\"caption\":\"Redacci\u00f3n Editorial\"}}]}<\/script>\n<!-- \/ Yoast SEO plugin. -->","yoast_head_json":{"title":"Sant Jordi, libros, rosas\u2026 y diabetes: un homenaje diferente en el D\u00eda del Libro - iMagazine - Soluciones para la Diabetes","description":"Celebra el D\u00eda del Libro y Sant Jordi: descubre la literatura que puede ayudarnos a visibilizar la diabetes desde una nueva perspectiva.","robots":{"index":"index","follow":"follow","max-snippet":"max-snippet:-1","max-image-preview":"max-image-preview:large","max-video-preview":"max-video-preview:-1"},"canonical":"https:\/\/www.solucionesparaladiabetes.com\/magazine-diabetes\/sant-jordi-libros-rosas-y-diabetes-un-homenaje-diferente-en-el-dia-del-libro\/","og_locale":"es_ES","og_type":"article","og_title":"Sant Jordi, libros, rosas\u2026 y diabetes: un homenaje diferente en el D\u00eda del Libro - iMagazine - Soluciones para la Diabetes","og_description":"Celebra el D\u00eda del Libro y Sant Jordi: descubre la literatura que puede ayudarnos a visibilizar la diabetes desde una nueva perspectiva.","og_url":"https:\/\/www.solucionesparaladiabetes.com\/magazine-diabetes\/sant-jordi-libros-rosas-y-diabetes-un-homenaje-diferente-en-el-dia-del-libro\/","og_site_name":"Soluciones para la Diabetes","article_published_time":"2025-04-21T06:57:41+00:00","og_image":[{"width":1000,"height":679,"url":"https:\/\/www.solucionesparaladiabetes.com\/magazine-diabetes\/wp-content\/uploads\/Libros-y-rosas.jpg","type":"image\/jpeg"}],"author":"Redacci\u00f3n Editorial","twitter_card":"summary_large_image","twitter_creator":"@soluciondiabete","twitter_site":"@soluciondiabete","twitter_misc":{"Escrito por":"Redacci\u00f3n Editorial","Tiempo de lectura":"5 minutos"},"schema":{"@context":"https:\/\/schema.org","@graph":[{"@type":"Article","@id":"https:\/\/www.solucionesparaladiabetes.com\/magazine-diabetes\/sant-jordi-libros-rosas-y-diabetes-un-homenaje-diferente-en-el-dia-del-libro\/#article","isPartOf":{"@id":"https:\/\/www.solucionesparaladiabetes.com\/magazine-diabetes\/sant-jordi-libros-rosas-y-diabetes-un-homenaje-diferente-en-el-dia-del-libro\/"},"author":{"name":"Redacci\u00f3n Editorial","@id":"https:\/\/www.solucionesparaladiabetes.com\/magazine-diabetes\/#\/schema\/person\/9d25dba87bbcd3627b3db1c9acfc9bd7"},"headline":"Sant Jordi, libros, rosas\u2026 y diabetes: un homenaje diferente en el D\u00eda del Libro","datePublished":"2025-04-21T06:57:41+00:00","mainEntityOfPage":{"@id":"https:\/\/www.solucionesparaladiabetes.com\/magazine-diabetes\/sant-jordi-libros-rosas-y-diabetes-un-homenaje-diferente-en-el-dia-del-libro\/"},"wordCount":1061,"commentCount":0,"image":{"@id":"https:\/\/www.solucionesparaladiabetes.com\/magazine-diabetes\/sant-jordi-libros-rosas-y-diabetes-un-homenaje-diferente-en-el-dia-del-libro\/#primaryimage"},"thumbnailUrl":"https:\/\/www.solucionesparaladiabetes.com\/magazine-diabetes\/wp-content\/uploads\/Libros-y-rosas.jpg","keywords":["Literatura y Diabetes","Sant Jordi"],"articleSection":["Actualidad"],"inLanguage":"es","potentialAction":[{"@type":"CommentAction","name":"Comment","target":["https:\/\/www.solucionesparaladiabetes.com\/magazine-diabetes\/sant-jordi-libros-rosas-y-diabetes-un-homenaje-diferente-en-el-dia-del-libro\/#respond"]}]},{"@type":"WebPage","@id":"https:\/\/www.solucionesparaladiabetes.com\/magazine-diabetes\/sant-jordi-libros-rosas-y-diabetes-un-homenaje-diferente-en-el-dia-del-libro\/","url":"https:\/\/www.solucionesparaladiabetes.com\/magazine-diabetes\/sant-jordi-libros-rosas-y-diabetes-un-homenaje-diferente-en-el-dia-del-libro\/","name":"Sant Jordi, libros, rosas\u2026 y diabetes: un homenaje diferente en el D\u00eda del Libro - iMagazine - Soluciones para la Diabetes","isPartOf":{"@id":"https:\/\/www.solucionesparaladiabetes.com\/magazine-diabetes\/#website"},"primaryImageOfPage":{"@id":"https:\/\/www.solucionesparaladiabetes.com\/magazine-diabetes\/sant-jordi-libros-rosas-y-diabetes-un-homenaje-diferente-en-el-dia-del-libro\/#primaryimage"},"image":{"@id":"https:\/\/www.solucionesparaladiabetes.com\/magazine-diabetes\/sant-jordi-libros-rosas-y-diabetes-un-homenaje-diferente-en-el-dia-del-libro\/#primaryimage"},"thumbnailUrl":"https:\/\/www.solucionesparaladiabetes.com\/magazine-diabetes\/wp-content\/uploads\/Libros-y-rosas.jpg","datePublished":"2025-04-21T06:57:41+00:00","author":{"@id":"https:\/\/www.solucionesparaladiabetes.com\/magazine-diabetes\/#\/schema\/person\/9d25dba87bbcd3627b3db1c9acfc9bd7"},"description":"Celebra el D\u00eda del Libro y Sant Jordi: descubre la literatura que puede ayudarnos a visibilizar la diabetes desde una nueva perspectiva.","breadcrumb":{"@id":"https:\/\/www.solucionesparaladiabetes.com\/magazine-diabetes\/sant-jordi-libros-rosas-y-diabetes-un-homenaje-diferente-en-el-dia-del-libro\/#breadcrumb"},"inLanguage":"es","potentialAction":[{"@type":"ReadAction","target":["https:\/\/www.solucionesparaladiabetes.com\/magazine-diabetes\/sant-jordi-libros-rosas-y-diabetes-un-homenaje-diferente-en-el-dia-del-libro\/"]}]},{"@type":"ImageObject","inLanguage":"es","@id":"https:\/\/www.solucionesparaladiabetes.com\/magazine-diabetes\/sant-jordi-libros-rosas-y-diabetes-un-homenaje-diferente-en-el-dia-del-libro\/#primaryimage","url":"https:\/\/www.solucionesparaladiabetes.com\/magazine-diabetes\/wp-content\/uploads\/Libros-y-rosas.jpg","contentUrl":"https:\/\/www.solucionesparaladiabetes.com\/magazine-diabetes\/wp-content\/uploads\/Libros-y-rosas.jpg","width":1000,"height":679,"caption":"Libros y rosas"},{"@type":"BreadcrumbList","@id":"https:\/\/www.solucionesparaladiabetes.com\/magazine-diabetes\/sant-jordi-libros-rosas-y-diabetes-un-homenaje-diferente-en-el-dia-del-libro\/#breadcrumb","itemListElement":[{"@type":"ListItem","position":1,"name":"Portada","item":"https:\/\/www.solucionesparaladiabetes.com\/magazine-diabetes\/"},{"@type":"ListItem","position":2,"name":"Sant Jordi, libros, rosas\u2026 y diabetes: un homenaje diferente en el D\u00eda del Libro"}]},{"@type":"WebSite","@id":"https:\/\/www.solucionesparaladiabetes.com\/magazine-diabetes\/#website","url":"https:\/\/www.solucionesparaladiabetes.com\/magazine-diabetes\/","name":"Soluciones para la Diabetes","description":"iMagazine","potentialAction":[{"@type":"SearchAction","target":{"@type":"EntryPoint","urlTemplate":"https:\/\/www.solucionesparaladiabetes.com\/magazine-diabetes\/?s={search_term_string}"},"query-input":{"@type":"PropertyValueSpecification","valueRequired":true,"valueName":"search_term_string"}}],"inLanguage":"es"},{"@type":"Person","@id":"https:\/\/www.solucionesparaladiabetes.com\/magazine-diabetes\/#\/schema\/person\/9d25dba87bbcd3627b3db1c9acfc9bd7","name":"Redacci\u00f3n Editorial","image":{"@type":"ImageObject","inLanguage":"es","@id":"https:\/\/secure.gravatar.com\/avatar\/9a32759cfac6842eec272cac6814846d5d94168e8533a3088620732917ec742e?s=96&d=mm&r=g","url":"https:\/\/secure.gravatar.com\/avatar\/9a32759cfac6842eec272cac6814846d5d94168e8533a3088620732917ec742e?s=96&d=mm&r=g","contentUrl":"https:\/\/secure.gravatar.com\/avatar\/9a32759cfac6842eec272cac6814846d5d94168e8533a3088620732917ec742e?s=96&d=mm&r=g","caption":"Redacci\u00f3n Editorial"}}]}},"_links":{"self":[{"href":"https:\/\/www.solucionesparaladiabetes.com\/magazine-diabetes\/wp-json\/wp\/v2\/posts\/14065","targetHints":{"allow":["GET"]}}],"collection":[{"href":"https:\/\/www.solucionesparaladiabetes.com\/magazine-diabetes\/wp-json\/wp\/v2\/posts"}],"about":[{"href":"https:\/\/www.solucionesparaladiabetes.com\/magazine-diabetes\/wp-json\/wp\/v2\/types\/post"}],"author":[{"embeddable":true,"href":"https:\/\/www.solucionesparaladiabetes.com\/magazine-diabetes\/wp-json\/wp\/v2\/users\/19"}],"replies":[{"embeddable":true,"href":"https:\/\/www.solucionesparaladiabetes.com\/magazine-diabetes\/wp-json\/wp\/v2\/comments?post=14065"}],"version-history":[{"count":3,"href":"https:\/\/www.solucionesparaladiabetes.com\/magazine-diabetes\/wp-json\/wp\/v2\/posts\/14065\/revisions"}],"predecessor-version":[{"id":14071,"href":"https:\/\/www.solucionesparaladiabetes.com\/magazine-diabetes\/wp-json\/wp\/v2\/posts\/14065\/revisions\/14071"}],"wp:featuredmedia":[{"embeddable":true,"href":"https:\/\/www.solucionesparaladiabetes.com\/magazine-diabetes\/wp-json\/wp\/v2\/media\/14068"}],"wp:attachment":[{"href":"https:\/\/www.solucionesparaladiabetes.com\/magazine-diabetes\/wp-json\/wp\/v2\/media?parent=14065"}],"wp:term":[{"taxonomy":"category","embeddable":true,"href":"https:\/\/www.solucionesparaladiabetes.com\/magazine-diabetes\/wp-json\/wp\/v2\/categories?post=14065"},{"taxonomy":"post_tag","embeddable":true,"href":"https:\/\/www.solucionesparaladiabetes.com\/magazine-diabetes\/wp-json\/wp\/v2\/tags?post=14065"}],"curies":[{"name":"wp","href":"https:\/\/api.w.org\/{rel}","templated":true}]}}