{"id":14023,"date":"2025-03-16T08:00:32","date_gmt":"2025-03-16T07:00:32","guid":{"rendered":"https:\/\/www.solucionesparaladiabetes.com\/magazine-diabetes\/?p=14023"},"modified":"2026-03-16T17:19:59","modified_gmt":"2026-03-16T16:19:59","slug":"un-homenaje-con-mucho-rock-y-cerosermones-al-mejor-papa-del-mundo","status":"publish","type":"post","link":"https:\/\/www.solucionesparaladiabetes.com\/magazine-diabetes\/un-homenaje-con-mucho-rock-y-cerosermones-al-mejor-papa-del-mundo\/","title":{"rendered":"Un homenaje (con mucho rock y cerosermones) al Mejor Pap\u00e1 del Mundo"},"content":{"rendered":"<blockquote>\n<p data-start=\"1411\" data-end=\"1610\"><span style=\"color: #111111; font-size: 27px;\">\u00bfQui\u00e9n decidi\u00f3 que los padres necesitaban su propio d\u00eda? \u00bfPor qu\u00e9 el 19 de marzo y no cualquier otra fecha? Vamos a descubrirlo.<\/span><\/p>\n<\/blockquote>\n<p>Si alguna vez te has preguntado qui\u00e9n fue el genio que decidi\u00f3 que los padres tambi\u00e9n necesitaban un d\u00eda especial (como si no fueran ya los reyes del mando a distancia y los campeones del \u00abpregunta a tu madre\u00bb), aqu\u00ed tienes la respuesta.<\/p>\n<p>En Espa\u00f1a y otros pa\u00edses de tradici\u00f3n cat\u00f3lica, el D\u00eda del Padre se celebra el 19 de marzo porque es el d\u00eda de San Jos\u00e9, el padre de Jes\u00fas, que, adem\u00e1s de ser un santo, tambi\u00e9n es el s\u00edmbolo de la paciencia infinita (cosa que muchos padres necesitan cuando sus hijos les piden explicaciones sobre c\u00f3mo funciona la lavadora).<\/p>\n<p>En otros pa\u00edses, como Estados Unidos, se celebra en junio, gracias a una mujer llamada Sonora Smart Dodd, que decidi\u00f3 que su padre, un veterano de guerra que crio a sus hijos solo, merec\u00eda un homenaje. As\u00ed que s\u00ed, la idea de celebrar a los padres viene de una hija que supo reconocer su esfuerzo (\u00a1toma nota!).<\/p>\n<p>En Alemania, el D\u00eda del Padre (conocido como \u00abVatertag\u00bb) coincide con la festividad cristiana de la Ascensi\u00f3n de Jes\u00fas, que cae 40 d\u00edas despu\u00e9s de Pascua. En pa\u00edses n\u00f3rdicos como Dinamarca y Finlandia, se celebra en noviembre. Y si te preguntas c\u00f3mo lo celebran all\u00ed,\u00a0 el D\u00eda del Padre es b\u00e1sicamente una excusa para salir de juerga con los amigos. Porque, claro, cada cultura lo adapta a su manera.<\/p>\n<h2>Vamos a planear un d\u00eda legendario con ideas para tu padre<\/h2>\n<h3>1. Un Concierto para su alma rockera<\/h3>\n<p>Si tu padre es de los que dice que \u00abla m\u00fasica de antes s\u00ed que era m\u00fasica\u00bb, esta es tu oportunidad para demostrarle que lo escuchas.<\/p>\n<p><iframe loading=\"lazy\" title=\"The Rolling Stones Live 1998 Buenos Aires Argentina\" width=\"696\" height=\"392\" src=\"https:\/\/www.youtube.com\/embed\/MLehHzoEvmg?feature=oembed\" frameborder=\"0\" allow=\"accelerometer; autoplay; clipboard-write; encrypted-media; gyroscope; picture-in-picture; web-share\" referrerpolicy=\"strict-origin-when-cross-origin\" allowfullscreen><\/iframe><\/p>\n<ul data-spread=\"false\">\n<li>AC\/DC, vuelve a Espa\u00f1a en 2025 con su esperado <a href=\"https:\/\/www.rock4u.es\/entradas-ac-dc-power-up-2025-madrid-12-de-julio-2025\/\">tour europeo \u00abPower Up 2025\u00bb<\/a>. El grupo ofrecer\u00e1 un \u00fanico concierto en Madrid el 12 de julio de 2025 en el Estadio Riyadh Air Metropolitano, prometiendo una noche inolvidable para todos los fans del rock.<\/li>\n<li>Scorpions, una de las bandas de hard rock m\u00e1s ic\u00f3nicas, celebrar\u00e1 su 60 aniversario de su vida con 4 conciertos en Espa\u00f1a. Desde el himno de rebeld\u00eda \u00abRock You Like a Hurricane\u00bb hasta la inolvidable balada \u00abStill Loving You\u00bb y la emblem\u00e1tica \u00abWind of Change\u00bb. <a href=\"https:\/\/www.rock4u.es\/gira-scorpions-espana-2025\/\">Aqu\u00ed tienes todos los detalles sobre las fechas de gira.<\/a><\/li>\n<li>Si los conciertos no son lo suyo o las entradas est\u00e1n agotadas, una suscripci\u00f3n a Spotify Premium con una lista de reproducci\u00f3n personalizada con sus canciones favoritas le har\u00e1 feliz.<\/li>\n<\/ul>\n<h3>2. Un fin de semana de desconexi\u00f3n total<\/h3>\n<p>Porque pap\u00e1 tambi\u00e9n necesita desconectar (de la familia, del trabajo y de las excusas para no arreglar el grifo que gotea).<\/p>\n<ul data-spread=\"false\">\n<li>San Sebasti\u00e1n: porque la comida espectacular tambi\u00e9n es una forma de felicidad.<\/li>\n<li>La Rioja: porque un fin de semana entre vi\u00f1edos con catas de vino suena demasiado bien como para rechazarlo, aunque a tu madre la ponga de los nervios, aqu\u00ed los paseos entre vi\u00f1edos es una obligaci\u00f3n. Una idea es Haro, <a href=\"https:\/\/agenda.larioja.com\/eventos\/haro\/listado.html\">consulta su agenda<\/a> para qu\u00e9 ocurrir\u00e1 por ah\u00ed este a\u00f1o<\/li>\n<li>O una escapada rural en plena monta\u00f1a, donde pueda respirar aire puro y olvidarse de todo (incluido el wifi, para que nadie lo moleste con mensajes).<\/li>\n<li>\u00bfY un programa de un viaje con prop\u00f3sito? Uno que siempre hab\u00eda dicho \u00a1alg\u00fan d\u00eda har\u00e9 uno de esos viajes, para ver y experimentar otra forma de viajar! En <strong>la Asoc. Camina Senegal,<\/strong> cada a\u00f1o organizan estos <a href=\"https:\/\/caminasenegal.org\/en-grupo\/\">VIAJES CON PROP\u00d3SITO a Senegal<\/a> en grupo o en particular.<\/li>\n<\/ul>\n<h3>3. Un Libro para re\u00edrse de todo (Incluso de la Diabetes)<\/h3>\n<p>Nada de regalarle un manual de \u00abc\u00f3mo cuidar su salud\u00bb. \u00c9l ya sabe c\u00f3mo hacerlo, aunque a veces le d\u00e9 pereza, as\u00ed que otra forma es tomarlo con humor. Reg\u00e1lale algo que le haga soltar carcajadas.<\/p>\n<ul data-spread=\"false\">\n<li><strong>\u00abSOY DIABETICO&#8230; \u00bf\u00bfY QUE??:<\/strong>\u00a0 <a class=\"a-link-normal\" href=\"https:\/\/www.amazon.es\/s\/ref=dp_byline_sr_ebooks_1?ie=UTF8&amp;field-author=sergio+hernandez&amp;text=sergio+hernandez&amp;sort=relevancerank&amp;search-alias=digital-text\">Sergio Hernandez<\/a> una escritor con diabetes que cuenta su experiencia con un humor afilado.<\/li>\n<li>Si prefiere algo alternativo cualquier libro de David Broncano o Elvira Lindo le asegurar\u00e1 unas buenas risas.<\/li>\n<\/ul>\n<h3>4. Un regalo pr\u00e1ctico, pero con estilo<\/h3>\n<p>Nada de corbatas aburridas o tazas con \u00abmejor pap\u00e1 del mundo\u00bb. Vamos a subir el nivel:<\/p>\n<ul data-spread=\"false\">\n<li>Un estuche de dise\u00f1o para su gluc\u00f3metro, que venden en tiendas, con mucho estilo.<\/li>\n<li>Un smartwatch para monitorear su actividad sin que parezca que tiene una cita con su endocrino.<\/li>\n<li>Un pack de cervezas artesanales sin alcohol, porque brindar sin preocupaciones es un arte.<\/li>\n<\/ul>\n<h3>5. Su d\u00eda, sus reglas<\/h3>\n<p>Hoy no hay normas. Si quiere un asado con amigos, que lo tenga (\u00e9l ya sabe lo que debe evitar, hoy no se lo recuerdes).\u00a0 Si quiere ver por en\u00e9sima vez su pel\u00edcula favorita, adelante. Si decide hacer una ruta en moto o simplemente dormir hasta que el cuerpo diga basta, \u00a1nadie se lo va a impedir!<\/p>\n<h2>Para terminar: Un chiste para pap\u00e1<\/h2>\n<p><img loading=\"lazy\" decoding=\"async\" class=\"alignnone wp-image-14024 size-full\" src=\"http:\/\/www.solucionesparaladiabetes.com\/magazine-diabetes\/wp-content\/uploads\/Dia-feliz-dia-del-padre.webp\" alt=\"CHiste FELIZ DIA DEL PADRE\" width=\"1024\" height=\"1024\" srcset=\"https:\/\/www.solucionesparaladiabetes.com\/magazine-diabetes\/wp-content\/uploads\/Dia-feliz-dia-del-padre.webp 1024w, https:\/\/www.solucionesparaladiabetes.com\/magazine-diabetes\/wp-content\/uploads\/Dia-feliz-dia-del-padre-300x300.webp 300w, https:\/\/www.solucionesparaladiabetes.com\/magazine-diabetes\/wp-content\/uploads\/Dia-feliz-dia-del-padre-150x150.webp 150w, https:\/\/www.solucionesparaladiabetes.com\/magazine-diabetes\/wp-content\/uploads\/Dia-feliz-dia-del-padre-768x768.webp 768w, https:\/\/www.solucionesparaladiabetes.com\/magazine-diabetes\/wp-content\/uploads\/Dia-feliz-dia-del-padre-696x696.webp 696w, https:\/\/www.solucionesparaladiabetes.com\/magazine-diabetes\/wp-content\/uploads\/Dia-feliz-dia-del-padre-420x420.webp 420w\" sizes=\"auto, (max-width: 1024px) 100vw, 1024px\" \/><\/p>\n<p style=\"text-align: center;\"><strong>Pap\u00e1, \u00bfme haces un favor? &#8211; Claro, hijo. &#8211; \u00bfMe das dinero para un regalo del D\u00eda del Padre? &#8211; \u00bfPero no se supone que el regalo es para m\u00ed? &#8211; S\u00ed, \u00a1pero es sorpresa! No te puedo decir qu\u00e9 es\u2026<\/strong><\/p>\n<h2>\u00a1Feliz D\u00eda del Padre!<\/h2>\n<blockquote>\n<p style=\"text-align: center;\">Pap\u00e1, hoy es tu d\u00eda. Olv\u00eddate del estr\u00e9s, de los horarios y de las preocupaciones. R\u00ede, disfruta y recuerda que, m\u00e1s all\u00e1 de todo, eres el mejor padre del mundo (y eso no te lo dice el gluc\u00f3metro, sino nosotros). \u00a1Te queremos!<\/p>\n<\/blockquote>\n<p>&nbsp;<\/p>\n<p data-pm-slice=\"1 1 []\">\n","protected":false},"excerpt":{"rendered":"<p>\u00bfQui\u00e9n decidi\u00f3 que los padres necesitaban su propio d\u00eda? \u00bfPor qu\u00e9 el 19 de marzo y no cualquier otra fecha? Vamos a descubrirlo. Si alguna vez te has preguntado qui\u00e9n [&hellip;]<\/p>\n","protected":false},"author":19,"featured_media":14025,"comment_status":"open","ping_status":"open","sticky":false,"template":"","format":"standard","meta":{"_acf_changed":false,"_monsterinsights_skip_tracking":false,"_monsterinsights_sitenote_active":false,"_monsterinsights_sitenote_note":"","_monsterinsights_sitenote_category":0,"footnotes":""},"categories":[1],"tags":[1475,1460],"class_list":["post-14023","post","type-post","status-publish","format-standard","has-post-thumbnail","hentry","category-actualidad","tag-dia-del-padre","tag-dias-destacados"],"acf":[],"yoast_head":"<!-- This site is optimized with the Yoast SEO plugin v27.5 - https:\/\/yoast.com\/product\/yoast-seo-wordpress\/ -->\n<title>Un homenaje (con mucho rock y cerosermones) al Mejor Pap\u00e1 del Mundo - iMagazine - Soluciones para la Diabetes<\/title>\n<meta name=\"description\" content=\"El 19 de marzo es el D\u00eda del Padre, y hay que celebrarlo como \u00e9l lo merece: con m\u00fasica, aventura y sin que le recuerdes lo que puede o no comer.\" \/>\n<meta name=\"robots\" content=\"index, follow, max-snippet:-1, max-image-preview:large, max-video-preview:-1\" \/>\n<link rel=\"canonical\" href=\"https:\/\/www.solucionesparaladiabetes.com\/magazine-diabetes\/un-homenaje-con-mucho-rock-y-cerosermones-al-mejor-papa-del-mundo\/\" \/>\n<meta property=\"og:locale\" content=\"es_ES\" \/>\n<meta property=\"og:type\" content=\"article\" \/>\n<meta property=\"og:title\" content=\"Un homenaje (con mucho rock y cerosermones) al Mejor Pap\u00e1 del Mundo - iMagazine - Soluciones para la Diabetes\" \/>\n<meta property=\"og:description\" content=\"El 19 de marzo es el D\u00eda del Padre, y hay que celebrarlo como \u00e9l lo merece: con m\u00fasica, aventura y sin que le recuerdes lo que puede o no comer.\" \/>\n<meta property=\"og:url\" content=\"https:\/\/www.solucionesparaladiabetes.com\/magazine-diabetes\/un-homenaje-con-mucho-rock-y-cerosermones-al-mejor-papa-del-mundo\/\" \/>\n<meta property=\"og:site_name\" content=\"Soluciones para la Diabetes\" \/>\n<meta property=\"article:published_time\" content=\"2025-03-16T07:00:32+00:00\" \/>\n<meta property=\"article:modified_time\" content=\"2026-03-16T16:19:59+00:00\" \/>\n<meta property=\"og:image\" content=\"http:\/\/www.solucionesparaladiabetes.com\/magazine-diabetes\/wp-content\/uploads\/Padre-e-hijo-cantando.jpg\" \/>\n\t<meta property=\"og:image:width\" content=\"1280\" \/>\n\t<meta property=\"og:image:height\" content=\"853\" \/>\n\t<meta property=\"og:image:type\" content=\"image\/jpeg\" \/>\n<meta name=\"author\" content=\"Redacci\u00f3n Editorial\" \/>\n<meta name=\"twitter:card\" content=\"summary_large_image\" \/>\n<meta name=\"twitter:creator\" content=\"@soluciondiabete\" \/>\n<meta name=\"twitter:site\" content=\"@soluciondiabete\" \/>\n<meta name=\"twitter:label1\" content=\"Escrito por\" \/>\n\t<meta name=\"twitter:data1\" content=\"Redacci\u00f3n Editorial\" \/>\n\t<meta name=\"twitter:label2\" content=\"Tiempo de lectura\" \/>\n\t<meta name=\"twitter:data2\" content=\"5 minutos\" \/>\n<script type=\"application\/ld+json\" class=\"yoast-schema-graph\">{\"@context\":\"https:\\\/\\\/schema.org\",\"@graph\":[{\"@type\":\"Article\",\"@id\":\"https:\\\/\\\/www.solucionesparaladiabetes.com\\\/magazine-diabetes\\\/un-homenaje-con-mucho-rock-y-cerosermones-al-mejor-papa-del-mundo\\\/#article\",\"isPartOf\":{\"@id\":\"https:\\\/\\\/www.solucionesparaladiabetes.com\\\/magazine-diabetes\\\/un-homenaje-con-mucho-rock-y-cerosermones-al-mejor-papa-del-mundo\\\/\"},\"author\":{\"name\":\"Redacci\u00f3n Editorial\",\"@id\":\"https:\\\/\\\/www.solucionesparaladiabetes.com\\\/magazine-diabetes\\\/#\\\/schema\\\/person\\\/9d25dba87bbcd3627b3db1c9acfc9bd7\"},\"headline\":\"Un homenaje (con mucho rock y cerosermones) al Mejor Pap\u00e1 del Mundo\",\"datePublished\":\"2025-03-16T07:00:32+00:00\",\"dateModified\":\"2026-03-16T16:19:59+00:00\",\"mainEntityOfPage\":{\"@id\":\"https:\\\/\\\/www.solucionesparaladiabetes.com\\\/magazine-diabetes\\\/un-homenaje-con-mucho-rock-y-cerosermones-al-mejor-papa-del-mundo\\\/\"},\"wordCount\":973,\"commentCount\":0,\"image\":{\"@id\":\"https:\\\/\\\/www.solucionesparaladiabetes.com\\\/magazine-diabetes\\\/un-homenaje-con-mucho-rock-y-cerosermones-al-mejor-papa-del-mundo\\\/#primaryimage\"},\"thumbnailUrl\":\"https:\\\/\\\/www.solucionesparaladiabetes.com\\\/magazine-diabetes\\\/wp-content\\\/uploads\\\/Padre-e-hijo-cantando.jpg\",\"keywords\":[\"D\u00eda del padre\",\"D\u00edas destacados\"],\"articleSection\":[\"Actualidad\"],\"inLanguage\":\"es\",\"potentialAction\":[{\"@type\":\"CommentAction\",\"name\":\"Comment\",\"target\":[\"https:\\\/\\\/www.solucionesparaladiabetes.com\\\/magazine-diabetes\\\/un-homenaje-con-mucho-rock-y-cerosermones-al-mejor-papa-del-mundo\\\/#respond\"]}]},{\"@type\":\"WebPage\",\"@id\":\"https:\\\/\\\/www.solucionesparaladiabetes.com\\\/magazine-diabetes\\\/un-homenaje-con-mucho-rock-y-cerosermones-al-mejor-papa-del-mundo\\\/\",\"url\":\"https:\\\/\\\/www.solucionesparaladiabetes.com\\\/magazine-diabetes\\\/un-homenaje-con-mucho-rock-y-cerosermones-al-mejor-papa-del-mundo\\\/\",\"name\":\"Un homenaje (con mucho rock y cerosermones) al Mejor Pap\u00e1 del Mundo - iMagazine - Soluciones para la Diabetes\",\"isPartOf\":{\"@id\":\"https:\\\/\\\/www.solucionesparaladiabetes.com\\\/magazine-diabetes\\\/#website\"},\"primaryImageOfPage\":{\"@id\":\"https:\\\/\\\/www.solucionesparaladiabetes.com\\\/magazine-diabetes\\\/un-homenaje-con-mucho-rock-y-cerosermones-al-mejor-papa-del-mundo\\\/#primaryimage\"},\"image\":{\"@id\":\"https:\\\/\\\/www.solucionesparaladiabetes.com\\\/magazine-diabetes\\\/un-homenaje-con-mucho-rock-y-cerosermones-al-mejor-papa-del-mundo\\\/#primaryimage\"},\"thumbnailUrl\":\"https:\\\/\\\/www.solucionesparaladiabetes.com\\\/magazine-diabetes\\\/wp-content\\\/uploads\\\/Padre-e-hijo-cantando.jpg\",\"datePublished\":\"2025-03-16T07:00:32+00:00\",\"dateModified\":\"2026-03-16T16:19:59+00:00\",\"author\":{\"@id\":\"https:\\\/\\\/www.solucionesparaladiabetes.com\\\/magazine-diabetes\\\/#\\\/schema\\\/person\\\/9d25dba87bbcd3627b3db1c9acfc9bd7\"},\"description\":\"El 19 de marzo es el D\u00eda del Padre, y hay que celebrarlo como \u00e9l lo merece: con m\u00fasica, aventura y sin que le recuerdes lo que puede o no comer.\",\"breadcrumb\":{\"@id\":\"https:\\\/\\\/www.solucionesparaladiabetes.com\\\/magazine-diabetes\\\/un-homenaje-con-mucho-rock-y-cerosermones-al-mejor-papa-del-mundo\\\/#breadcrumb\"},\"inLanguage\":\"es\",\"potentialAction\":[{\"@type\":\"ReadAction\",\"target\":[\"https:\\\/\\\/www.solucionesparaladiabetes.com\\\/magazine-diabetes\\\/un-homenaje-con-mucho-rock-y-cerosermones-al-mejor-papa-del-mundo\\\/\"]}]},{\"@type\":\"ImageObject\",\"inLanguage\":\"es\",\"@id\":\"https:\\\/\\\/www.solucionesparaladiabetes.com\\\/magazine-diabetes\\\/un-homenaje-con-mucho-rock-y-cerosermones-al-mejor-papa-del-mundo\\\/#primaryimage\",\"url\":\"https:\\\/\\\/www.solucionesparaladiabetes.com\\\/magazine-diabetes\\\/wp-content\\\/uploads\\\/Padre-e-hijo-cantando.jpg\",\"contentUrl\":\"https:\\\/\\\/www.solucionesparaladiabetes.com\\\/magazine-diabetes\\\/wp-content\\\/uploads\\\/Padre-e-hijo-cantando.jpg\",\"width\":1280,\"height\":853},{\"@type\":\"BreadcrumbList\",\"@id\":\"https:\\\/\\\/www.solucionesparaladiabetes.com\\\/magazine-diabetes\\\/un-homenaje-con-mucho-rock-y-cerosermones-al-mejor-papa-del-mundo\\\/#breadcrumb\",\"itemListElement\":[{\"@type\":\"ListItem\",\"position\":1,\"name\":\"Portada\",\"item\":\"https:\\\/\\\/www.solucionesparaladiabetes.com\\\/magazine-diabetes\\\/\"},{\"@type\":\"ListItem\",\"position\":2,\"name\":\"Un homenaje (con mucho rock y cerosermones) al Mejor Pap\u00e1 del Mundo\"}]},{\"@type\":\"WebSite\",\"@id\":\"https:\\\/\\\/www.solucionesparaladiabetes.com\\\/magazine-diabetes\\\/#website\",\"url\":\"https:\\\/\\\/www.solucionesparaladiabetes.com\\\/magazine-diabetes\\\/\",\"name\":\"Soluciones para la Diabetes\",\"description\":\"iMagazine\",\"potentialAction\":[{\"@type\":\"SearchAction\",\"target\":{\"@type\":\"EntryPoint\",\"urlTemplate\":\"https:\\\/\\\/www.solucionesparaladiabetes.com\\\/magazine-diabetes\\\/?s={search_term_string}\"},\"query-input\":{\"@type\":\"PropertyValueSpecification\",\"valueRequired\":true,\"valueName\":\"search_term_string\"}}],\"inLanguage\":\"es\"},{\"@type\":\"Person\",\"@id\":\"https:\\\/\\\/www.solucionesparaladiabetes.com\\\/magazine-diabetes\\\/#\\\/schema\\\/person\\\/9d25dba87bbcd3627b3db1c9acfc9bd7\",\"name\":\"Redacci\u00f3n Editorial\",\"image\":{\"@type\":\"ImageObject\",\"inLanguage\":\"es\",\"@id\":\"https:\\\/\\\/secure.gravatar.com\\\/avatar\\\/9a32759cfac6842eec272cac6814846d5d94168e8533a3088620732917ec742e?s=96&d=mm&r=g\",\"url\":\"https:\\\/\\\/secure.gravatar.com\\\/avatar\\\/9a32759cfac6842eec272cac6814846d5d94168e8533a3088620732917ec742e?s=96&d=mm&r=g\",\"contentUrl\":\"https:\\\/\\\/secure.gravatar.com\\\/avatar\\\/9a32759cfac6842eec272cac6814846d5d94168e8533a3088620732917ec742e?s=96&d=mm&r=g\",\"caption\":\"Redacci\u00f3n Editorial\"}}]}<\/script>\n<!-- \/ Yoast SEO plugin. -->","yoast_head_json":{"title":"Un homenaje (con mucho rock y cerosermones) al Mejor Pap\u00e1 del Mundo - iMagazine - Soluciones para la Diabetes","description":"El 19 de marzo es el D\u00eda del Padre, y hay que celebrarlo como \u00e9l lo merece: con m\u00fasica, aventura y sin que le recuerdes lo que puede o no comer.","robots":{"index":"index","follow":"follow","max-snippet":"max-snippet:-1","max-image-preview":"max-image-preview:large","max-video-preview":"max-video-preview:-1"},"canonical":"https:\/\/www.solucionesparaladiabetes.com\/magazine-diabetes\/un-homenaje-con-mucho-rock-y-cerosermones-al-mejor-papa-del-mundo\/","og_locale":"es_ES","og_type":"article","og_title":"Un homenaje (con mucho rock y cerosermones) al Mejor Pap\u00e1 del Mundo - iMagazine - Soluciones para la Diabetes","og_description":"El 19 de marzo es el D\u00eda del Padre, y hay que celebrarlo como \u00e9l lo merece: con m\u00fasica, aventura y sin que le recuerdes lo que puede o no comer.","og_url":"https:\/\/www.solucionesparaladiabetes.com\/magazine-diabetes\/un-homenaje-con-mucho-rock-y-cerosermones-al-mejor-papa-del-mundo\/","og_site_name":"Soluciones para la Diabetes","article_published_time":"2025-03-16T07:00:32+00:00","article_modified_time":"2026-03-16T16:19:59+00:00","og_image":[{"width":1280,"height":853,"url":"http:\/\/www.solucionesparaladiabetes.com\/magazine-diabetes\/wp-content\/uploads\/Padre-e-hijo-cantando.jpg","type":"image\/jpeg"}],"author":"Redacci\u00f3n Editorial","twitter_card":"summary_large_image","twitter_creator":"@soluciondiabete","twitter_site":"@soluciondiabete","twitter_misc":{"Escrito por":"Redacci\u00f3n Editorial","Tiempo de lectura":"5 minutos"},"schema":{"@context":"https:\/\/schema.org","@graph":[{"@type":"Article","@id":"https:\/\/www.solucionesparaladiabetes.com\/magazine-diabetes\/un-homenaje-con-mucho-rock-y-cerosermones-al-mejor-papa-del-mundo\/#article","isPartOf":{"@id":"https:\/\/www.solucionesparaladiabetes.com\/magazine-diabetes\/un-homenaje-con-mucho-rock-y-cerosermones-al-mejor-papa-del-mundo\/"},"author":{"name":"Redacci\u00f3n Editorial","@id":"https:\/\/www.solucionesparaladiabetes.com\/magazine-diabetes\/#\/schema\/person\/9d25dba87bbcd3627b3db1c9acfc9bd7"},"headline":"Un homenaje (con mucho rock y cerosermones) al Mejor Pap\u00e1 del Mundo","datePublished":"2025-03-16T07:00:32+00:00","dateModified":"2026-03-16T16:19:59+00:00","mainEntityOfPage":{"@id":"https:\/\/www.solucionesparaladiabetes.com\/magazine-diabetes\/un-homenaje-con-mucho-rock-y-cerosermones-al-mejor-papa-del-mundo\/"},"wordCount":973,"commentCount":0,"image":{"@id":"https:\/\/www.solucionesparaladiabetes.com\/magazine-diabetes\/un-homenaje-con-mucho-rock-y-cerosermones-al-mejor-papa-del-mundo\/#primaryimage"},"thumbnailUrl":"https:\/\/www.solucionesparaladiabetes.com\/magazine-diabetes\/wp-content\/uploads\/Padre-e-hijo-cantando.jpg","keywords":["D\u00eda del padre","D\u00edas destacados"],"articleSection":["Actualidad"],"inLanguage":"es","potentialAction":[{"@type":"CommentAction","name":"Comment","target":["https:\/\/www.solucionesparaladiabetes.com\/magazine-diabetes\/un-homenaje-con-mucho-rock-y-cerosermones-al-mejor-papa-del-mundo\/#respond"]}]},{"@type":"WebPage","@id":"https:\/\/www.solucionesparaladiabetes.com\/magazine-diabetes\/un-homenaje-con-mucho-rock-y-cerosermones-al-mejor-papa-del-mundo\/","url":"https:\/\/www.solucionesparaladiabetes.com\/magazine-diabetes\/un-homenaje-con-mucho-rock-y-cerosermones-al-mejor-papa-del-mundo\/","name":"Un homenaje (con mucho rock y cerosermones) al Mejor Pap\u00e1 del Mundo - iMagazine - Soluciones para la Diabetes","isPartOf":{"@id":"https:\/\/www.solucionesparaladiabetes.com\/magazine-diabetes\/#website"},"primaryImageOfPage":{"@id":"https:\/\/www.solucionesparaladiabetes.com\/magazine-diabetes\/un-homenaje-con-mucho-rock-y-cerosermones-al-mejor-papa-del-mundo\/#primaryimage"},"image":{"@id":"https:\/\/www.solucionesparaladiabetes.com\/magazine-diabetes\/un-homenaje-con-mucho-rock-y-cerosermones-al-mejor-papa-del-mundo\/#primaryimage"},"thumbnailUrl":"https:\/\/www.solucionesparaladiabetes.com\/magazine-diabetes\/wp-content\/uploads\/Padre-e-hijo-cantando.jpg","datePublished":"2025-03-16T07:00:32+00:00","dateModified":"2026-03-16T16:19:59+00:00","author":{"@id":"https:\/\/www.solucionesparaladiabetes.com\/magazine-diabetes\/#\/schema\/person\/9d25dba87bbcd3627b3db1c9acfc9bd7"},"description":"El 19 de marzo es el D\u00eda del Padre, y hay que celebrarlo como \u00e9l lo merece: con m\u00fasica, aventura y sin que le recuerdes lo que puede o no comer.","breadcrumb":{"@id":"https:\/\/www.solucionesparaladiabetes.com\/magazine-diabetes\/un-homenaje-con-mucho-rock-y-cerosermones-al-mejor-papa-del-mundo\/#breadcrumb"},"inLanguage":"es","potentialAction":[{"@type":"ReadAction","target":["https:\/\/www.solucionesparaladiabetes.com\/magazine-diabetes\/un-homenaje-con-mucho-rock-y-cerosermones-al-mejor-papa-del-mundo\/"]}]},{"@type":"ImageObject","inLanguage":"es","@id":"https:\/\/www.solucionesparaladiabetes.com\/magazine-diabetes\/un-homenaje-con-mucho-rock-y-cerosermones-al-mejor-papa-del-mundo\/#primaryimage","url":"https:\/\/www.solucionesparaladiabetes.com\/magazine-diabetes\/wp-content\/uploads\/Padre-e-hijo-cantando.jpg","contentUrl":"https:\/\/www.solucionesparaladiabetes.com\/magazine-diabetes\/wp-content\/uploads\/Padre-e-hijo-cantando.jpg","width":1280,"height":853},{"@type":"BreadcrumbList","@id":"https:\/\/www.solucionesparaladiabetes.com\/magazine-diabetes\/un-homenaje-con-mucho-rock-y-cerosermones-al-mejor-papa-del-mundo\/#breadcrumb","itemListElement":[{"@type":"ListItem","position":1,"name":"Portada","item":"https:\/\/www.solucionesparaladiabetes.com\/magazine-diabetes\/"},{"@type":"ListItem","position":2,"name":"Un homenaje (con mucho rock y cerosermones) al Mejor Pap\u00e1 del Mundo"}]},{"@type":"WebSite","@id":"https:\/\/www.solucionesparaladiabetes.com\/magazine-diabetes\/#website","url":"https:\/\/www.solucionesparaladiabetes.com\/magazine-diabetes\/","name":"Soluciones para la Diabetes","description":"iMagazine","potentialAction":[{"@type":"SearchAction","target":{"@type":"EntryPoint","urlTemplate":"https:\/\/www.solucionesparaladiabetes.com\/magazine-diabetes\/?s={search_term_string}"},"query-input":{"@type":"PropertyValueSpecification","valueRequired":true,"valueName":"search_term_string"}}],"inLanguage":"es"},{"@type":"Person","@id":"https:\/\/www.solucionesparaladiabetes.com\/magazine-diabetes\/#\/schema\/person\/9d25dba87bbcd3627b3db1c9acfc9bd7","name":"Redacci\u00f3n Editorial","image":{"@type":"ImageObject","inLanguage":"es","@id":"https:\/\/secure.gravatar.com\/avatar\/9a32759cfac6842eec272cac6814846d5d94168e8533a3088620732917ec742e?s=96&d=mm&r=g","url":"https:\/\/secure.gravatar.com\/avatar\/9a32759cfac6842eec272cac6814846d5d94168e8533a3088620732917ec742e?s=96&d=mm&r=g","contentUrl":"https:\/\/secure.gravatar.com\/avatar\/9a32759cfac6842eec272cac6814846d5d94168e8533a3088620732917ec742e?s=96&d=mm&r=g","caption":"Redacci\u00f3n Editorial"}}]}},"_links":{"self":[{"href":"https:\/\/www.solucionesparaladiabetes.com\/magazine-diabetes\/wp-json\/wp\/v2\/posts\/14023","targetHints":{"allow":["GET"]}}],"collection":[{"href":"https:\/\/www.solucionesparaladiabetes.com\/magazine-diabetes\/wp-json\/wp\/v2\/posts"}],"about":[{"href":"https:\/\/www.solucionesparaladiabetes.com\/magazine-diabetes\/wp-json\/wp\/v2\/types\/post"}],"author":[{"embeddable":true,"href":"https:\/\/www.solucionesparaladiabetes.com\/magazine-diabetes\/wp-json\/wp\/v2\/users\/19"}],"replies":[{"embeddable":true,"href":"https:\/\/www.solucionesparaladiabetes.com\/magazine-diabetes\/wp-json\/wp\/v2\/comments?post=14023"}],"version-history":[{"count":8,"href":"https:\/\/www.solucionesparaladiabetes.com\/magazine-diabetes\/wp-json\/wp\/v2\/posts\/14023\/revisions"}],"predecessor-version":[{"id":14795,"href":"https:\/\/www.solucionesparaladiabetes.com\/magazine-diabetes\/wp-json\/wp\/v2\/posts\/14023\/revisions\/14795"}],"wp:featuredmedia":[{"embeddable":true,"href":"https:\/\/www.solucionesparaladiabetes.com\/magazine-diabetes\/wp-json\/wp\/v2\/media\/14025"}],"wp:attachment":[{"href":"https:\/\/www.solucionesparaladiabetes.com\/magazine-diabetes\/wp-json\/wp\/v2\/media?parent=14023"}],"wp:term":[{"taxonomy":"category","embeddable":true,"href":"https:\/\/www.solucionesparaladiabetes.com\/magazine-diabetes\/wp-json\/wp\/v2\/categories?post=14023"},{"taxonomy":"post_tag","embeddable":true,"href":"https:\/\/www.solucionesparaladiabetes.com\/magazine-diabetes\/wp-json\/wp\/v2\/tags?post=14023"}],"curies":[{"name":"wp","href":"https:\/\/api.w.org\/{rel}","templated":true}]}}