{"id":13995,"date":"2025-03-07T20:48:36","date_gmt":"2025-03-07T19:48:36","guid":{"rendered":"https:\/\/www.solucionesparaladiabetes.com\/magazine-diabetes\/?p=13995"},"modified":"2025-11-19T11:01:28","modified_gmt":"2025-11-19T10:01:28","slug":"mujeres-que-pisan-fuerte-diabetes-con-perspectiva-femenina","status":"publish","type":"post","link":"https:\/\/www.solucionesparaladiabetes.com\/magazine-diabetes\/mujeres-que-pisan-fuerte-diabetes-con-perspectiva-femenina\/","title":{"rendered":"Mujeres que pisan fuerte: Diabetes con perspectiva femenina"},"content":{"rendered":"<blockquote>\n<p data-start=\"183\" data-end=\"530\">El 8 de marzo, como cada a\u00f1o, celebramos el D\u00eda Internacional de la Mujer, una fecha para reconocer la lucha hist\u00f3rica de las mujeres por sus derechos y visibilizar los desaf\u00edos que a\u00fan persisten. Pero, adem\u00e1s de hablar de igualdad y justicia, hoy queremos centrarnos en un tema que afecta directamente a la salud femenina: la diabetes en mujeres.<\/p>\n<\/blockquote>\n<p data-start=\"854\" data-end=\"1002\"><strong>As\u00ed que, si tienes diabetes, conoces a alguien que la tiene o simplemente te interesa la salud femenina, qu\u00e9date, que esto tambi\u00e9n es por y para ti.<\/strong><\/p>\n<p data-start=\"854\" data-end=\"1002\">Porque s\u00ed, aunque la diabetes es una condici\u00f3n que puede aparecer en cualquier persona, lo cierto es que no afecta igual a hombres y mujeres. Hoy te traemos un recorrido ameno y \u00fatil para entender qu\u00e9 tiene que ver el g\u00e9nero con la glucosa y c\u00f3mo puedes cuidarte (o cuidar a las mujeres de tu vida) de manera especial.<\/p>\n<h2 data-start=\"1004\" data-end=\"1049\"><strong>Diabetes y mujeres: \u00bfqu\u00e9 hay de diferente?<\/strong><\/h2>\n<p data-start=\"1051\" data-end=\"1237\">Las mujeres no solo enfrentan la diabetes de forma diferente, sino que tambi\u00e9n deben estar atentas a ciertos factores espec\u00edficos que impactan su salud. Aqu\u00ed te contamos los principales:<\/p>\n<ul data-start=\"1239\" data-end=\"2248\">\n<li data-start=\"1239\" data-end=\"1518\">\n<p data-start=\"1241\" data-end=\"1518\"><strong>Mayor riesgo cardiovascular:<\/strong> Aunque los infartos siempre se han asociado m\u00e1s a los hombres, en las mujeres con diabetes el riesgo se dispara. La diabetes multiplica las probabilidades de sufrir problemas card\u00edacos y, adem\u00e1s, los s\u00edntomas en mujeres pueden pasar desapercibidos.<\/p>\n<\/li>\n<li data-start=\"1520\" data-end=\"1748\">\n<p data-start=\"1522\" data-end=\"1748\"><strong>La diabetes gestacional:<\/strong> Solo afecta a las mujeres. Durante el embarazo, algunas mujeres desarrollan este tipo de diabetes, que aunque suele desaparecer tras el parto, aumenta el riesgo de padecer diabetes tipo 2 m\u00e1s adelante.<\/p>\n<\/li>\n<li data-start=\"1750\" data-end=\"1974\">\n<p data-start=\"1752\" data-end=\"1974\"><strong>Cambios hormonales:<\/strong> Desde la pubertad hasta la menopausia, las hormonas juegan un papel crucial en los niveles de glucosa. Esto significa que las mujeres con diabetes deben estar especialmente atentas durante estas etapas.<\/p>\n<\/li>\n<li data-start=\"1976\" data-end=\"2248\">\n<p data-start=\"1978\" data-end=\"2248\"><strong>Cuidar sin descuidarse:<\/strong> Muchas veces las mujeres asumen el rol de cuidadoras de familiares con diabetes (hijos, padres, parejas&#8230;), y en ese proceso acaban dejando su propia salud en segundo plano. Error. Primero tienes que estar bien t\u00fa para poder cuidar de los dem\u00e1s.<\/p>\n<\/li>\n<\/ul>\n<h2 data-start=\"2250\" data-end=\"2291\">Mujeres reales, historias que inspiran<\/h2>\n<p data-start=\"2293\" data-end=\"2501\">Porque la mejor forma de aprender es a trav\u00e9s de ejemplos cercanos, aqu\u00ed te compartimos tres historias de 3 mujeres emprendedoras, que instruyen y cuentan su d\u00eda a d\u00eda cada una a su modo.<\/p>\n<p data-start=\"138\" data-end=\"186\"><strong data-start=\"138\" data-end=\"186\">1. Anusketa TF (@mamapancreas_devikingaazul)<\/strong><\/p>\n<p data-start=\"188\" data-end=\"365\"><span class=\"relative -mx-px my-[-0.2rem] rounded px-px py-[0.2rem]\">Anusketa es madre de Valeria, diagnosticada con diabetes tipo 1 a los 3 a\u00f1os.<\/span> <span class=\"relative -mx-px my-[-0.2rem] rounded px-px py-[0.2rem]\">En su cuenta de Instagram, busca dar visibilidad a la diabetes tipo 1 y ha creado \u00abl@s NUSKAS\u00bb, mu\u00f1ecos de ganchillo con diabetes tipo 1.<\/span> Puedes seguirla en: \u200b<span class=\"\" data-state=\"closed\"><span class=\"ml-1 inline-flex max-w-full items-center justify-center relative top-[-0.094rem]\"><a class=\"flex h-6 overflow-hidden rounded-xl px-2.5 text-[0.5625em] font-medium !bg-[#F4F4F4] !text-token-text-secondary dark:!bg-[#303030]\" href=\"https:\/\/www.instagram.com\/mamapancreas_devikingaazul\/\" target=\"_blank\" rel=\"noopener\"><span class=\"relative bottom-0 left-0 flex h-full w-full items-center\"><span class=\"flex h-4 w-full items-center justify-between overflow-hidden\"><span class=\"max-w-full grow overflow-hidden truncate text-center\">instagram.com<\/span><\/span><\/span><\/a><\/span><\/span><\/p>\n<p data-start=\"367\" data-end=\"407\"><strong data-start=\"367\" data-end=\"407\">2. Aida G\u00e1mez (@lazucarilladetormes)<\/strong><\/p>\n<p data-start=\"409\" data-end=\"600\"><span class=\"relative -mx-px my-[-0.2rem] rounded px-px py-[0.2rem]\">Aida convive con diabetes tipo 1 y es amante de la cocina saludable.<\/span> <span class=\"relative -mx-px my-[-0.2rem] rounded px-px py-[0.2rem]\">En su perfil de Instagram, comparte recetas, consejos y experiencias relacionadas con la diabetes, siempre con un toque de humor.<\/span> Puedes conocer m\u00e1s <a href=\"http:\/\/www.instagram.com\/lazucarilladetormes\/?hl=en\">sobre Aida en Instagram<\/a><\/p>\n<p data-start=\"825\" data-end=\"910\"><strong>3. Rebeca (@diabetespositive)<\/strong><\/p>\n<p>Si hablamos de referentes en redes sociales que est\u00e1n revolucionando la manera de comunicar sobre la diabetes en Espa\u00f1a, no podemos pasar por alto a @diabetespositive, una cuenta de Instagram gestionada por una joven valenciana diagnosticada con diabetes tipo 1 en 2010.\u00a0Lejos de los discursos alarmistas o llenos de tecnicismos, en su cuenta de Istagram encontramos un espacio cercano, optimista y realista sobre lo que supone convivir cada d\u00eda con esta condici\u00f3n cr\u00f3nica. <a href=\"https:\/\/www.instagram.com\/diabetespositive\/\">Rebeca en Instagram<\/a><\/p>\n<h2 data-start=\"3444\" data-end=\"3501\">Consejos para mujeres que quieren cuidarse (de verdad)<\/h2>\n<p data-start=\"3503\" data-end=\"3633\">Si bien hay pautas comunes para todas las personas con diabetes, aqu\u00ed van algunos consejos especiales pensados por y para mujeres:<\/p>\n<ul data-start=\"3635\" data-end=\"4217\">\n<li data-start=\"3635\" data-end=\"3743\">\n<p data-start=\"3637\" data-end=\"3743\"><strong>Haz del autocuidado tu prioridad.<\/strong> El multitasking tiene un precio. Dedica tiempo a tu bienestar sin culpa.<\/p>\n<\/li>\n<li data-start=\"3745\" data-end=\"3905\">\n<p data-start=\"3747\" data-end=\"3905\"><strong>Adapta tu alimentaci\u00f3n a cada etapa.<\/strong> En el embarazo, tras la menopausia o en los a\u00f1os m\u00e1s activos laboralmente, tu cuerpo cambia&#8230; y tus necesidades tambi\u00e9n.<\/p>\n<\/li>\n<li data-start=\"3907\" data-end=\"4091\">\n<p data-start=\"3909\" data-end=\"4091\"><strong>Chequeos m\u00e9dicos a conciencia.<\/strong> M\u00e1s all\u00e1 del control gluc\u00e9mico, no olvides revisar tu salud cardiovascular, tus niveles de colesterol y tu salud \u00f3sea, especialmente despu\u00e9s de los 50.<\/p>\n<\/li>\n<li data-start=\"4093\" data-end=\"4217\">\n<p data-start=\"4095\" data-end=\"4217\"><strong>Rod\u00e9ate de apoyo femenino.<\/strong> Compartir experiencias con otras mujeres que entienden lo que vives puede marcar la diferencia.<\/p>\n<\/li>\n<\/ul>\n<h2 data-start=\"4219\" data-end=\"4264\">Celebra este 8M cuid\u00e1ndote (y cuid\u00e1ndonos)<\/h2>\n<p data-start=\"4266\" data-end=\"4514\">Este <strong>D\u00eda Internacional de la Mujer <\/strong>es la excusa perfecta para hacer algo diferente. \u00bfQu\u00e9 tal una caminata con amigas? \u00bfO preparar un desayuno saludable para compartir? \u00bfO simplemente regalarte ese rato de autocuidado que llevas semanas posponiendo?<\/p>\n<p data-start=\"4516\" data-end=\"4616\">Porque defender los derechos de las mujeres tambi\u00e9n significa exigir salud, autocuidado y bienestar.<\/p>\n<h2 data-start=\"4618\" data-end=\"4635\"><\/h2>\n<blockquote>\n<p data-start=\"4637\" data-end=\"4927\">Este 8 de marzo brindamos por todas las mujeres que conviven con la diabetes y demuestran d\u00eda tras d\u00eda que vivir bien es posible. Por las que se cuidan, por las que cuidan, por las que aprenden y por las que ense\u00f1an. Porque si algo nos define es que no hay az\u00facar (en sangre) que nos frene.<\/p>\n<\/blockquote>\n<h2 data-start=\"4618\" data-end=\"4635\">Para terminar\u2026<\/h2>\n<p><strong>Hoy, 168 a\u00f1os despu\u00e9s de la huelga de las mujeres trabajadoras en New York, la lucha de las mujeres en todo el mundo sigue en pie para contrarrestar la violaci\u00f3n a los derechos humanos de mujeres y ni\u00f1as.\u00a0<\/strong><\/p>\n<p>El 8 de marzo, D\u00eda Internacional de la Mujer, f<a href=\"https:\/\/ippdh.mercosur.int\/el-8-de-marzo-dia-internacional-de-la-mujer-las-mujeres-en-los-territorios-y-comunidades-sostienen-nuestra-region-y-el-mundo\/\">ue establecido por la Asamblea General de la Organizaci\u00f3n de las Naciones Unidas (ONU)<\/a> en 1977, en recordaci\u00f3n al 8 de marzo de 1857, cuando 129 obreras textiles de la f\u00e1brica Cotton de Nueva York fallecen en un incendio mientras se manifestaban en contra de la extensa jornada laboral, los bajos salarios, las precarias condiciones de trabajo.<\/p>\n<p><img loading=\"lazy\" decoding=\"async\" class=\"size-medium wp-image-14002 aligncenter\" src=\"http:\/\/www.solucionesparaladiabetes.com\/magazine-diabetes\/wp-content\/uploads\/Logo_editaton_ciencia_y_mujeres.svg_-195x300.png\" alt=\"Mujeres en la ciencia\" width=\"195\" height=\"300\" srcset=\"https:\/\/www.solucionesparaladiabetes.com\/magazine-diabetes\/wp-content\/uploads\/Logo_editaton_ciencia_y_mujeres.svg_-195x300.png 195w, https:\/\/www.solucionesparaladiabetes.com\/magazine-diabetes\/wp-content\/uploads\/Logo_editaton_ciencia_y_mujeres.svg_-274x420.png 274w, https:\/\/www.solucionesparaladiabetes.com\/magazine-diabetes\/wp-content\/uploads\/Logo_editaton_ciencia_y_mujeres.svg_.png 501w\" sizes=\"auto, (max-width: 195px) 100vw, 195px\" \/><\/p>\n<p>&nbsp;<\/p>\n<p>&nbsp;<\/p>\n","protected":false},"excerpt":{"rendered":"<p>El 8 de marzo, como cada a\u00f1o, celebramos el D\u00eda Internacional de la Mujer, una fecha para reconocer la lucha hist\u00f3rica de las mujeres por sus derechos y visibilizar los [&hellip;]<\/p>\n","protected":false},"author":19,"featured_media":14000,"comment_status":"open","ping_status":"open","sticky":false,"template":"","format":"standard","meta":{"_acf_changed":false,"_monsterinsights_skip_tracking":false,"_monsterinsights_sitenote_active":false,"_monsterinsights_sitenote_note":"","_monsterinsights_sitenote_category":0,"footnotes":""},"categories":[1],"tags":[1472,1471,491],"class_list":["post-13995","post","type-post","status-publish","format-standard","has-post-thumbnail","hentry","category-actualidad","tag-emprendimiento","tag-mujeres","tag-mujeres-con-diabetes"],"acf":[],"yoast_head":"<!-- This site is optimized with the Yoast SEO plugin v27.5 - https:\/\/yoast.com\/product\/yoast-seo-wordpress\/ -->\n<title>Mujeres que pisan fuerte: Diabetes con perspectiva femenina - iMagazine - Soluciones para la Diabetes<\/title>\n<meta name=\"description\" content=\"En este D\u00eda de la Mujer reivindiquemos todas los derechos y Conoce historias reales de mujeres que inspiran con Diabetes.\" \/>\n<meta name=\"robots\" content=\"index, follow, max-snippet:-1, max-image-preview:large, max-video-preview:-1\" \/>\n<link rel=\"canonical\" href=\"https:\/\/www.solucionesparaladiabetes.com\/magazine-diabetes\/mujeres-que-pisan-fuerte-diabetes-con-perspectiva-femenina\/\" \/>\n<meta property=\"og:locale\" content=\"es_ES\" \/>\n<meta property=\"og:type\" content=\"article\" \/>\n<meta property=\"og:title\" content=\"Mujeres que pisan fuerte: Diabetes con perspectiva femenina - iMagazine - Soluciones para la Diabetes\" \/>\n<meta property=\"og:description\" content=\"En este D\u00eda de la Mujer reivindiquemos todas los derechos y Conoce historias reales de mujeres que inspiran con Diabetes.\" \/>\n<meta property=\"og:url\" content=\"https:\/\/www.solucionesparaladiabetes.com\/magazine-diabetes\/mujeres-que-pisan-fuerte-diabetes-con-perspectiva-femenina\/\" \/>\n<meta property=\"og:site_name\" content=\"Soluciones para la Diabetes\" \/>\n<meta property=\"article:published_time\" content=\"2025-03-07T19:48:36+00:00\" \/>\n<meta property=\"article:modified_time\" content=\"2025-11-19T10:01:28+00:00\" \/>\n<meta property=\"og:image\" content=\"http:\/\/www.solucionesparaladiabetes.com\/magazine-diabetes\/wp-content\/uploads\/amigas-en-el-Dia-Internacional-de-la-Mujer.jpg\" \/>\n\t<meta property=\"og:image:width\" content=\"672\" \/>\n\t<meta property=\"og:image:height\" content=\"448\" \/>\n\t<meta property=\"og:image:type\" content=\"image\/jpeg\" \/>\n<meta name=\"author\" content=\"Redacci\u00f3n Editorial\" \/>\n<meta name=\"twitter:card\" content=\"summary_large_image\" \/>\n<meta name=\"twitter:creator\" content=\"@soluciondiabete\" \/>\n<meta name=\"twitter:site\" content=\"@soluciondiabete\" \/>\n<meta name=\"twitter:label1\" content=\"Escrito por\" \/>\n\t<meta name=\"twitter:data1\" content=\"Redacci\u00f3n Editorial\" \/>\n\t<meta name=\"twitter:label2\" content=\"Tiempo de lectura\" \/>\n\t<meta name=\"twitter:data2\" content=\"4 minutos\" \/>\n<script type=\"application\/ld+json\" class=\"yoast-schema-graph\">{\"@context\":\"https:\\\/\\\/schema.org\",\"@graph\":[{\"@type\":\"Article\",\"@id\":\"https:\\\/\\\/www.solucionesparaladiabetes.com\\\/magazine-diabetes\\\/mujeres-que-pisan-fuerte-diabetes-con-perspectiva-femenina\\\/#article\",\"isPartOf\":{\"@id\":\"https:\\\/\\\/www.solucionesparaladiabetes.com\\\/magazine-diabetes\\\/mujeres-que-pisan-fuerte-diabetes-con-perspectiva-femenina\\\/\"},\"author\":{\"name\":\"Redacci\u00f3n Editorial\",\"@id\":\"https:\\\/\\\/www.solucionesparaladiabetes.com\\\/magazine-diabetes\\\/#\\\/schema\\\/person\\\/9d25dba87bbcd3627b3db1c9acfc9bd7\"},\"headline\":\"Mujeres que pisan fuerte: Diabetes con perspectiva femenina\",\"datePublished\":\"2025-03-07T19:48:36+00:00\",\"dateModified\":\"2025-11-19T10:01:28+00:00\",\"mainEntityOfPage\":{\"@id\":\"https:\\\/\\\/www.solucionesparaladiabetes.com\\\/magazine-diabetes\\\/mujeres-que-pisan-fuerte-diabetes-con-perspectiva-femenina\\\/\"},\"wordCount\":931,\"commentCount\":0,\"image\":{\"@id\":\"https:\\\/\\\/www.solucionesparaladiabetes.com\\\/magazine-diabetes\\\/mujeres-que-pisan-fuerte-diabetes-con-perspectiva-femenina\\\/#primaryimage\"},\"thumbnailUrl\":\"https:\\\/\\\/www.solucionesparaladiabetes.com\\\/magazine-diabetes\\\/wp-content\\\/uploads\\\/amigas-en-el-Dia-Internacional-de-la-Mujer.jpg\",\"keywords\":[\"emprendimiento\",\"Mujeres\",\"Mujeres con diabetes\"],\"articleSection\":[\"Actualidad\"],\"inLanguage\":\"es\",\"potentialAction\":[{\"@type\":\"CommentAction\",\"name\":\"Comment\",\"target\":[\"https:\\\/\\\/www.solucionesparaladiabetes.com\\\/magazine-diabetes\\\/mujeres-que-pisan-fuerte-diabetes-con-perspectiva-femenina\\\/#respond\"]}]},{\"@type\":\"WebPage\",\"@id\":\"https:\\\/\\\/www.solucionesparaladiabetes.com\\\/magazine-diabetes\\\/mujeres-que-pisan-fuerte-diabetes-con-perspectiva-femenina\\\/\",\"url\":\"https:\\\/\\\/www.solucionesparaladiabetes.com\\\/magazine-diabetes\\\/mujeres-que-pisan-fuerte-diabetes-con-perspectiva-femenina\\\/\",\"name\":\"Mujeres que pisan fuerte: Diabetes con perspectiva femenina - iMagazine - Soluciones para la Diabetes\",\"isPartOf\":{\"@id\":\"https:\\\/\\\/www.solucionesparaladiabetes.com\\\/magazine-diabetes\\\/#website\"},\"primaryImageOfPage\":{\"@id\":\"https:\\\/\\\/www.solucionesparaladiabetes.com\\\/magazine-diabetes\\\/mujeres-que-pisan-fuerte-diabetes-con-perspectiva-femenina\\\/#primaryimage\"},\"image\":{\"@id\":\"https:\\\/\\\/www.solucionesparaladiabetes.com\\\/magazine-diabetes\\\/mujeres-que-pisan-fuerte-diabetes-con-perspectiva-femenina\\\/#primaryimage\"},\"thumbnailUrl\":\"https:\\\/\\\/www.solucionesparaladiabetes.com\\\/magazine-diabetes\\\/wp-content\\\/uploads\\\/amigas-en-el-Dia-Internacional-de-la-Mujer.jpg\",\"datePublished\":\"2025-03-07T19:48:36+00:00\",\"dateModified\":\"2025-11-19T10:01:28+00:00\",\"author\":{\"@id\":\"https:\\\/\\\/www.solucionesparaladiabetes.com\\\/magazine-diabetes\\\/#\\\/schema\\\/person\\\/9d25dba87bbcd3627b3db1c9acfc9bd7\"},\"description\":\"En este D\u00eda de la Mujer reivindiquemos todas los derechos y Conoce historias reales de mujeres que inspiran con Diabetes.\",\"breadcrumb\":{\"@id\":\"https:\\\/\\\/www.solucionesparaladiabetes.com\\\/magazine-diabetes\\\/mujeres-que-pisan-fuerte-diabetes-con-perspectiva-femenina\\\/#breadcrumb\"},\"inLanguage\":\"es\",\"potentialAction\":[{\"@type\":\"ReadAction\",\"target\":[\"https:\\\/\\\/www.solucionesparaladiabetes.com\\\/magazine-diabetes\\\/mujeres-que-pisan-fuerte-diabetes-con-perspectiva-femenina\\\/\"]}]},{\"@type\":\"ImageObject\",\"inLanguage\":\"es\",\"@id\":\"https:\\\/\\\/www.solucionesparaladiabetes.com\\\/magazine-diabetes\\\/mujeres-que-pisan-fuerte-diabetes-con-perspectiva-femenina\\\/#primaryimage\",\"url\":\"https:\\\/\\\/www.solucionesparaladiabetes.com\\\/magazine-diabetes\\\/wp-content\\\/uploads\\\/amigas-en-el-Dia-Internacional-de-la-Mujer.jpg\",\"contentUrl\":\"https:\\\/\\\/www.solucionesparaladiabetes.com\\\/magazine-diabetes\\\/wp-content\\\/uploads\\\/amigas-en-el-Dia-Internacional-de-la-Mujer.jpg\",\"width\":672,\"height\":448,\"caption\":\"amigas en el D\u00eda Internacional de la Mujer\"},{\"@type\":\"BreadcrumbList\",\"@id\":\"https:\\\/\\\/www.solucionesparaladiabetes.com\\\/magazine-diabetes\\\/mujeres-que-pisan-fuerte-diabetes-con-perspectiva-femenina\\\/#breadcrumb\",\"itemListElement\":[{\"@type\":\"ListItem\",\"position\":1,\"name\":\"Portada\",\"item\":\"https:\\\/\\\/www.solucionesparaladiabetes.com\\\/magazine-diabetes\\\/\"},{\"@type\":\"ListItem\",\"position\":2,\"name\":\"Mujeres que pisan fuerte: Diabetes con perspectiva femenina\"}]},{\"@type\":\"WebSite\",\"@id\":\"https:\\\/\\\/www.solucionesparaladiabetes.com\\\/magazine-diabetes\\\/#website\",\"url\":\"https:\\\/\\\/www.solucionesparaladiabetes.com\\\/magazine-diabetes\\\/\",\"name\":\"Soluciones para la Diabetes\",\"description\":\"iMagazine\",\"potentialAction\":[{\"@type\":\"SearchAction\",\"target\":{\"@type\":\"EntryPoint\",\"urlTemplate\":\"https:\\\/\\\/www.solucionesparaladiabetes.com\\\/magazine-diabetes\\\/?s={search_term_string}\"},\"query-input\":{\"@type\":\"PropertyValueSpecification\",\"valueRequired\":true,\"valueName\":\"search_term_string\"}}],\"inLanguage\":\"es\"},{\"@type\":\"Person\",\"@id\":\"https:\\\/\\\/www.solucionesparaladiabetes.com\\\/magazine-diabetes\\\/#\\\/schema\\\/person\\\/9d25dba87bbcd3627b3db1c9acfc9bd7\",\"name\":\"Redacci\u00f3n Editorial\",\"image\":{\"@type\":\"ImageObject\",\"inLanguage\":\"es\",\"@id\":\"https:\\\/\\\/secure.gravatar.com\\\/avatar\\\/9a32759cfac6842eec272cac6814846d5d94168e8533a3088620732917ec742e?s=96&d=mm&r=g\",\"url\":\"https:\\\/\\\/secure.gravatar.com\\\/avatar\\\/9a32759cfac6842eec272cac6814846d5d94168e8533a3088620732917ec742e?s=96&d=mm&r=g\",\"contentUrl\":\"https:\\\/\\\/secure.gravatar.com\\\/avatar\\\/9a32759cfac6842eec272cac6814846d5d94168e8533a3088620732917ec742e?s=96&d=mm&r=g\",\"caption\":\"Redacci\u00f3n Editorial\"}}]}<\/script>\n<!-- \/ Yoast SEO plugin. -->","yoast_head_json":{"title":"Mujeres que pisan fuerte: Diabetes con perspectiva femenina - iMagazine - Soluciones para la Diabetes","description":"En este D\u00eda de la Mujer reivindiquemos todas los derechos y Conoce historias reales de mujeres que inspiran con Diabetes.","robots":{"index":"index","follow":"follow","max-snippet":"max-snippet:-1","max-image-preview":"max-image-preview:large","max-video-preview":"max-video-preview:-1"},"canonical":"https:\/\/www.solucionesparaladiabetes.com\/magazine-diabetes\/mujeres-que-pisan-fuerte-diabetes-con-perspectiva-femenina\/","og_locale":"es_ES","og_type":"article","og_title":"Mujeres que pisan fuerte: Diabetes con perspectiva femenina - iMagazine - Soluciones para la Diabetes","og_description":"En este D\u00eda de la Mujer reivindiquemos todas los derechos y Conoce historias reales de mujeres que inspiran con Diabetes.","og_url":"https:\/\/www.solucionesparaladiabetes.com\/magazine-diabetes\/mujeres-que-pisan-fuerte-diabetes-con-perspectiva-femenina\/","og_site_name":"Soluciones para la Diabetes","article_published_time":"2025-03-07T19:48:36+00:00","article_modified_time":"2025-11-19T10:01:28+00:00","og_image":[{"width":672,"height":448,"url":"http:\/\/www.solucionesparaladiabetes.com\/magazine-diabetes\/wp-content\/uploads\/amigas-en-el-Dia-Internacional-de-la-Mujer.jpg","type":"image\/jpeg"}],"author":"Redacci\u00f3n Editorial","twitter_card":"summary_large_image","twitter_creator":"@soluciondiabete","twitter_site":"@soluciondiabete","twitter_misc":{"Escrito por":"Redacci\u00f3n Editorial","Tiempo de lectura":"4 minutos"},"schema":{"@context":"https:\/\/schema.org","@graph":[{"@type":"Article","@id":"https:\/\/www.solucionesparaladiabetes.com\/magazine-diabetes\/mujeres-que-pisan-fuerte-diabetes-con-perspectiva-femenina\/#article","isPartOf":{"@id":"https:\/\/www.solucionesparaladiabetes.com\/magazine-diabetes\/mujeres-que-pisan-fuerte-diabetes-con-perspectiva-femenina\/"},"author":{"name":"Redacci\u00f3n Editorial","@id":"https:\/\/www.solucionesparaladiabetes.com\/magazine-diabetes\/#\/schema\/person\/9d25dba87bbcd3627b3db1c9acfc9bd7"},"headline":"Mujeres que pisan fuerte: Diabetes con perspectiva femenina","datePublished":"2025-03-07T19:48:36+00:00","dateModified":"2025-11-19T10:01:28+00:00","mainEntityOfPage":{"@id":"https:\/\/www.solucionesparaladiabetes.com\/magazine-diabetes\/mujeres-que-pisan-fuerte-diabetes-con-perspectiva-femenina\/"},"wordCount":931,"commentCount":0,"image":{"@id":"https:\/\/www.solucionesparaladiabetes.com\/magazine-diabetes\/mujeres-que-pisan-fuerte-diabetes-con-perspectiva-femenina\/#primaryimage"},"thumbnailUrl":"https:\/\/www.solucionesparaladiabetes.com\/magazine-diabetes\/wp-content\/uploads\/amigas-en-el-Dia-Internacional-de-la-Mujer.jpg","keywords":["emprendimiento","Mujeres","Mujeres con diabetes"],"articleSection":["Actualidad"],"inLanguage":"es","potentialAction":[{"@type":"CommentAction","name":"Comment","target":["https:\/\/www.solucionesparaladiabetes.com\/magazine-diabetes\/mujeres-que-pisan-fuerte-diabetes-con-perspectiva-femenina\/#respond"]}]},{"@type":"WebPage","@id":"https:\/\/www.solucionesparaladiabetes.com\/magazine-diabetes\/mujeres-que-pisan-fuerte-diabetes-con-perspectiva-femenina\/","url":"https:\/\/www.solucionesparaladiabetes.com\/magazine-diabetes\/mujeres-que-pisan-fuerte-diabetes-con-perspectiva-femenina\/","name":"Mujeres que pisan fuerte: Diabetes con perspectiva femenina - iMagazine - Soluciones para la Diabetes","isPartOf":{"@id":"https:\/\/www.solucionesparaladiabetes.com\/magazine-diabetes\/#website"},"primaryImageOfPage":{"@id":"https:\/\/www.solucionesparaladiabetes.com\/magazine-diabetes\/mujeres-que-pisan-fuerte-diabetes-con-perspectiva-femenina\/#primaryimage"},"image":{"@id":"https:\/\/www.solucionesparaladiabetes.com\/magazine-diabetes\/mujeres-que-pisan-fuerte-diabetes-con-perspectiva-femenina\/#primaryimage"},"thumbnailUrl":"https:\/\/www.solucionesparaladiabetes.com\/magazine-diabetes\/wp-content\/uploads\/amigas-en-el-Dia-Internacional-de-la-Mujer.jpg","datePublished":"2025-03-07T19:48:36+00:00","dateModified":"2025-11-19T10:01:28+00:00","author":{"@id":"https:\/\/www.solucionesparaladiabetes.com\/magazine-diabetes\/#\/schema\/person\/9d25dba87bbcd3627b3db1c9acfc9bd7"},"description":"En este D\u00eda de la Mujer reivindiquemos todas los derechos y Conoce historias reales de mujeres que inspiran con Diabetes.","breadcrumb":{"@id":"https:\/\/www.solucionesparaladiabetes.com\/magazine-diabetes\/mujeres-que-pisan-fuerte-diabetes-con-perspectiva-femenina\/#breadcrumb"},"inLanguage":"es","potentialAction":[{"@type":"ReadAction","target":["https:\/\/www.solucionesparaladiabetes.com\/magazine-diabetes\/mujeres-que-pisan-fuerte-diabetes-con-perspectiva-femenina\/"]}]},{"@type":"ImageObject","inLanguage":"es","@id":"https:\/\/www.solucionesparaladiabetes.com\/magazine-diabetes\/mujeres-que-pisan-fuerte-diabetes-con-perspectiva-femenina\/#primaryimage","url":"https:\/\/www.solucionesparaladiabetes.com\/magazine-diabetes\/wp-content\/uploads\/amigas-en-el-Dia-Internacional-de-la-Mujer.jpg","contentUrl":"https:\/\/www.solucionesparaladiabetes.com\/magazine-diabetes\/wp-content\/uploads\/amigas-en-el-Dia-Internacional-de-la-Mujer.jpg","width":672,"height":448,"caption":"amigas en el D\u00eda Internacional de la Mujer"},{"@type":"BreadcrumbList","@id":"https:\/\/www.solucionesparaladiabetes.com\/magazine-diabetes\/mujeres-que-pisan-fuerte-diabetes-con-perspectiva-femenina\/#breadcrumb","itemListElement":[{"@type":"ListItem","position":1,"name":"Portada","item":"https:\/\/www.solucionesparaladiabetes.com\/magazine-diabetes\/"},{"@type":"ListItem","position":2,"name":"Mujeres que pisan fuerte: Diabetes con perspectiva femenina"}]},{"@type":"WebSite","@id":"https:\/\/www.solucionesparaladiabetes.com\/magazine-diabetes\/#website","url":"https:\/\/www.solucionesparaladiabetes.com\/magazine-diabetes\/","name":"Soluciones para la Diabetes","description":"iMagazine","potentialAction":[{"@type":"SearchAction","target":{"@type":"EntryPoint","urlTemplate":"https:\/\/www.solucionesparaladiabetes.com\/magazine-diabetes\/?s={search_term_string}"},"query-input":{"@type":"PropertyValueSpecification","valueRequired":true,"valueName":"search_term_string"}}],"inLanguage":"es"},{"@type":"Person","@id":"https:\/\/www.solucionesparaladiabetes.com\/magazine-diabetes\/#\/schema\/person\/9d25dba87bbcd3627b3db1c9acfc9bd7","name":"Redacci\u00f3n Editorial","image":{"@type":"ImageObject","inLanguage":"es","@id":"https:\/\/secure.gravatar.com\/avatar\/9a32759cfac6842eec272cac6814846d5d94168e8533a3088620732917ec742e?s=96&d=mm&r=g","url":"https:\/\/secure.gravatar.com\/avatar\/9a32759cfac6842eec272cac6814846d5d94168e8533a3088620732917ec742e?s=96&d=mm&r=g","contentUrl":"https:\/\/secure.gravatar.com\/avatar\/9a32759cfac6842eec272cac6814846d5d94168e8533a3088620732917ec742e?s=96&d=mm&r=g","caption":"Redacci\u00f3n Editorial"}}]}},"_links":{"self":[{"href":"https:\/\/www.solucionesparaladiabetes.com\/magazine-diabetes\/wp-json\/wp\/v2\/posts\/13995","targetHints":{"allow":["GET"]}}],"collection":[{"href":"https:\/\/www.solucionesparaladiabetes.com\/magazine-diabetes\/wp-json\/wp\/v2\/posts"}],"about":[{"href":"https:\/\/www.solucionesparaladiabetes.com\/magazine-diabetes\/wp-json\/wp\/v2\/types\/post"}],"author":[{"embeddable":true,"href":"https:\/\/www.solucionesparaladiabetes.com\/magazine-diabetes\/wp-json\/wp\/v2\/users\/19"}],"replies":[{"embeddable":true,"href":"https:\/\/www.solucionesparaladiabetes.com\/magazine-diabetes\/wp-json\/wp\/v2\/comments?post=13995"}],"version-history":[{"count":2,"href":"https:\/\/www.solucionesparaladiabetes.com\/magazine-diabetes\/wp-json\/wp\/v2\/posts\/13995\/revisions"}],"predecessor-version":[{"id":14003,"href":"https:\/\/www.solucionesparaladiabetes.com\/magazine-diabetes\/wp-json\/wp\/v2\/posts\/13995\/revisions\/14003"}],"wp:featuredmedia":[{"embeddable":true,"href":"https:\/\/www.solucionesparaladiabetes.com\/magazine-diabetes\/wp-json\/wp\/v2\/media\/14000"}],"wp:attachment":[{"href":"https:\/\/www.solucionesparaladiabetes.com\/magazine-diabetes\/wp-json\/wp\/v2\/media?parent=13995"}],"wp:term":[{"taxonomy":"category","embeddable":true,"href":"https:\/\/www.solucionesparaladiabetes.com\/magazine-diabetes\/wp-json\/wp\/v2\/categories?post=13995"},{"taxonomy":"post_tag","embeddable":true,"href":"https:\/\/www.solucionesparaladiabetes.com\/magazine-diabetes\/wp-json\/wp\/v2\/tags?post=13995"}],"curies":[{"name":"wp","href":"https:\/\/api.w.org\/{rel}","templated":true}]}}