{"id":13967,"date":"2025-03-06T18:14:47","date_gmt":"2025-03-06T17:14:47","guid":{"rendered":"https:\/\/www.solucionesparaladiabetes.com\/magazine-diabetes\/?p=13967"},"modified":"2025-03-08T14:23:22","modified_gmt":"2025-03-08T13:23:22","slug":"cuando-el-mundo-femenino-la-tecnologia-la-nutricion-y-la-diabetes-se-encuentran","status":"publish","type":"post","link":"https:\/\/www.solucionesparaladiabetes.com\/magazine-diabetes\/cuando-el-mundo-femenino-la-tecnologia-la-nutricion-y-la-diabetes-se-encuentran\/","title":{"rendered":"Cuando el mundo femenino, la tecnolog\u00eda, la primavera y la nutrici\u00f3n se encuentran"},"content":{"rendered":"<blockquote><p>Esta semana convergen la innovaci\u00f3n tecnol\u00f3gica, la celebraci\u00f3n del D\u00eda de la Mujer,\u00a0 la importancia de seguir aprendiendo sobre diabetes, \u00a1ah! y la PRIMAVERA est\u00e1 a la vuelta de la esquina<\/p><\/blockquote>\n<h2>Caminando y pensando en salud e innovaci\u00f3n<\/h2>\n<p>Son las 7:30 de la ma\u00f1ana, estoy en Donosti por trabajo, pasando tres d\u00edas junto a un grupo de m\u00e9dicos en unas jornadas que les he organizado para hablar sobre Salud e Inteligencia Artificial (IA). Ya sab\u00e9is, la IA est\u00e1 en todos los men\u00fas que se precien \u00faltimamente, pero lo que buscamos aqu\u00ed es ir un poco m\u00e1s all\u00e1. Mi intenci\u00f3n con ellos es analizarlo desde otra perspectiva, la del d\u00eda a d\u00eda en consulta. Queremos intercambiar ideas, reflexionar sobre aplicaciones reales y pensar juntos c\u00f3mo estas innovaciones pueden marcar la diferencia en la vida de los pacientes.<\/p>\n<p>Y como cada ma\u00f1ana, aunque est\u00e9 fuera de mi ciudad, no perdono mi caminata a paso r\u00e1pido. Si adem\u00e1s es por el <em>Paseo de la Concha,<\/em> mejor que mejor. Hoy disfruto del aire fresco que anuncia que el invierno se despide poco a poco y que la primavera \u2014mi estaci\u00f3n favorita\u2014 est\u00e1 a la vuelta de la esquina. Y mientras camino, pienso en este art\u00edculo. S\u00ed, este que ahora est\u00e1s leyendo.<\/p>\n<p>Una semana especial por muchas razones: Porque hoy no quiero escribir desde los datos, ni seguir la estructura habitual del magazine. Hoy quiero hacerlo desde lo m\u00e1s personal. Y es que, sinceramente, esta es una semana de lo m\u00e1s interesante.<\/p>\n<h2>Semana interesante, sugestiva, sugerente,<\/h2>\n<p>Es interesante porque mientras estamos aqu\u00ed reunidos, en Barcelona se celebra el <strong><em>Mobile World Congress (MWC)<\/em><\/strong>, uno de los mayores eventos de tecnolog\u00eda del mundo. Un sector al que me he dedicado durante m\u00e1s de tres d\u00e9cadas y que nunca deja de sorprenderme, especialmente por su capacidad para transformar la salud.<\/p>\n<p>Es sugerente adem\u00e1s,\u00a0 porque ma\u00f1ana es el <strong>D\u00eda Internacional de la Mujer,<\/strong> una fecha necesaria para dar visibilidad a las mujeres que est\u00e1n liderando proyectos, investigando, cuidando, innovando\u2026 Y en este espacio que dedicamos a la diabetes, sabemos bien lo importante que es hablar tambi\u00e9n de ellas, de nosotras.<\/p>\n<p>Y es semana atractiva, porque sigo aqu\u00ed, en este proyecto que tanto me importa: <strong>el magazine de Soluciones para la Diabetes,<\/strong> que llevamos gestionando desde hace 9 a\u00f1os con mucho cari\u00f1o y dedicaci\u00f3n. Gracias a \u00e9l he aprendido, junto con el equipo, qu\u00e9 es realmente convivir con diabetes. He descubierto lo que supone para quienes la tienen y tambi\u00e9n para sus familias y amigos.<\/p>\n<h2>Porque s\u00ed, la diabetes no afecta solo a la persona diagnosticada.<\/h2>\n<p>Cambia planes familiares, comidas improvisadas, rutinas, y tambi\u00e9n invita a tener gestos de cuidado que muchas veces nacen desde el desconocimiento. \u00bfSer\u00e1 adecuado esto? \u00bfAfectar\u00e1 aquello? \u00bfHabr\u00e9 tenido en cuenta los horarios? \u00bfY si no hay opciones sin az\u00facar?<\/p>\n<p>Y aunque no deber\u00eda ser siempre as\u00ed, a veces son los que est\u00e1n alrededor quienes m\u00e1s pendientes est\u00e1n. Por eso creo que a\u00fan nos queda camino para romper mitos y miedos, y para eso estamos aqu\u00ed: para seguir aprendiendo juntos.<\/p>\n<p>Desde hace tiempo pienso que quiz\u00e1s ha llegado el momento de darle un giro al magazine. Que podamos hacerlo m\u00e1s personal, contar historias reales, compartir experiencias. As\u00ed que, si te animas a participar, a sugerir temas, a contarnos tu d\u00eda a d\u00eda con diabetes (o el de alguien cercano), aqu\u00ed estamos. De verdad, ser\u00eda genial que este espacio lo sigamos construyendo entre todos.<\/p>\n<h2>Mientras tanto, seguimos atentos. Porque no paramos de sorprendernos con tantas novedades<\/h2>\n<div id='gallery-1' class='gallery galleryid-13967 gallery-columns-3 gallery-size-thumbnail'><figure class='gallery-item'>\n\t\t\t<div class='gallery-icon landscape'>\n\t\t\t\t<a href='https:\/\/www.solucionesparaladiabetes.com\/magazine-diabetes\/wp-content\/uploads\/MOBILE-PEOPLE.jpg'><img loading=\"lazy\" decoding=\"async\" width=\"150\" height=\"150\" src=\"https:\/\/www.solucionesparaladiabetes.com\/magazine-diabetes\/wp-content\/uploads\/MOBILE-PEOPLE-150x150.jpg\" class=\"attachment-thumbnail size-thumbnail\" alt=\"Mobile People en MWC Barcelona.\" aria-describedby=\"gallery-1-13970\" \/><\/a>\n\t\t\t<\/div>\n\t\t\t\t<figcaption class='wp-caption-text gallery-caption' id='gallery-1-13970'>\n\t\t\t\tMobile World Congress\n\t\t\t\t<\/figcaption><\/figure><figure class='gallery-item'>\n\t\t\t<div class='gallery-icon landscape'>\n\t\t\t\t<a href='https:\/\/www.solucionesparaladiabetes.com\/magazine-diabetes\/wp-content\/uploads\/Dia-internacional-de-la-Mujer.jpg'><img loading=\"lazy\" decoding=\"async\" width=\"150\" height=\"150\" src=\"https:\/\/www.solucionesparaladiabetes.com\/magazine-diabetes\/wp-content\/uploads\/Dia-internacional-de-la-Mujer-150x150.jpg\" class=\"attachment-thumbnail size-thumbnail\" alt=\"Grupo de mujeres alegres y abraz\u00e1ndose\" aria-describedby=\"gallery-1-13971\" \/><\/a>\n\t\t\t<\/div>\n\t\t\t\t<figcaption class='wp-caption-text gallery-caption' id='gallery-1-13971'>\n\t\t\t\tD\u00eda Internacional de la Mujer\n\t\t\t\t<\/figcaption><\/figure><figure class='gallery-item'>\n\t\t\t<div class='gallery-icon portrait'>\n\t\t\t\t<a href='https:\/\/www.solucionesparaladiabetes.com\/magazine-diabetes\/wp-content\/uploads\/front-view-cook-preparing-food-inside-kitchen-food-meal-fry-cook.jpg'><img loading=\"lazy\" decoding=\"async\" width=\"150\" height=\"150\" src=\"https:\/\/www.solucionesparaladiabetes.com\/magazine-diabetes\/wp-content\/uploads\/front-view-cook-preparing-food-inside-kitchen-food-meal-fry-cook-150x150.jpg\" class=\"attachment-thumbnail size-thumbnail\" alt=\"Cocina. Alta gastronom\u00edas\" aria-describedby=\"gallery-1-13968\" \/><\/a>\n\t\t\t<\/div>\n\t\t\t\t<figcaption class='wp-caption-text gallery-caption' id='gallery-1-13968'>\n\t\t\t\tMadrid Fusion\n\t\t\t\t<\/figcaption><\/figure><figure class='gallery-item'>\n\t\t\t<div class='gallery-icon landscape'>\n\t\t\t\t<a href='https:\/\/www.solucionesparaladiabetes.com\/magazine-diabetes\/wp-content\/uploads\/Glucometro.jpg'><img loading=\"lazy\" decoding=\"async\" width=\"150\" height=\"150\" src=\"https:\/\/www.solucionesparaladiabetes.com\/magazine-diabetes\/wp-content\/uploads\/Glucometro-150x150.jpg\" class=\"attachment-thumbnail size-thumbnail\" alt=\"Glucometro con paciente y el m\u00e9dico\" aria-describedby=\"gallery-1-13972\" \/><\/a>\n\t\t\t<\/div>\n\t\t\t\t<figcaption class='wp-caption-text gallery-caption' id='gallery-1-13972'>\n\t\t\t\tDiabetes: Pacientes y M\u00e9dicos\n\t\t\t\t<\/figcaption><\/figure><figure class='gallery-item'>\n\t\t\t<div class='gallery-icon portrait'>\n\t\t\t\t<a href='https:\/\/www.solucionesparaladiabetes.com\/magazine-diabetes\/wp-content\/uploads\/Glucomenday.png'><img loading=\"lazy\" decoding=\"async\" width=\"150\" height=\"150\" src=\"https:\/\/www.solucionesparaladiabetes.com\/magazine-diabetes\/wp-content\/uploads\/Glucomenday-150x150.png\" class=\"attachment-thumbnail size-thumbnail\" alt=\"Hombre senier presentando Glucomenday\" aria-describedby=\"gallery-1-13975\" \/><\/a>\n\t\t\t<\/div>\n\t\t\t\t<figcaption class='wp-caption-text gallery-caption' id='gallery-1-13975'>\n\t\t\t\tOK a la Diabetes\n\t\t\t\t<\/figcaption><\/figure><figure class='gallery-item'>\n\t\t\t<div class='gallery-icon landscape'>\n\t\t\t\t<a href='https:\/\/www.solucionesparaladiabetes.com\/magazine-diabetes\/wp-content\/uploads\/Diabetes-Care-Family.png'><img loading=\"lazy\" decoding=\"async\" width=\"150\" height=\"150\" src=\"https:\/\/www.solucionesparaladiabetes.com\/magazine-diabetes\/wp-content\/uploads\/Diabetes-Care-Family-150x150.png\" class=\"attachment-thumbnail size-thumbnail\" alt=\"\" aria-describedby=\"gallery-1-13976\" \/><\/a>\n\t\t\t<\/div>\n\t\t\t\t<figcaption class='wp-caption-text gallery-caption' id='gallery-1-13976'>\n\t\t\t\tDiabetes Care Family\n\t\t\t\t<\/figcaption><\/figure>\n\t\t<\/div>\n\n<p>Desde <strong>el MWC 2025<\/strong>, que vuelve a recordarnos c\u00f3mo la tecnolog\u00eda y la salud est\u00e1n cada vez m\u00e1s conectadas, hasta las actividades del <strong>D\u00eda Internacional de la Mujer,<\/strong> donde tambi\u00e9n se hablar\u00e1 del papel de las mujeres en la salud digital y en la investigaci\u00f3n m\u00e9dica.<\/p>\n<p>De hecho, <strong><a href=\"http:\/\/La inteligencia artificial con sello espa\u00f1ol revoluciona el \u00e1mbito de la salud en el MWC\">durante el MWC se han presentado varias innovaciones en salud<\/a>,<\/strong> muchas impulsadas por la inteligencia artificial (IA). Herramientas que buscan mejorar diagn\u00f3sticos, personalizar tratamientos o facilitar el seguimiento de enfermedades cr\u00f3nicas como la diabetes. En breve, te contar\u00e9 en detalle las m\u00e1s relevantes, porque realmente est\u00e1n marcando un antes y un despu\u00e9s en la forma de cuidar nuestra salud.<\/p>\n<blockquote class=\"wp-embedded-content\" data-secret=\"UYyV80G9Gn\"><p><a href=\"https:\/\/www.solucionesparaladiabetes.com\/magazine-diabetes\/la-tecnologia-que-transforma-la-salud-innovaciones-del-mwc-2025-que-mejoran-nuestra-calidad-de-vida\/\">La tecnolog\u00eda que transforma la salud: Innovaciones del MWC 2025 que mejoran nuestra calidad de vida<\/a><\/p><\/blockquote>\n<p><iframe loading=\"lazy\" class=\"wp-embedded-content\" sandbox=\"allow-scripts\" security=\"restricted\" style=\"position: absolute; clip: rect(1px, 1px, 1px, 1px);\" title=\"\u00abLa tecnolog\u00eda que transforma la salud: Innovaciones del MWC 2025 que mejoran nuestra calidad de vida\u00bb \u2014 Soluciones para la Diabetes\" src=\"https:\/\/www.solucionesparaladiabetes.com\/magazine-diabetes\/la-tecnologia-que-transforma-la-salud-innovaciones-del-mwc-2025-que-mejoran-nuestra-calidad-de-vida\/embed\/#?secret=TAbdJjW3uY#?secret=UYyV80G9Gn\" data-secret=\"UYyV80G9Gn\" width=\"600\" height=\"338\" frameborder=\"0\" marginwidth=\"0\" marginheight=\"0\" scrolling=\"no\"><\/iframe><\/p>\n<p data-start=\"0\" data-end=\"417\">Y a\u00fan sigo procesando lo vivido en <strong>Madrid Fusi\u00f3n 2025,<\/strong> de enero pasado, donde se celebr\u00f3 la ponencia<strong> <a href=\"https:\/\/www.madridfusion.net\/es\/programa\/ponencia\/15051\">\u00abDiabetes: tendencias y evidencias\u00bb<\/a> <\/strong>All\u00ed se habl\u00f3 de c\u00f3mo la nutrici\u00f3n es clave en la prevenci\u00f3n y control de la diabetes, destacando:, que reuni\u00f3 a expertos en nutrici\u00f3n y gastronom\u00eda para abordar el papel crucial de la alimentaci\u00f3n en la prevenci\u00f3n y manejo de la diabetes. Esta sesi\u00f3n destac\u00f3 c\u00f3mo la colaboraci\u00f3n entre disciplinas puede ofrecer soluciones innovadoras para enfrentar esta enfermedad.\u200b<\/p>\n<p data-start=\"419\" data-end=\"458\"><strong data-start=\"419\" data-end=\"458\">Aspectos destacados de la ponencia:<\/strong><\/p>\n<ul data-start=\"460\" data-end=\"1249\" data-is-last-node=\"\" data-is-only-node=\"\">\n<li data-start=\"460\" data-end=\"697\">\n<p data-start=\"462\" data-end=\"697\"><strong data-start=\"462\" data-end=\"497\">Importancia de la alimentaci\u00f3n:<\/strong> Se enfatiz\u00f3 que una dieta adecuada es fundamental en la lucha contra la diabetes, tanto para su prevenci\u00f3n como para su control en personas diagnosticadas.\u200b<\/p>\n<\/li>\n<li data-start=\"699\" data-end=\"1004\">\n<p data-start=\"701\" data-end=\"1004\"><strong data-start=\"701\" data-end=\"725\">Tendencias actuales:<\/strong> Se discutieron las \u00faltimas tendencias culinarias que pueden beneficiar a quienes viven con diabetes, incluyendo el uso de ingredientes con bajo \u00edndice gluc\u00e9mico y t\u00e9cnicas de cocina que preservan el valor nutricional de los alimentos.\u200b<\/p>\n<\/li>\n<li data-start=\"1006\" data-end=\"1249\" data-is-last-node=\"\">\n<p data-start=\"1008\" data-end=\"1249\" data-is-last-node=\"\"><strong data-start=\"1008\" data-end=\"1035\">Evidencias cient\u00edficas:<\/strong> Se presentaron estudios recientes que respaldan la eficacia de ciertas dietas y h\u00e1bitos alimenticios en la reducci\u00f3n de riesgos y complicaciones asociadas a la diabetes.\u200b<\/p>\n<\/li>\n<\/ul>\n<p>Estas iniciativas reflejan tambi\u00e9n el compromiso de <a href=\"https:\/\/www.madridfusion.net\/\"><strong>Madrid Fusi\u00f3n<\/strong><\/a> por integrar la gastronom\u00eda con la salud, ofreciendo perspectivas innovadoras para mejorar la calidad de vida de las personas con diabetes.<\/p>\n<figure id=\"attachment_13968\" aria-describedby=\"caption-attachment-13968\" style=\"width: 707px\" class=\"wp-caption aligncenter\"><img loading=\"lazy\" decoding=\"async\" class=\"wp-image-13968 size-full\" src=\"http:\/\/www.solucionesparaladiabetes.com\/magazine-diabetes\/wp-content\/uploads\/front-view-cook-preparing-food-inside-kitchen-food-meal-fry-cook.jpg\" alt=\"Cocina. Alta gastronom\u00edas\" width=\"707\" height=\"884\" srcset=\"https:\/\/www.solucionesparaladiabetes.com\/magazine-diabetes\/wp-content\/uploads\/front-view-cook-preparing-food-inside-kitchen-food-meal-fry-cook.jpg 707w, https:\/\/www.solucionesparaladiabetes.com\/magazine-diabetes\/wp-content\/uploads\/front-view-cook-preparing-food-inside-kitchen-food-meal-fry-cook-240x300.jpg 240w, https:\/\/www.solucionesparaladiabetes.com\/magazine-diabetes\/wp-content\/uploads\/front-view-cook-preparing-food-inside-kitchen-food-meal-fry-cook-696x870.jpg 696w, https:\/\/www.solucionesparaladiabetes.com\/magazine-diabetes\/wp-content\/uploads\/front-view-cook-preparing-food-inside-kitchen-food-meal-fry-cook-336x420.jpg 336w\" sizes=\"auto, (max-width: 707px) 100vw, 707px\" \/><figcaption id=\"caption-attachment-13968\" class=\"wp-caption-text\">FREPIK. Autor: KamranAydinov<\/figcaption><\/figure>\n<p>Y, <strong>por el lado del <a href=\"https:\/\/www.unwomen.org\/es\/noticias\/anuncio\/2024\/12\/dia-internacional-de-la-mujer-2025-para-las-mujeres-y-ninas-en-toda-su-diversidad-derechos-igualdad-y-empoderamiento\">D\u00eda Internacional de la Mujer<\/a>,\u00a0 habr\u00e1 charlas para visibilizar proyectos liderados por mujeres que est\u00e1n transformando la salud digital<\/strong>. Adem\u00e1s, se celebrar\u00e1n encuentros dedicados a compartir experiencias de mujeres que conviven con diabetes y c\u00f3mo la tecnolog\u00eda ha sido clave para que puedan llevar una vida m\u00e1s libre, segura y tranquila.<\/p>\n<p>Por todo esto, me quedo con esta semana. Con la semana que une tecnolog\u00eda, salud y mujeres. Con la semana que me encuentra aqu\u00ed, caminando al amanecer por San Sebasti\u00e1n, d\u00e1ndole forma a estas palabras y celebrando que seguimos aprendiendo, creciendo y acompa\u00f1ando.<\/p>\n<p><strong>Y antes de terminar, no quiero olvidarme de dar las gracias a Menarini Diagnostics y a todo su equipo, especialmente a Ra\u00fal e Isabel, siempre pensando en nuevas formas de aportar valor, de ayudar a las personas que usan sus gluc\u00f3metros, de facilitarles la vida y contribuir, aunque sea un poco, a su bienestar diario. (Laura V. )<\/strong><\/p>\n<p>&nbsp;<\/p>\n<blockquote>\n<p style=\"text-align: center;\">Gracias, sobre todo, a ti. Por estar ah\u00ed, por leernos, por compartir, por formar parte de este proyecto que crece contigo.<\/p>\n<\/blockquote>\n<p style=\"text-align: left;\"><strong>Seguimos. Que la primavera est\u00e1 cerca. Y seguro que vendr\u00e1 llena de nuevas historias y noveadades que contar.<\/strong><\/p>\n<p>&nbsp;<\/p>\n","protected":false},"excerpt":{"rendered":"<p>Esta semana convergen la innovaci\u00f3n tecnol\u00f3gica, la celebraci\u00f3n del D\u00eda de la Mujer,\u00a0 la importancia de seguir aprendiendo sobre diabetes, \u00a1ah! y la PRIMAVERA est\u00e1 a la vuelta de la [&hellip;]<\/p>\n","protected":false},"author":19,"featured_media":13977,"comment_status":"open","ping_status":"open","sticky":false,"template":"","format":"standard","meta":{"_acf_changed":false,"_monsterinsights_skip_tracking":false,"_monsterinsights_sitenote_active":false,"_monsterinsights_sitenote_note":"","_monsterinsights_sitenote_category":0,"footnotes":""},"categories":[529],"tags":[1453,443,379],"class_list":["post-13967","post","type-post","status-publish","format-standard","has-post-thumbnail","hentry","category-protagonistas","tag-congresos","tag-mujer","tag-tecnologia"],"acf":[],"yoast_head":"<!-- This site is optimized with the Yoast SEO plugin v27.5 - https:\/\/yoast.com\/product\/yoast-seo-wordpress\/ -->\n<title>Cuando el mundo femenino, la tecnolog\u00eda, la primavera y la nutrici\u00f3n se encuentran - iMagazine - Soluciones para la Diabetes<\/title>\n<meta name=\"description\" content=\"Reflexi\u00f3n sobre diabetes, innovaci\u00f3n y salud, con claves del MWC 2025, Madrid Fusi\u00f3n y el papel de la mujer en la investigaci\u00f3n m\u00e9dica.\" \/>\n<meta name=\"robots\" content=\"index, follow, max-snippet:-1, max-image-preview:large, max-video-preview:-1\" \/>\n<link rel=\"canonical\" href=\"https:\/\/www.solucionesparaladiabetes.com\/magazine-diabetes\/cuando-el-mundo-femenino-la-tecnologia-la-nutricion-y-la-diabetes-se-encuentran\/\" \/>\n<meta property=\"og:locale\" content=\"es_ES\" \/>\n<meta property=\"og:type\" content=\"article\" \/>\n<meta property=\"og:title\" content=\"Cuando el mundo femenino, la tecnolog\u00eda, la primavera y la nutrici\u00f3n se encuentran - iMagazine - Soluciones para la Diabetes\" \/>\n<meta property=\"og:description\" content=\"Reflexi\u00f3n sobre diabetes, innovaci\u00f3n y salud, con claves del MWC 2025, Madrid Fusi\u00f3n y el papel de la mujer en la investigaci\u00f3n m\u00e9dica.\" \/>\n<meta property=\"og:url\" content=\"https:\/\/www.solucionesparaladiabetes.com\/magazine-diabetes\/cuando-el-mundo-femenino-la-tecnologia-la-nutricion-y-la-diabetes-se-encuentran\/\" \/>\n<meta property=\"og:site_name\" content=\"Soluciones para la Diabetes\" \/>\n<meta property=\"article:published_time\" content=\"2025-03-06T17:14:47+00:00\" \/>\n<meta property=\"article:modified_time\" content=\"2025-03-08T13:23:22+00:00\" \/>\n<meta property=\"og:image\" content=\"http:\/\/www.solucionesparaladiabetes.com\/magazine-diabetes\/wp-content\/uploads\/empowered-business-woman-and-tecnologia.jpg\" \/>\n\t<meta property=\"og:image:width\" content=\"1978\" \/>\n\t<meta property=\"og:image:height\" content=\"2145\" \/>\n\t<meta property=\"og:image:type\" content=\"image\/jpeg\" \/>\n<meta name=\"author\" content=\"Redacci\u00f3n Editorial\" \/>\n<meta name=\"twitter:card\" content=\"summary_large_image\" \/>\n<meta name=\"twitter:creator\" content=\"@soluciondiabete\" \/>\n<meta name=\"twitter:site\" content=\"@soluciondiabete\" \/>\n<meta name=\"twitter:label1\" content=\"Escrito por\" \/>\n\t<meta name=\"twitter:data1\" content=\"Redacci\u00f3n Editorial\" \/>\n\t<meta name=\"twitter:label2\" content=\"Tiempo de lectura\" \/>\n\t<meta name=\"twitter:data2\" content=\"6 minutos\" \/>\n<script type=\"application\/ld+json\" class=\"yoast-schema-graph\">{\"@context\":\"https:\\\/\\\/schema.org\",\"@graph\":[{\"@type\":\"Article\",\"@id\":\"https:\\\/\\\/www.solucionesparaladiabetes.com\\\/magazine-diabetes\\\/cuando-el-mundo-femenino-la-tecnologia-la-nutricion-y-la-diabetes-se-encuentran\\\/#article\",\"isPartOf\":{\"@id\":\"https:\\\/\\\/www.solucionesparaladiabetes.com\\\/magazine-diabetes\\\/cuando-el-mundo-femenino-la-tecnologia-la-nutricion-y-la-diabetes-se-encuentran\\\/\"},\"author\":{\"name\":\"Redacci\u00f3n Editorial\",\"@id\":\"https:\\\/\\\/www.solucionesparaladiabetes.com\\\/magazine-diabetes\\\/#\\\/schema\\\/person\\\/9d25dba87bbcd3627b3db1c9acfc9bd7\"},\"headline\":\"Cuando el mundo femenino, la tecnolog\u00eda, la primavera y la nutrici\u00f3n se encuentran\",\"datePublished\":\"2025-03-06T17:14:47+00:00\",\"dateModified\":\"2025-03-08T13:23:22+00:00\",\"mainEntityOfPage\":{\"@id\":\"https:\\\/\\\/www.solucionesparaladiabetes.com\\\/magazine-diabetes\\\/cuando-el-mundo-femenino-la-tecnologia-la-nutricion-y-la-diabetes-se-encuentran\\\/\"},\"wordCount\":1229,\"commentCount\":0,\"image\":{\"@id\":\"https:\\\/\\\/www.solucionesparaladiabetes.com\\\/magazine-diabetes\\\/cuando-el-mundo-femenino-la-tecnologia-la-nutricion-y-la-diabetes-se-encuentran\\\/#primaryimage\"},\"thumbnailUrl\":\"https:\\\/\\\/www.solucionesparaladiabetes.com\\\/magazine-diabetes\\\/wp-content\\\/uploads\\\/empowered-business-woman-and-tecnologia.jpg\",\"keywords\":[\"congresos\",\"Mujer\",\"Tecnolog\u00eda\"],\"articleSection\":[\"El protagonista del mes\"],\"inLanguage\":\"es\",\"potentialAction\":[{\"@type\":\"CommentAction\",\"name\":\"Comment\",\"target\":[\"https:\\\/\\\/www.solucionesparaladiabetes.com\\\/magazine-diabetes\\\/cuando-el-mundo-femenino-la-tecnologia-la-nutricion-y-la-diabetes-se-encuentran\\\/#respond\"]}]},{\"@type\":\"WebPage\",\"@id\":\"https:\\\/\\\/www.solucionesparaladiabetes.com\\\/magazine-diabetes\\\/cuando-el-mundo-femenino-la-tecnologia-la-nutricion-y-la-diabetes-se-encuentran\\\/\",\"url\":\"https:\\\/\\\/www.solucionesparaladiabetes.com\\\/magazine-diabetes\\\/cuando-el-mundo-femenino-la-tecnologia-la-nutricion-y-la-diabetes-se-encuentran\\\/\",\"name\":\"Cuando el mundo femenino, la tecnolog\u00eda, la primavera y la nutrici\u00f3n se encuentran - iMagazine - Soluciones para la Diabetes\",\"isPartOf\":{\"@id\":\"https:\\\/\\\/www.solucionesparaladiabetes.com\\\/magazine-diabetes\\\/#website\"},\"primaryImageOfPage\":{\"@id\":\"https:\\\/\\\/www.solucionesparaladiabetes.com\\\/magazine-diabetes\\\/cuando-el-mundo-femenino-la-tecnologia-la-nutricion-y-la-diabetes-se-encuentran\\\/#primaryimage\"},\"image\":{\"@id\":\"https:\\\/\\\/www.solucionesparaladiabetes.com\\\/magazine-diabetes\\\/cuando-el-mundo-femenino-la-tecnologia-la-nutricion-y-la-diabetes-se-encuentran\\\/#primaryimage\"},\"thumbnailUrl\":\"https:\\\/\\\/www.solucionesparaladiabetes.com\\\/magazine-diabetes\\\/wp-content\\\/uploads\\\/empowered-business-woman-and-tecnologia.jpg\",\"datePublished\":\"2025-03-06T17:14:47+00:00\",\"dateModified\":\"2025-03-08T13:23:22+00:00\",\"author\":{\"@id\":\"https:\\\/\\\/www.solucionesparaladiabetes.com\\\/magazine-diabetes\\\/#\\\/schema\\\/person\\\/9d25dba87bbcd3627b3db1c9acfc9bd7\"},\"description\":\"Reflexi\u00f3n sobre diabetes, innovaci\u00f3n y salud, con claves del MWC 2025, Madrid Fusi\u00f3n y el papel de la mujer en la investigaci\u00f3n m\u00e9dica.\",\"breadcrumb\":{\"@id\":\"https:\\\/\\\/www.solucionesparaladiabetes.com\\\/magazine-diabetes\\\/cuando-el-mundo-femenino-la-tecnologia-la-nutricion-y-la-diabetes-se-encuentran\\\/#breadcrumb\"},\"inLanguage\":\"es\",\"potentialAction\":[{\"@type\":\"ReadAction\",\"target\":[\"https:\\\/\\\/www.solucionesparaladiabetes.com\\\/magazine-diabetes\\\/cuando-el-mundo-femenino-la-tecnologia-la-nutricion-y-la-diabetes-se-encuentran\\\/\"]}]},{\"@type\":\"ImageObject\",\"inLanguage\":\"es\",\"@id\":\"https:\\\/\\\/www.solucionesparaladiabetes.com\\\/magazine-diabetes\\\/cuando-el-mundo-femenino-la-tecnologia-la-nutricion-y-la-diabetes-se-encuentran\\\/#primaryimage\",\"url\":\"https:\\\/\\\/www.solucionesparaladiabetes.com\\\/magazine-diabetes\\\/wp-content\\\/uploads\\\/empowered-business-woman-and-tecnologia.jpg\",\"contentUrl\":\"https:\\\/\\\/www.solucionesparaladiabetes.com\\\/magazine-diabetes\\\/wp-content\\\/uploads\\\/empowered-business-woman-and-tecnologia.jpg\",\"width\":1978,\"height\":2145},{\"@type\":\"BreadcrumbList\",\"@id\":\"https:\\\/\\\/www.solucionesparaladiabetes.com\\\/magazine-diabetes\\\/cuando-el-mundo-femenino-la-tecnologia-la-nutricion-y-la-diabetes-se-encuentran\\\/#breadcrumb\",\"itemListElement\":[{\"@type\":\"ListItem\",\"position\":1,\"name\":\"Portada\",\"item\":\"https:\\\/\\\/www.solucionesparaladiabetes.com\\\/magazine-diabetes\\\/\"},{\"@type\":\"ListItem\",\"position\":2,\"name\":\"Cuando el mundo femenino, la tecnolog\u00eda, la primavera y la nutrici\u00f3n se encuentran\"}]},{\"@type\":\"WebSite\",\"@id\":\"https:\\\/\\\/www.solucionesparaladiabetes.com\\\/magazine-diabetes\\\/#website\",\"url\":\"https:\\\/\\\/www.solucionesparaladiabetes.com\\\/magazine-diabetes\\\/\",\"name\":\"Soluciones para la Diabetes\",\"description\":\"iMagazine\",\"potentialAction\":[{\"@type\":\"SearchAction\",\"target\":{\"@type\":\"EntryPoint\",\"urlTemplate\":\"https:\\\/\\\/www.solucionesparaladiabetes.com\\\/magazine-diabetes\\\/?s={search_term_string}\"},\"query-input\":{\"@type\":\"PropertyValueSpecification\",\"valueRequired\":true,\"valueName\":\"search_term_string\"}}],\"inLanguage\":\"es\"},{\"@type\":\"Person\",\"@id\":\"https:\\\/\\\/www.solucionesparaladiabetes.com\\\/magazine-diabetes\\\/#\\\/schema\\\/person\\\/9d25dba87bbcd3627b3db1c9acfc9bd7\",\"name\":\"Redacci\u00f3n Editorial\",\"image\":{\"@type\":\"ImageObject\",\"inLanguage\":\"es\",\"@id\":\"https:\\\/\\\/secure.gravatar.com\\\/avatar\\\/9a32759cfac6842eec272cac6814846d5d94168e8533a3088620732917ec742e?s=96&d=mm&r=g\",\"url\":\"https:\\\/\\\/secure.gravatar.com\\\/avatar\\\/9a32759cfac6842eec272cac6814846d5d94168e8533a3088620732917ec742e?s=96&d=mm&r=g\",\"contentUrl\":\"https:\\\/\\\/secure.gravatar.com\\\/avatar\\\/9a32759cfac6842eec272cac6814846d5d94168e8533a3088620732917ec742e?s=96&d=mm&r=g\",\"caption\":\"Redacci\u00f3n Editorial\"}}]}<\/script>\n<!-- \/ Yoast SEO plugin. -->","yoast_head_json":{"title":"Cuando el mundo femenino, la tecnolog\u00eda, la primavera y la nutrici\u00f3n se encuentran - iMagazine - Soluciones para la Diabetes","description":"Reflexi\u00f3n sobre diabetes, innovaci\u00f3n y salud, con claves del MWC 2025, Madrid Fusi\u00f3n y el papel de la mujer en la investigaci\u00f3n m\u00e9dica.","robots":{"index":"index","follow":"follow","max-snippet":"max-snippet:-1","max-image-preview":"max-image-preview:large","max-video-preview":"max-video-preview:-1"},"canonical":"https:\/\/www.solucionesparaladiabetes.com\/magazine-diabetes\/cuando-el-mundo-femenino-la-tecnologia-la-nutricion-y-la-diabetes-se-encuentran\/","og_locale":"es_ES","og_type":"article","og_title":"Cuando el mundo femenino, la tecnolog\u00eda, la primavera y la nutrici\u00f3n se encuentran - iMagazine - Soluciones para la Diabetes","og_description":"Reflexi\u00f3n sobre diabetes, innovaci\u00f3n y salud, con claves del MWC 2025, Madrid Fusi\u00f3n y el papel de la mujer en la investigaci\u00f3n m\u00e9dica.","og_url":"https:\/\/www.solucionesparaladiabetes.com\/magazine-diabetes\/cuando-el-mundo-femenino-la-tecnologia-la-nutricion-y-la-diabetes-se-encuentran\/","og_site_name":"Soluciones para la Diabetes","article_published_time":"2025-03-06T17:14:47+00:00","article_modified_time":"2025-03-08T13:23:22+00:00","og_image":[{"width":1978,"height":2145,"url":"http:\/\/www.solucionesparaladiabetes.com\/magazine-diabetes\/wp-content\/uploads\/empowered-business-woman-and-tecnologia.jpg","type":"image\/jpeg"}],"author":"Redacci\u00f3n Editorial","twitter_card":"summary_large_image","twitter_creator":"@soluciondiabete","twitter_site":"@soluciondiabete","twitter_misc":{"Escrito por":"Redacci\u00f3n Editorial","Tiempo de lectura":"6 minutos"},"schema":{"@context":"https:\/\/schema.org","@graph":[{"@type":"Article","@id":"https:\/\/www.solucionesparaladiabetes.com\/magazine-diabetes\/cuando-el-mundo-femenino-la-tecnologia-la-nutricion-y-la-diabetes-se-encuentran\/#article","isPartOf":{"@id":"https:\/\/www.solucionesparaladiabetes.com\/magazine-diabetes\/cuando-el-mundo-femenino-la-tecnologia-la-nutricion-y-la-diabetes-se-encuentran\/"},"author":{"name":"Redacci\u00f3n Editorial","@id":"https:\/\/www.solucionesparaladiabetes.com\/magazine-diabetes\/#\/schema\/person\/9d25dba87bbcd3627b3db1c9acfc9bd7"},"headline":"Cuando el mundo femenino, la tecnolog\u00eda, la primavera y la nutrici\u00f3n se encuentran","datePublished":"2025-03-06T17:14:47+00:00","dateModified":"2025-03-08T13:23:22+00:00","mainEntityOfPage":{"@id":"https:\/\/www.solucionesparaladiabetes.com\/magazine-diabetes\/cuando-el-mundo-femenino-la-tecnologia-la-nutricion-y-la-diabetes-se-encuentran\/"},"wordCount":1229,"commentCount":0,"image":{"@id":"https:\/\/www.solucionesparaladiabetes.com\/magazine-diabetes\/cuando-el-mundo-femenino-la-tecnologia-la-nutricion-y-la-diabetes-se-encuentran\/#primaryimage"},"thumbnailUrl":"https:\/\/www.solucionesparaladiabetes.com\/magazine-diabetes\/wp-content\/uploads\/empowered-business-woman-and-tecnologia.jpg","keywords":["congresos","Mujer","Tecnolog\u00eda"],"articleSection":["El protagonista del mes"],"inLanguage":"es","potentialAction":[{"@type":"CommentAction","name":"Comment","target":["https:\/\/www.solucionesparaladiabetes.com\/magazine-diabetes\/cuando-el-mundo-femenino-la-tecnologia-la-nutricion-y-la-diabetes-se-encuentran\/#respond"]}]},{"@type":"WebPage","@id":"https:\/\/www.solucionesparaladiabetes.com\/magazine-diabetes\/cuando-el-mundo-femenino-la-tecnologia-la-nutricion-y-la-diabetes-se-encuentran\/","url":"https:\/\/www.solucionesparaladiabetes.com\/magazine-diabetes\/cuando-el-mundo-femenino-la-tecnologia-la-nutricion-y-la-diabetes-se-encuentran\/","name":"Cuando el mundo femenino, la tecnolog\u00eda, la primavera y la nutrici\u00f3n se encuentran - iMagazine - Soluciones para la Diabetes","isPartOf":{"@id":"https:\/\/www.solucionesparaladiabetes.com\/magazine-diabetes\/#website"},"primaryImageOfPage":{"@id":"https:\/\/www.solucionesparaladiabetes.com\/magazine-diabetes\/cuando-el-mundo-femenino-la-tecnologia-la-nutricion-y-la-diabetes-se-encuentran\/#primaryimage"},"image":{"@id":"https:\/\/www.solucionesparaladiabetes.com\/magazine-diabetes\/cuando-el-mundo-femenino-la-tecnologia-la-nutricion-y-la-diabetes-se-encuentran\/#primaryimage"},"thumbnailUrl":"https:\/\/www.solucionesparaladiabetes.com\/magazine-diabetes\/wp-content\/uploads\/empowered-business-woman-and-tecnologia.jpg","datePublished":"2025-03-06T17:14:47+00:00","dateModified":"2025-03-08T13:23:22+00:00","author":{"@id":"https:\/\/www.solucionesparaladiabetes.com\/magazine-diabetes\/#\/schema\/person\/9d25dba87bbcd3627b3db1c9acfc9bd7"},"description":"Reflexi\u00f3n sobre diabetes, innovaci\u00f3n y salud, con claves del MWC 2025, Madrid Fusi\u00f3n y el papel de la mujer en la investigaci\u00f3n m\u00e9dica.","breadcrumb":{"@id":"https:\/\/www.solucionesparaladiabetes.com\/magazine-diabetes\/cuando-el-mundo-femenino-la-tecnologia-la-nutricion-y-la-diabetes-se-encuentran\/#breadcrumb"},"inLanguage":"es","potentialAction":[{"@type":"ReadAction","target":["https:\/\/www.solucionesparaladiabetes.com\/magazine-diabetes\/cuando-el-mundo-femenino-la-tecnologia-la-nutricion-y-la-diabetes-se-encuentran\/"]}]},{"@type":"ImageObject","inLanguage":"es","@id":"https:\/\/www.solucionesparaladiabetes.com\/magazine-diabetes\/cuando-el-mundo-femenino-la-tecnologia-la-nutricion-y-la-diabetes-se-encuentran\/#primaryimage","url":"https:\/\/www.solucionesparaladiabetes.com\/magazine-diabetes\/wp-content\/uploads\/empowered-business-woman-and-tecnologia.jpg","contentUrl":"https:\/\/www.solucionesparaladiabetes.com\/magazine-diabetes\/wp-content\/uploads\/empowered-business-woman-and-tecnologia.jpg","width":1978,"height":2145},{"@type":"BreadcrumbList","@id":"https:\/\/www.solucionesparaladiabetes.com\/magazine-diabetes\/cuando-el-mundo-femenino-la-tecnologia-la-nutricion-y-la-diabetes-se-encuentran\/#breadcrumb","itemListElement":[{"@type":"ListItem","position":1,"name":"Portada","item":"https:\/\/www.solucionesparaladiabetes.com\/magazine-diabetes\/"},{"@type":"ListItem","position":2,"name":"Cuando el mundo femenino, la tecnolog\u00eda, la primavera y la nutrici\u00f3n se encuentran"}]},{"@type":"WebSite","@id":"https:\/\/www.solucionesparaladiabetes.com\/magazine-diabetes\/#website","url":"https:\/\/www.solucionesparaladiabetes.com\/magazine-diabetes\/","name":"Soluciones para la Diabetes","description":"iMagazine","potentialAction":[{"@type":"SearchAction","target":{"@type":"EntryPoint","urlTemplate":"https:\/\/www.solucionesparaladiabetes.com\/magazine-diabetes\/?s={search_term_string}"},"query-input":{"@type":"PropertyValueSpecification","valueRequired":true,"valueName":"search_term_string"}}],"inLanguage":"es"},{"@type":"Person","@id":"https:\/\/www.solucionesparaladiabetes.com\/magazine-diabetes\/#\/schema\/person\/9d25dba87bbcd3627b3db1c9acfc9bd7","name":"Redacci\u00f3n Editorial","image":{"@type":"ImageObject","inLanguage":"es","@id":"https:\/\/secure.gravatar.com\/avatar\/9a32759cfac6842eec272cac6814846d5d94168e8533a3088620732917ec742e?s=96&d=mm&r=g","url":"https:\/\/secure.gravatar.com\/avatar\/9a32759cfac6842eec272cac6814846d5d94168e8533a3088620732917ec742e?s=96&d=mm&r=g","contentUrl":"https:\/\/secure.gravatar.com\/avatar\/9a32759cfac6842eec272cac6814846d5d94168e8533a3088620732917ec742e?s=96&d=mm&r=g","caption":"Redacci\u00f3n Editorial"}}]}},"_links":{"self":[{"href":"https:\/\/www.solucionesparaladiabetes.com\/magazine-diabetes\/wp-json\/wp\/v2\/posts\/13967","targetHints":{"allow":["GET"]}}],"collection":[{"href":"https:\/\/www.solucionesparaladiabetes.com\/magazine-diabetes\/wp-json\/wp\/v2\/posts"}],"about":[{"href":"https:\/\/www.solucionesparaladiabetes.com\/magazine-diabetes\/wp-json\/wp\/v2\/types\/post"}],"author":[{"embeddable":true,"href":"https:\/\/www.solucionesparaladiabetes.com\/magazine-diabetes\/wp-json\/wp\/v2\/users\/19"}],"replies":[{"embeddable":true,"href":"https:\/\/www.solucionesparaladiabetes.com\/magazine-diabetes\/wp-json\/wp\/v2\/comments?post=13967"}],"version-history":[{"count":9,"href":"https:\/\/www.solucionesparaladiabetes.com\/magazine-diabetes\/wp-json\/wp\/v2\/posts\/13967\/revisions"}],"predecessor-version":[{"id":14029,"href":"https:\/\/www.solucionesparaladiabetes.com\/magazine-diabetes\/wp-json\/wp\/v2\/posts\/13967\/revisions\/14029"}],"wp:featuredmedia":[{"embeddable":true,"href":"https:\/\/www.solucionesparaladiabetes.com\/magazine-diabetes\/wp-json\/wp\/v2\/media\/13977"}],"wp:attachment":[{"href":"https:\/\/www.solucionesparaladiabetes.com\/magazine-diabetes\/wp-json\/wp\/v2\/media?parent=13967"}],"wp:term":[{"taxonomy":"category","embeddable":true,"href":"https:\/\/www.solucionesparaladiabetes.com\/magazine-diabetes\/wp-json\/wp\/v2\/categories?post=13967"},{"taxonomy":"post_tag","embeddable":true,"href":"https:\/\/www.solucionesparaladiabetes.com\/magazine-diabetes\/wp-json\/wp\/v2\/tags?post=13967"}],"curies":[{"name":"wp","href":"https:\/\/api.w.org\/{rel}","templated":true}]}}