{"id":13824,"date":"2025-01-05T14:34:13","date_gmt":"2025-01-05T13:34:13","guid":{"rendered":"https:\/\/www.solucionesparaladiabetes.com\/magazine-diabetes\/?p=13824"},"modified":"2025-01-13T10:14:49","modified_gmt":"2025-01-13T09:14:49","slug":"alimentos-de-temporada-en-enero-sabores-regionales-y-recetas-saludables-para-personas-con-diabetes","status":"publish","type":"post","link":"https:\/\/www.solucionesparaladiabetes.com\/magazine-diabetes\/alimentos-de-temporada-en-enero-sabores-regionales-y-recetas-saludables-para-personas-con-diabetes\/","title":{"rendered":"Alimentos de temporada en enero: Sabores regionales y recetas saludables para personas con diabetes"},"content":{"rendered":"<blockquote>\n<p data-pm-slice=\"1 1 []\">Enero es un mes ideal para aprovechar una variedad de frutas y verduras de temporada en Espa\u00f1a. Consumir estos alimentos en su momento \u00f3ptimo garantiza frescura, sabor y un aporte nutricional adecuado, aspectos fundamentales para las personas con diabetes y para quienes buscan una alimentaci\u00f3n saludable para sus familias.<\/p>\n<\/blockquote>\n<p data-pm-slice=\"1 1 []\">Aunque todas las provincias de Espa\u00f1a producen muchos de los alimentos que se mencionan, destacaremos las regiones donde su producci\u00f3n es especialmente relevante por sus condiciones clim\u00e1ticas, tradici\u00f3n agr\u00edcola o volumen de cultivo. Esta informaci\u00f3n permite conocer mejor el origen de los alimentos y valorar el esfuerzo de las distintas zonas productoras del pa\u00eds.<\/p>\n<p data-pm-slice=\"1 1 []\"><strong>A continuaci\u00f3n, destacamos algunos de estos alimentos, sus regiones de producci\u00f3n m\u00e1s representativas y sugerimos formas de prepararlos o incorporarlos en tus comidas diarias.<\/strong><\/p>\n<h2 data-pm-slice=\"1 1 []\"><strong>Frutas de temporada en enero<\/strong><\/h2>\n<ol start=\"1\" data-spread=\"true\">\n<li><strong>Mandarina (Valencia):<\/strong> Rica en vitamina C, fibra y antioxidantes, la mandarina es perfecta para fortalecer el sistema inmunol\u00f3gico. Su bajo \u00edndice gluc\u00e9mico la hace adecuada para personas con diabetes. Puedes consumirla fresca como tentempi\u00e9 o a\u00f1adir sus gajos a ensaladas para aportar un toque dulce y c\u00edtrico.<\/li>\n<li><strong>Kiwi (Galicia):<\/strong> Este fruto ex\u00f3tico es una excelente fuente de vitamina C y fibra, lo que favorece el tr\u00e1nsito intestinal. Adem\u00e1s, es ampliamente conocido por sus propiedades para aliviar el estre\u00f1imiento de forma natural, gracias a su alto contenido en fibra soluble. Incluir kiwi en el desayuno, ya sea en rodajas o mezclado con yogur natural, es una manera deliciosa de comenzar el d\u00eda.<\/li>\n<li><strong>Pomelo (Regi\u00f3n de Murcia):<\/strong> Conocido por sus propiedades diur\u00e9ticas y su bajo contenido cal\u00f3rico, el pomelo es ideal para dietas equilibradas. Su bajo \u00edndice gluc\u00e9mico lo hace recomendable para personas con diabetes. Puedes preparar un zumo natural sin az\u00facar a\u00f1adido o incorporarlo en ensaladas junto con aguacate y espinacas.<\/li>\n<\/ol>\n<blockquote class=\"wp-embedded-content\" data-secret=\"q2jtPj781f\"><p><a href=\"https:\/\/www.solucionesparaladiabetes.com\/magazine-diabetes\/fruta-y-diabetes-dudas-y-mitos\/\">Fruta y diabetes, dudas y mitos.<\/a><\/p><\/blockquote>\n<p><iframe loading=\"lazy\" class=\"wp-embedded-content\" sandbox=\"allow-scripts\" security=\"restricted\" style=\"position: absolute; clip: rect(1px, 1px, 1px, 1px);\" title=\"\u00abFruta y diabetes, dudas y mitos.\u00bb \u2014 Soluciones para la Diabetes\" src=\"https:\/\/www.solucionesparaladiabetes.com\/magazine-diabetes\/fruta-y-diabetes-dudas-y-mitos\/embed\/#?secret=mC6P24UTJA#?secret=q2jtPj781f\" data-secret=\"q2jtPj781f\" width=\"600\" height=\"338\" frameborder=\"0\" marginwidth=\"0\" marginheight=\"0\" scrolling=\"no\"><\/iframe><\/p>\n<h2><strong>Verduras de temporada en enero<\/strong><\/h2>\n<ol start=\"1\" data-spread=\"true\">\n<li><strong>Coliflor (Castilla-La Mancha):<\/strong> Aporta fibra, vitaminas y minerales esenciales. Una opci\u00f3n saludable es preparar una crema de coliflor utilizando caldo de verduras bajo en sodio y un toque de nuez moscada. Otra alternativa es asarla al horno con especias como piment\u00f3n y comino.<\/li>\n<li><strong>Espinacas (Andaluc\u00eda):<\/strong> Fuente de hierro, calcio y vitaminas A y C, las espinacas son ideales para ensaladas, salteados o como relleno de tortillas. Una receta sencilla es saltear espinacas con ajo y pi\u00f1ones, y servirlas como guarnici\u00f3n o mezcladas con pasta integral.<\/li>\n<li><strong>Br\u00f3coli (Navarra):<\/strong> Rico en vitaminas C y K, fibra y antioxidantes, el br\u00f3coli es una verdura vers\u00e1til. Puedes cocinarlo al vapor para conservar sus nutrientes y acompa\u00f1arlo con un chorrito de aceite de oliva virgen extra y lim\u00f3n. Tambi\u00e9n es excelente en salteados con ajo y almendras laminadas y excelente comerlo como crema de verdura.<\/li>\n<\/ol>\n<blockquote class=\"wp-embedded-content\" data-secret=\"p0Gl9bYx1Y\"><p><a href=\"https:\/\/www.solucionesparaladiabetes.com\/magazine-diabetes\/crema-de-brocoli\/\">Crema de br\u00f3coli<\/a><\/p><\/blockquote>\n<p><iframe loading=\"lazy\" class=\"wp-embedded-content\" sandbox=\"allow-scripts\" security=\"restricted\" style=\"position: absolute; clip: rect(1px, 1px, 1px, 1px);\" title=\"\u00abCrema de br\u00f3coli\u00bb \u2014 Soluciones para la Diabetes\" src=\"https:\/\/www.solucionesparaladiabetes.com\/magazine-diabetes\/crema-de-brocoli\/embed\/#?secret=Hi68fozzJh#?secret=p0Gl9bYx1Y\" data-secret=\"p0Gl9bYx1Y\" width=\"600\" height=\"338\" frameborder=\"0\" marginwidth=\"0\" marginheight=\"0\" scrolling=\"no\"><\/iframe><\/p>\n<h2><strong>Recetas recomendadas<\/strong><\/h2>\n<ul data-spread=\"true\">\n<li><strong>Ensalada de col y naranja:<\/strong> Combina col rallada con gajos de naranja, zanahoria rallada y una vinagreta ligera de aceite de oliva y vinagre de manzana. Esta ensalada es refrescante y aporta una buena dosis de fibra y vitamina C.<\/li>\n<li><strong>Pollo con ajo, lim\u00f3n y \u00f1ora:<\/strong> Marina pechugas de pollo en una mezcla de ajo picado, jugo de lim\u00f3n y pulpa de \u00f1ora. Cocina a la plancha y acompa\u00f1a con una guarnici\u00f3n de br\u00f3coli al vapor. Este plato es bajo en grasas y carbohidratos, adecuado para personas con diabetes.<\/li>\n<li><strong>Crema suave de apio:<\/strong> Cuece apio, puerro y patata en caldo de verduras hasta que est\u00e9n tiernos. Tritura hasta obtener una crema suave y a\u00f1ade un chorrito de aceite de oliva. El apio tiene propiedades diur\u00e9ticas y es bajo en calor\u00edas, lo que lo hace ideal para una dieta equilibrada.<\/li>\n<\/ul>\n<p>Incorporar estos alimentos de temporada en tu dieta no solo beneficia tu salud, sino que tambi\u00e9n apoya la producci\u00f3n local y la sostenibilidad. Adem\u00e1s, al estar en su mejor momento, ofrecen sabores m\u00e1s intensos y precios m\u00e1s accesibles.<\/p>\n<blockquote><p>Recuerda siempre consultar con un profesional de la salud o nutricionista para adaptar las recetas a las necesidades espec\u00edficas de las personas con diabetes.<\/p><\/blockquote>\n<p data-pm-slice=\"1 1 []\">\n","protected":false},"excerpt":{"rendered":"<p>Enero es un mes ideal para aprovechar una variedad de frutas y verduras de temporada en Espa\u00f1a. Consumir estos alimentos en su momento \u00f3ptimo garantiza frescura, sabor y un aporte [&hellip;]<\/p>\n","protected":false},"author":19,"featured_media":13825,"comment_status":"open","ping_status":"open","sticky":false,"template":"","format":"standard","meta":{"_acf_changed":false,"_monsterinsights_skip_tracking":false,"_monsterinsights_sitenote_active":false,"_monsterinsights_sitenote_note":"","_monsterinsights_sitenote_category":0,"footnotes":""},"categories":[5],"tags":[1400,508,207,378],"class_list":["post-13824","post","type-post","status-publish","format-standard","has-post-thumbnail","hentry","category-alimentacion","tag-alimentacion-equilibrada","tag-alimentos-saludables","tag-dieta-equilibrada","tag-frutas"],"acf":[],"yoast_head":"<!-- This site is optimized with the Yoast SEO plugin v27.5 - https:\/\/yoast.com\/product\/yoast-seo-wordpress\/ -->\n<title>Alimentos de temporada en enero: Sabores regionales y recetas saludables para personas con diabetes - iMagazine - Soluciones para la Diabetes<\/title>\n<meta name=\"description\" content=\"Alimentos enero: recetas saludables y consejos para personas con diabetes. \u00a1Disfruta de sabores frescos y apoya la producci\u00f3n local!\" \/>\n<meta name=\"robots\" content=\"index, follow, max-snippet:-1, max-image-preview:large, max-video-preview:-1\" \/>\n<link rel=\"canonical\" href=\"https:\/\/www.solucionesparaladiabetes.com\/magazine-diabetes\/alimentos-de-temporada-en-enero-sabores-regionales-y-recetas-saludables-para-personas-con-diabetes\/\" \/>\n<meta property=\"og:locale\" content=\"es_ES\" \/>\n<meta property=\"og:type\" content=\"article\" \/>\n<meta property=\"og:title\" content=\"Alimentos de temporada en enero: Sabores regionales y recetas saludables para personas con diabetes - iMagazine - Soluciones para la Diabetes\" \/>\n<meta property=\"og:description\" content=\"Alimentos enero: recetas saludables y consejos para personas con diabetes. \u00a1Disfruta de sabores frescos y apoya la producci\u00f3n local!\" \/>\n<meta property=\"og:url\" content=\"https:\/\/www.solucionesparaladiabetes.com\/magazine-diabetes\/alimentos-de-temporada-en-enero-sabores-regionales-y-recetas-saludables-para-personas-con-diabetes\/\" \/>\n<meta property=\"og:site_name\" content=\"Soluciones para la Diabetes\" \/>\n<meta property=\"article:published_time\" content=\"2025-01-05T13:34:13+00:00\" \/>\n<meta property=\"article:modified_time\" content=\"2025-01-13T09:14:49+00:00\" \/>\n<meta property=\"og:image\" content=\"http:\/\/www.solucionesparaladiabetes.com\/magazine-diabetes\/wp-content\/uploads\/Frutas-y-verduas-enero.jpg\" \/>\n\t<meta property=\"og:image:width\" content=\"897\" \/>\n\t<meta property=\"og:image:height\" content=\"582\" \/>\n\t<meta property=\"og:image:type\" content=\"image\/jpeg\" \/>\n<meta name=\"author\" content=\"Redacci\u00f3n Editorial\" \/>\n<meta name=\"twitter:card\" content=\"summary_large_image\" \/>\n<meta name=\"twitter:creator\" content=\"@soluciondiabete\" \/>\n<meta name=\"twitter:site\" content=\"@soluciondiabete\" \/>\n<meta name=\"twitter:label1\" content=\"Escrito por\" \/>\n\t<meta name=\"twitter:data1\" content=\"Redacci\u00f3n Editorial\" \/>\n\t<meta name=\"twitter:label2\" content=\"Tiempo de lectura\" \/>\n\t<meta name=\"twitter:data2\" content=\"3 minutos\" \/>\n<script type=\"application\/ld+json\" class=\"yoast-schema-graph\">{\"@context\":\"https:\\\/\\\/schema.org\",\"@graph\":[{\"@type\":\"Article\",\"@id\":\"https:\\\/\\\/www.solucionesparaladiabetes.com\\\/magazine-diabetes\\\/alimentos-de-temporada-en-enero-sabores-regionales-y-recetas-saludables-para-personas-con-diabetes\\\/#article\",\"isPartOf\":{\"@id\":\"https:\\\/\\\/www.solucionesparaladiabetes.com\\\/magazine-diabetes\\\/alimentos-de-temporada-en-enero-sabores-regionales-y-recetas-saludables-para-personas-con-diabetes\\\/\"},\"author\":{\"name\":\"Redacci\u00f3n Editorial\",\"@id\":\"https:\\\/\\\/www.solucionesparaladiabetes.com\\\/magazine-diabetes\\\/#\\\/schema\\\/person\\\/9d25dba87bbcd3627b3db1c9acfc9bd7\"},\"headline\":\"Alimentos de temporada en enero: Sabores regionales y recetas saludables para personas con diabetes\",\"datePublished\":\"2025-01-05T13:34:13+00:00\",\"dateModified\":\"2025-01-13T09:14:49+00:00\",\"mainEntityOfPage\":{\"@id\":\"https:\\\/\\\/www.solucionesparaladiabetes.com\\\/magazine-diabetes\\\/alimentos-de-temporada-en-enero-sabores-regionales-y-recetas-saludables-para-personas-con-diabetes\\\/\"},\"wordCount\":723,\"commentCount\":0,\"image\":{\"@id\":\"https:\\\/\\\/www.solucionesparaladiabetes.com\\\/magazine-diabetes\\\/alimentos-de-temporada-en-enero-sabores-regionales-y-recetas-saludables-para-personas-con-diabetes\\\/#primaryimage\"},\"thumbnailUrl\":\"https:\\\/\\\/www.solucionesparaladiabetes.com\\\/magazine-diabetes\\\/wp-content\\\/uploads\\\/Frutas-y-verduas-enero.jpg\",\"keywords\":[\"Alimentaci\u00f3n equilibrada\",\"Alimentos saludables\",\"Dieta equilibrada\",\"frutas\"],\"articleSection\":[\"Alimentaci\u00f3n\"],\"inLanguage\":\"es\",\"potentialAction\":[{\"@type\":\"CommentAction\",\"name\":\"Comment\",\"target\":[\"https:\\\/\\\/www.solucionesparaladiabetes.com\\\/magazine-diabetes\\\/alimentos-de-temporada-en-enero-sabores-regionales-y-recetas-saludables-para-personas-con-diabetes\\\/#respond\"]}]},{\"@type\":\"WebPage\",\"@id\":\"https:\\\/\\\/www.solucionesparaladiabetes.com\\\/magazine-diabetes\\\/alimentos-de-temporada-en-enero-sabores-regionales-y-recetas-saludables-para-personas-con-diabetes\\\/\",\"url\":\"https:\\\/\\\/www.solucionesparaladiabetes.com\\\/magazine-diabetes\\\/alimentos-de-temporada-en-enero-sabores-regionales-y-recetas-saludables-para-personas-con-diabetes\\\/\",\"name\":\"Alimentos de temporada en enero: Sabores regionales y recetas saludables para personas con diabetes - iMagazine - Soluciones para la Diabetes\",\"isPartOf\":{\"@id\":\"https:\\\/\\\/www.solucionesparaladiabetes.com\\\/magazine-diabetes\\\/#website\"},\"primaryImageOfPage\":{\"@id\":\"https:\\\/\\\/www.solucionesparaladiabetes.com\\\/magazine-diabetes\\\/alimentos-de-temporada-en-enero-sabores-regionales-y-recetas-saludables-para-personas-con-diabetes\\\/#primaryimage\"},\"image\":{\"@id\":\"https:\\\/\\\/www.solucionesparaladiabetes.com\\\/magazine-diabetes\\\/alimentos-de-temporada-en-enero-sabores-regionales-y-recetas-saludables-para-personas-con-diabetes\\\/#primaryimage\"},\"thumbnailUrl\":\"https:\\\/\\\/www.solucionesparaladiabetes.com\\\/magazine-diabetes\\\/wp-content\\\/uploads\\\/Frutas-y-verduas-enero.jpg\",\"datePublished\":\"2025-01-05T13:34:13+00:00\",\"dateModified\":\"2025-01-13T09:14:49+00:00\",\"author\":{\"@id\":\"https:\\\/\\\/www.solucionesparaladiabetes.com\\\/magazine-diabetes\\\/#\\\/schema\\\/person\\\/9d25dba87bbcd3627b3db1c9acfc9bd7\"},\"description\":\"Alimentos enero: recetas saludables y consejos para personas con diabetes. \u00a1Disfruta de sabores frescos y apoya la producci\u00f3n local!\",\"breadcrumb\":{\"@id\":\"https:\\\/\\\/www.solucionesparaladiabetes.com\\\/magazine-diabetes\\\/alimentos-de-temporada-en-enero-sabores-regionales-y-recetas-saludables-para-personas-con-diabetes\\\/#breadcrumb\"},\"inLanguage\":\"es\",\"potentialAction\":[{\"@type\":\"ReadAction\",\"target\":[\"https:\\\/\\\/www.solucionesparaladiabetes.com\\\/magazine-diabetes\\\/alimentos-de-temporada-en-enero-sabores-regionales-y-recetas-saludables-para-personas-con-diabetes\\\/\"]}]},{\"@type\":\"ImageObject\",\"inLanguage\":\"es\",\"@id\":\"https:\\\/\\\/www.solucionesparaladiabetes.com\\\/magazine-diabetes\\\/alimentos-de-temporada-en-enero-sabores-regionales-y-recetas-saludables-para-personas-con-diabetes\\\/#primaryimage\",\"url\":\"https:\\\/\\\/www.solucionesparaladiabetes.com\\\/magazine-diabetes\\\/wp-content\\\/uploads\\\/Frutas-y-verduas-enero.jpg\",\"contentUrl\":\"https:\\\/\\\/www.solucionesparaladiabetes.com\\\/magazine-diabetes\\\/wp-content\\\/uploads\\\/Frutas-y-verduas-enero.jpg\",\"width\":897,\"height\":582,\"caption\":\"Frutas y verduras del mes\"},{\"@type\":\"BreadcrumbList\",\"@id\":\"https:\\\/\\\/www.solucionesparaladiabetes.com\\\/magazine-diabetes\\\/alimentos-de-temporada-en-enero-sabores-regionales-y-recetas-saludables-para-personas-con-diabetes\\\/#breadcrumb\",\"itemListElement\":[{\"@type\":\"ListItem\",\"position\":1,\"name\":\"Portada\",\"item\":\"https:\\\/\\\/www.solucionesparaladiabetes.com\\\/magazine-diabetes\\\/\"},{\"@type\":\"ListItem\",\"position\":2,\"name\":\"Alimentos de temporada en enero: Sabores regionales y recetas saludables para personas con diabetes\"}]},{\"@type\":\"WebSite\",\"@id\":\"https:\\\/\\\/www.solucionesparaladiabetes.com\\\/magazine-diabetes\\\/#website\",\"url\":\"https:\\\/\\\/www.solucionesparaladiabetes.com\\\/magazine-diabetes\\\/\",\"name\":\"Soluciones para la Diabetes\",\"description\":\"iMagazine\",\"potentialAction\":[{\"@type\":\"SearchAction\",\"target\":{\"@type\":\"EntryPoint\",\"urlTemplate\":\"https:\\\/\\\/www.solucionesparaladiabetes.com\\\/magazine-diabetes\\\/?s={search_term_string}\"},\"query-input\":{\"@type\":\"PropertyValueSpecification\",\"valueRequired\":true,\"valueName\":\"search_term_string\"}}],\"inLanguage\":\"es\"},{\"@type\":\"Person\",\"@id\":\"https:\\\/\\\/www.solucionesparaladiabetes.com\\\/magazine-diabetes\\\/#\\\/schema\\\/person\\\/9d25dba87bbcd3627b3db1c9acfc9bd7\",\"name\":\"Redacci\u00f3n Editorial\",\"image\":{\"@type\":\"ImageObject\",\"inLanguage\":\"es\",\"@id\":\"https:\\\/\\\/secure.gravatar.com\\\/avatar\\\/9a32759cfac6842eec272cac6814846d5d94168e8533a3088620732917ec742e?s=96&d=mm&r=g\",\"url\":\"https:\\\/\\\/secure.gravatar.com\\\/avatar\\\/9a32759cfac6842eec272cac6814846d5d94168e8533a3088620732917ec742e?s=96&d=mm&r=g\",\"contentUrl\":\"https:\\\/\\\/secure.gravatar.com\\\/avatar\\\/9a32759cfac6842eec272cac6814846d5d94168e8533a3088620732917ec742e?s=96&d=mm&r=g\",\"caption\":\"Redacci\u00f3n Editorial\"}}]}<\/script>\n<!-- \/ Yoast SEO plugin. -->","yoast_head_json":{"title":"Alimentos de temporada en enero: Sabores regionales y recetas saludables para personas con diabetes - iMagazine - Soluciones para la Diabetes","description":"Alimentos enero: recetas saludables y consejos para personas con diabetes. \u00a1Disfruta de sabores frescos y apoya la producci\u00f3n local!","robots":{"index":"index","follow":"follow","max-snippet":"max-snippet:-1","max-image-preview":"max-image-preview:large","max-video-preview":"max-video-preview:-1"},"canonical":"https:\/\/www.solucionesparaladiabetes.com\/magazine-diabetes\/alimentos-de-temporada-en-enero-sabores-regionales-y-recetas-saludables-para-personas-con-diabetes\/","og_locale":"es_ES","og_type":"article","og_title":"Alimentos de temporada en enero: Sabores regionales y recetas saludables para personas con diabetes - iMagazine - Soluciones para la Diabetes","og_description":"Alimentos enero: recetas saludables y consejos para personas con diabetes. \u00a1Disfruta de sabores frescos y apoya la producci\u00f3n local!","og_url":"https:\/\/www.solucionesparaladiabetes.com\/magazine-diabetes\/alimentos-de-temporada-en-enero-sabores-regionales-y-recetas-saludables-para-personas-con-diabetes\/","og_site_name":"Soluciones para la Diabetes","article_published_time":"2025-01-05T13:34:13+00:00","article_modified_time":"2025-01-13T09:14:49+00:00","og_image":[{"width":897,"height":582,"url":"http:\/\/www.solucionesparaladiabetes.com\/magazine-diabetes\/wp-content\/uploads\/Frutas-y-verduas-enero.jpg","type":"image\/jpeg"}],"author":"Redacci\u00f3n Editorial","twitter_card":"summary_large_image","twitter_creator":"@soluciondiabete","twitter_site":"@soluciondiabete","twitter_misc":{"Escrito por":"Redacci\u00f3n Editorial","Tiempo de lectura":"3 minutos"},"schema":{"@context":"https:\/\/schema.org","@graph":[{"@type":"Article","@id":"https:\/\/www.solucionesparaladiabetes.com\/magazine-diabetes\/alimentos-de-temporada-en-enero-sabores-regionales-y-recetas-saludables-para-personas-con-diabetes\/#article","isPartOf":{"@id":"https:\/\/www.solucionesparaladiabetes.com\/magazine-diabetes\/alimentos-de-temporada-en-enero-sabores-regionales-y-recetas-saludables-para-personas-con-diabetes\/"},"author":{"name":"Redacci\u00f3n Editorial","@id":"https:\/\/www.solucionesparaladiabetes.com\/magazine-diabetes\/#\/schema\/person\/9d25dba87bbcd3627b3db1c9acfc9bd7"},"headline":"Alimentos de temporada en enero: Sabores regionales y recetas saludables para personas con diabetes","datePublished":"2025-01-05T13:34:13+00:00","dateModified":"2025-01-13T09:14:49+00:00","mainEntityOfPage":{"@id":"https:\/\/www.solucionesparaladiabetes.com\/magazine-diabetes\/alimentos-de-temporada-en-enero-sabores-regionales-y-recetas-saludables-para-personas-con-diabetes\/"},"wordCount":723,"commentCount":0,"image":{"@id":"https:\/\/www.solucionesparaladiabetes.com\/magazine-diabetes\/alimentos-de-temporada-en-enero-sabores-regionales-y-recetas-saludables-para-personas-con-diabetes\/#primaryimage"},"thumbnailUrl":"https:\/\/www.solucionesparaladiabetes.com\/magazine-diabetes\/wp-content\/uploads\/Frutas-y-verduas-enero.jpg","keywords":["Alimentaci\u00f3n equilibrada","Alimentos saludables","Dieta equilibrada","frutas"],"articleSection":["Alimentaci\u00f3n"],"inLanguage":"es","potentialAction":[{"@type":"CommentAction","name":"Comment","target":["https:\/\/www.solucionesparaladiabetes.com\/magazine-diabetes\/alimentos-de-temporada-en-enero-sabores-regionales-y-recetas-saludables-para-personas-con-diabetes\/#respond"]}]},{"@type":"WebPage","@id":"https:\/\/www.solucionesparaladiabetes.com\/magazine-diabetes\/alimentos-de-temporada-en-enero-sabores-regionales-y-recetas-saludables-para-personas-con-diabetes\/","url":"https:\/\/www.solucionesparaladiabetes.com\/magazine-diabetes\/alimentos-de-temporada-en-enero-sabores-regionales-y-recetas-saludables-para-personas-con-diabetes\/","name":"Alimentos de temporada en enero: Sabores regionales y recetas saludables para personas con diabetes - iMagazine - Soluciones para la Diabetes","isPartOf":{"@id":"https:\/\/www.solucionesparaladiabetes.com\/magazine-diabetes\/#website"},"primaryImageOfPage":{"@id":"https:\/\/www.solucionesparaladiabetes.com\/magazine-diabetes\/alimentos-de-temporada-en-enero-sabores-regionales-y-recetas-saludables-para-personas-con-diabetes\/#primaryimage"},"image":{"@id":"https:\/\/www.solucionesparaladiabetes.com\/magazine-diabetes\/alimentos-de-temporada-en-enero-sabores-regionales-y-recetas-saludables-para-personas-con-diabetes\/#primaryimage"},"thumbnailUrl":"https:\/\/www.solucionesparaladiabetes.com\/magazine-diabetes\/wp-content\/uploads\/Frutas-y-verduas-enero.jpg","datePublished":"2025-01-05T13:34:13+00:00","dateModified":"2025-01-13T09:14:49+00:00","author":{"@id":"https:\/\/www.solucionesparaladiabetes.com\/magazine-diabetes\/#\/schema\/person\/9d25dba87bbcd3627b3db1c9acfc9bd7"},"description":"Alimentos enero: recetas saludables y consejos para personas con diabetes. \u00a1Disfruta de sabores frescos y apoya la producci\u00f3n local!","breadcrumb":{"@id":"https:\/\/www.solucionesparaladiabetes.com\/magazine-diabetes\/alimentos-de-temporada-en-enero-sabores-regionales-y-recetas-saludables-para-personas-con-diabetes\/#breadcrumb"},"inLanguage":"es","potentialAction":[{"@type":"ReadAction","target":["https:\/\/www.solucionesparaladiabetes.com\/magazine-diabetes\/alimentos-de-temporada-en-enero-sabores-regionales-y-recetas-saludables-para-personas-con-diabetes\/"]}]},{"@type":"ImageObject","inLanguage":"es","@id":"https:\/\/www.solucionesparaladiabetes.com\/magazine-diabetes\/alimentos-de-temporada-en-enero-sabores-regionales-y-recetas-saludables-para-personas-con-diabetes\/#primaryimage","url":"https:\/\/www.solucionesparaladiabetes.com\/magazine-diabetes\/wp-content\/uploads\/Frutas-y-verduas-enero.jpg","contentUrl":"https:\/\/www.solucionesparaladiabetes.com\/magazine-diabetes\/wp-content\/uploads\/Frutas-y-verduas-enero.jpg","width":897,"height":582,"caption":"Frutas y verduras del mes"},{"@type":"BreadcrumbList","@id":"https:\/\/www.solucionesparaladiabetes.com\/magazine-diabetes\/alimentos-de-temporada-en-enero-sabores-regionales-y-recetas-saludables-para-personas-con-diabetes\/#breadcrumb","itemListElement":[{"@type":"ListItem","position":1,"name":"Portada","item":"https:\/\/www.solucionesparaladiabetes.com\/magazine-diabetes\/"},{"@type":"ListItem","position":2,"name":"Alimentos de temporada en enero: Sabores regionales y recetas saludables para personas con diabetes"}]},{"@type":"WebSite","@id":"https:\/\/www.solucionesparaladiabetes.com\/magazine-diabetes\/#website","url":"https:\/\/www.solucionesparaladiabetes.com\/magazine-diabetes\/","name":"Soluciones para la Diabetes","description":"iMagazine","potentialAction":[{"@type":"SearchAction","target":{"@type":"EntryPoint","urlTemplate":"https:\/\/www.solucionesparaladiabetes.com\/magazine-diabetes\/?s={search_term_string}"},"query-input":{"@type":"PropertyValueSpecification","valueRequired":true,"valueName":"search_term_string"}}],"inLanguage":"es"},{"@type":"Person","@id":"https:\/\/www.solucionesparaladiabetes.com\/magazine-diabetes\/#\/schema\/person\/9d25dba87bbcd3627b3db1c9acfc9bd7","name":"Redacci\u00f3n Editorial","image":{"@type":"ImageObject","inLanguage":"es","@id":"https:\/\/secure.gravatar.com\/avatar\/9a32759cfac6842eec272cac6814846d5d94168e8533a3088620732917ec742e?s=96&d=mm&r=g","url":"https:\/\/secure.gravatar.com\/avatar\/9a32759cfac6842eec272cac6814846d5d94168e8533a3088620732917ec742e?s=96&d=mm&r=g","contentUrl":"https:\/\/secure.gravatar.com\/avatar\/9a32759cfac6842eec272cac6814846d5d94168e8533a3088620732917ec742e?s=96&d=mm&r=g","caption":"Redacci\u00f3n Editorial"}}]}},"_links":{"self":[{"href":"https:\/\/www.solucionesparaladiabetes.com\/magazine-diabetes\/wp-json\/wp\/v2\/posts\/13824","targetHints":{"allow":["GET"]}}],"collection":[{"href":"https:\/\/www.solucionesparaladiabetes.com\/magazine-diabetes\/wp-json\/wp\/v2\/posts"}],"about":[{"href":"https:\/\/www.solucionesparaladiabetes.com\/magazine-diabetes\/wp-json\/wp\/v2\/types\/post"}],"author":[{"embeddable":true,"href":"https:\/\/www.solucionesparaladiabetes.com\/magazine-diabetes\/wp-json\/wp\/v2\/users\/19"}],"replies":[{"embeddable":true,"href":"https:\/\/www.solucionesparaladiabetes.com\/magazine-diabetes\/wp-json\/wp\/v2\/comments?post=13824"}],"version-history":[{"count":2,"href":"https:\/\/www.solucionesparaladiabetes.com\/magazine-diabetes\/wp-json\/wp\/v2\/posts\/13824\/revisions"}],"predecessor-version":[{"id":13833,"href":"https:\/\/www.solucionesparaladiabetes.com\/magazine-diabetes\/wp-json\/wp\/v2\/posts\/13824\/revisions\/13833"}],"wp:featuredmedia":[{"embeddable":true,"href":"https:\/\/www.solucionesparaladiabetes.com\/magazine-diabetes\/wp-json\/wp\/v2\/media\/13825"}],"wp:attachment":[{"href":"https:\/\/www.solucionesparaladiabetes.com\/magazine-diabetes\/wp-json\/wp\/v2\/media?parent=13824"}],"wp:term":[{"taxonomy":"category","embeddable":true,"href":"https:\/\/www.solucionesparaladiabetes.com\/magazine-diabetes\/wp-json\/wp\/v2\/categories?post=13824"},{"taxonomy":"post_tag","embeddable":true,"href":"https:\/\/www.solucionesparaladiabetes.com\/magazine-diabetes\/wp-json\/wp\/v2\/tags?post=13824"}],"curies":[{"name":"wp","href":"https:\/\/api.w.org\/{rel}","templated":true}]}}