{"id":13492,"date":"2024-08-14T12:40:08","date_gmt":"2024-08-14T10:40:08","guid":{"rendered":"https:\/\/www.solucionesparaladiabetes.com\/magazine-diabetes\/?p=13492"},"modified":"2024-10-31T08:34:43","modified_gmt":"2024-10-31T07:34:43","slug":"dia-mundial-de-la-diabetes-2024-diabetes-y-bienestar","status":"publish","type":"post","link":"https:\/\/www.solucionesparaladiabetes.com\/magazine-diabetes\/dia-mundial-de-la-diabetes-2024-diabetes-y-bienestar\/","title":{"rendered":"D\u00eda Mundial de la Diabetes 2024: \u00abPara una mejor vida con diabetes, miremos m\u00e1s all\u00e1 de la glucemia\u00bb"},"content":{"rendered":"<p>Cada 14 de noviembre se celebra el D\u00eda Mundial de la Diabetes, una fecha en que se conmemora el nacimiento de Ser Fredrick Banting, quien junto a Charles Best, descubri\u00f3 la insulina en 1922.<\/p>\n<p>Este d\u00eda, instaurado en 1991 por la <a href=\"https:\/\/idf.org\/es\/\" target=\"_blank\" rel=\"noopener\">International Diabetes Federation<\/a> (ITF), es una ocasi\u00f3n especial que se utiliza para dar mayor visibilidad a esta enfermedad, con el objetivo de mejorar el conocimiento y la concienciaci\u00f3n sobre ella, as\u00ed como para dar a conocer avances y recomendaciones para mejorar la calidad de vida de los pacientes.<\/p>\n<p>Aunque la tarea de concienciaci\u00f3n y mejora del conocimiento se realiza de forma constante por las diversas asociaciones y entidades m\u00e9dicas, el D\u00eda Mundial de la Diabetes es una buena forma de<a href=\"https:\/\/www.solucionesparaladiabetes.com\/magazine-diabetes\/por-que-dia-mundial-diabetes\/\" target=\"_blank\" rel=\"noopener\"> ampliar el alcance<\/a> para <strong>llegar a m\u00e1s personas<\/strong>.<\/p>\n<h2>\u00abPara una mejor vida con diabetes, miremos m\u00e1s all\u00e1 de la glucemia\u00bb, lema del periodo 2024<\/h2>\n<p>Bajo el lema \u00abPara una mejor vida con diabetes, miremos m\u00e1s all\u00e1 de la glucemia\u00bb, se tratar\u00e1n temas que son de especial inter\u00e9s para las personas con diabetes:<\/p>\n<ul>\n<li><strong>La vida con diabetes:\u00a0<\/strong>La diabetes puede afectar todos los aspectos de la vida de una persona, y a menudo tiene un impacto negativo en su bienestar.<\/li>\n<li><strong>Cuidados de la diabetes:\u00a0<\/strong>Los cuidados actuales de la diabetes no apoyan suficientemente el bienestar de la persona.<\/li>\n<li><strong>Bienestar:<\/strong>\u00a0El apoyo al bienestar de la persona debe priorizarse en los cuidados de la diabetes.<\/li>\n<\/ul>\n<p>Este lema se engloba en el que comprende el periodo 2024-2026, que es \u00abDiabetes y bienestar\u00bb, y que se centrar\u00e1 en aspectos relacionados con:<\/p>\n<ul>\n<li><strong>Bienestar f\u00edsico:<\/strong>\u00a0Una vez m\u00e1s, y como siempre recordamos en Soluciones para la Diabetes, el bienestar f\u00edsico suele ir ligado a la realizaci\u00f3n de actividad f\u00edsica u otro tipo de actividades que impliquen moverse y llevar un estilo de vida saludable. Adem\u00e1s de facilitar el control de la diabetes tipo 1, puede prevenir y reducir el riesgo de padecer diabetes tipo 2.<\/li>\n<li><strong>Bienestar social:\u00a0<\/strong>Poner de manifiesto algunos problemas y barreras que suelen encontrarse las personas con diabetes, tanto para mantener estilos de vida saludables, como en otros aspectos de su vida.<\/li>\n<li><strong>Bienestar psicol\u00f3gico:\u00a0<\/strong>La diabetes, desde su diagn\u00f3stico hasta su gesti\u00f3n diaria, puede suponer un estr\u00e9s a\u00f1adido y generar problemas de salud mental como ansiedad o depresi\u00f3n. Es importante dar visibilidad y concienciar sobre este tipo de situaciones.<\/li>\n<\/ul>\n<p><iframe loading=\"lazy\" title=\"Diabetes and well-being: more than access to care\" width=\"696\" height=\"392\" src=\"https:\/\/www.youtube.com\/embed\/KT-xaVI4N-8?feature=oembed\" frameborder=\"0\" allow=\"accelerometer; autoplay; clipboard-write; encrypted-media; gyroscope; picture-in-picture; web-share\" referrerpolicy=\"strict-origin-when-cross-origin\" allowfullscreen><\/iframe><\/p>\n<h2>Actividades del D\u00eda Mundial de la Diabetes en Espa\u00f1a<\/h2>\n<p>Los pr\u00f3ximos d\u00edas 8 y 9 de noviembre, en Santiago de Compostela, la <a href=\"https:\/\/www.sediabetes.org\/\" target=\"_blank\" rel=\"noopener\">Sociedad Espa\u00f1ola de Diabetes<\/a> y la <a href=\"https:\/\/www.fedesp.es\/portal\/portada\/\" target=\"_blank\" rel=\"noopener\">Federaci\u00f3n Espa\u00f1ola de Diabetes<\/a>, con la colaboraci\u00f3n de la <a href=\"https:\/\/fegadi.org\/\" target=\"_blank\" rel=\"noopener\">Federaci\u00f3n Gallega de Asociaciones de Personas con Diabetes<\/a> (FEGADI), organizan los eventos para conmemorar el D\u00eda Mundial de la Diabetes.<\/p>\n<p>En estas dos jornadas tendr\u00e1n lugar diferentes actividades y encuentros, en los que se tratar\u00e1n temas tan interesantes como <strong>\u00abDiabetes en los medios de comunicaci\u00f3n\u00bb<\/strong>, en la que participar\u00e1n personas que trabajan en medios de comunicaci\u00f3n junto con miembros de la FEDE y la SED; o <strong>\u00abFuturos tratamientos de la diabetes\u00bb<\/strong>, de la mano de la Dra. M\u00aa Jos\u00e9 Pic\u00f3n C\u00e9sar.<\/p>\n<p>En la sala Cimabue, tendr\u00e1n lugar diferentes actos enfocados a los m\u00e1s j\u00f3venes y a la familia, en los que se hablar\u00e1 de <a href=\"https:\/\/www.solucionesparaladiabetes.com\/magazine-diabetes\/deporte-diabetes\/\" target=\"_blank\" rel=\"noopener\">actividad f\u00edsica<\/a>, del estado actual de las tecnolog\u00edas en el tratamiento de la diabetes, o de la gesti\u00f3n psicol\u00f3gica de la diabetes.<\/p>\n<p>Un a\u00f1o m\u00e1s, A. Menarini Diagnostics y Soluciones para la Diabetes, colaboran y apoyan las actividades del D\u00eda Mundial de la Diabetes.<\/p>\n<p>&nbsp;<\/p>\n","protected":false},"excerpt":{"rendered":"<p>Cada 14 de noviembre se celebra el D\u00eda Mundial de la Diabetes, una fecha en que se conmemora el nacimiento de Ser Fredrick Banting, quien junto a Charles Best, descubri\u00f3 [&hellip;]<\/p>\n","protected":false},"author":17,"featured_media":9684,"comment_status":"open","ping_status":"open","sticky":false,"template":"","format":"standard","meta":{"_acf_changed":false,"_monsterinsights_skip_tracking":false,"_monsterinsights_sitenote_active":false,"_monsterinsights_sitenote_note":"","_monsterinsights_sitenote_category":0,"footnotes":""},"categories":[1],"tags":[465],"class_list":["post-13492","post","type-post","status-publish","format-standard","has-post-thumbnail","hentry","category-actualidad","tag-dia-mundial-de-la-diabetes"],"acf":[],"yoast_head":"<!-- This site is optimized with the Yoast SEO plugin v27.5 - https:\/\/yoast.com\/product\/yoast-seo-wordpress\/ -->\n<title>D\u00eda Mundial de la Diabetes 2024: &quot;Para una mejor vida con diabetes, miremos m\u00e1s all\u00e1 de la glucemia&quot; - iMagazine - Soluciones para la Diabetes<\/title>\n<meta name=\"description\" content=\"Diabetes y Bienestar es el lema escogido para la edici\u00f3n 2024 del D\u00eda Mundial de la Diabetes.\" \/>\n<meta name=\"robots\" content=\"index, follow, max-snippet:-1, max-image-preview:large, max-video-preview:-1\" \/>\n<link rel=\"canonical\" href=\"https:\/\/www.solucionesparaladiabetes.com\/magazine-diabetes\/dia-mundial-de-la-diabetes-2024-diabetes-y-bienestar\/\" \/>\n<meta property=\"og:locale\" content=\"es_ES\" \/>\n<meta property=\"og:type\" content=\"article\" \/>\n<meta property=\"og:title\" content=\"D\u00eda Mundial de la Diabetes 2024: &quot;Para una mejor vida con diabetes, miremos m\u00e1s all\u00e1 de la glucemia&quot; - iMagazine - Soluciones para la Diabetes\" \/>\n<meta property=\"og:description\" content=\"Diabetes y Bienestar es el lema escogido para la edici\u00f3n 2024 del D\u00eda Mundial de la Diabetes.\" \/>\n<meta property=\"og:url\" content=\"https:\/\/www.solucionesparaladiabetes.com\/magazine-diabetes\/dia-mundial-de-la-diabetes-2024-diabetes-y-bienestar\/\" \/>\n<meta property=\"og:site_name\" content=\"Soluciones para la Diabetes\" \/>\n<meta property=\"article:published_time\" content=\"2024-08-14T10:40:08+00:00\" \/>\n<meta property=\"article:modified_time\" content=\"2024-10-31T07:34:43+00:00\" \/>\n<meta property=\"og:image\" content=\"http:\/\/www.solucionesparaladiabetes.com\/magazine-diabetes\/wp-content\/uploads\/diamundialdiabetes.jpg\" \/>\n\t<meta property=\"og:image:width\" content=\"1004\" \/>\n\t<meta property=\"og:image:height\" content=\"565\" \/>\n\t<meta property=\"og:image:type\" content=\"image\/jpeg\" \/>\n<meta name=\"author\" content=\"SuperAdmin\" \/>\n<meta name=\"twitter:card\" content=\"summary_large_image\" \/>\n<meta name=\"twitter:creator\" content=\"@soluciondiabete\" \/>\n<meta name=\"twitter:site\" content=\"@soluciondiabete\" \/>\n<meta name=\"twitter:label1\" content=\"Escrito por\" \/>\n\t<meta name=\"twitter:data1\" content=\"SuperAdmin\" \/>\n\t<meta name=\"twitter:label2\" content=\"Tiempo de lectura\" \/>\n\t<meta name=\"twitter:data2\" content=\"3 minutos\" \/>\n<script type=\"application\/ld+json\" class=\"yoast-schema-graph\">{\"@context\":\"https:\\\/\\\/schema.org\",\"@graph\":[{\"@type\":\"Article\",\"@id\":\"https:\\\/\\\/www.solucionesparaladiabetes.com\\\/magazine-diabetes\\\/dia-mundial-de-la-diabetes-2024-diabetes-y-bienestar\\\/#article\",\"isPartOf\":{\"@id\":\"https:\\\/\\\/www.solucionesparaladiabetes.com\\\/magazine-diabetes\\\/dia-mundial-de-la-diabetes-2024-diabetes-y-bienestar\\\/\"},\"author\":{\"name\":\"SuperAdmin\",\"@id\":\"https:\\\/\\\/www.solucionesparaladiabetes.com\\\/magazine-diabetes\\\/#\\\/schema\\\/person\\\/e2baa2823993aa90e52cca43e9244bbd\"},\"headline\":\"D\u00eda Mundial de la Diabetes 2024: \u00abPara una mejor vida con diabetes, miremos m\u00e1s all\u00e1 de la glucemia\u00bb\",\"datePublished\":\"2024-08-14T10:40:08+00:00\",\"dateModified\":\"2024-10-31T07:34:43+00:00\",\"mainEntityOfPage\":{\"@id\":\"https:\\\/\\\/www.solucionesparaladiabetes.com\\\/magazine-diabetes\\\/dia-mundial-de-la-diabetes-2024-diabetes-y-bienestar\\\/\"},\"wordCount\":643,\"commentCount\":0,\"image\":{\"@id\":\"https:\\\/\\\/www.solucionesparaladiabetes.com\\\/magazine-diabetes\\\/dia-mundial-de-la-diabetes-2024-diabetes-y-bienestar\\\/#primaryimage\"},\"thumbnailUrl\":\"https:\\\/\\\/www.solucionesparaladiabetes.com\\\/magazine-diabetes\\\/wp-content\\\/uploads\\\/diamundialdiabetes.jpg\",\"keywords\":[\"D\u00eda Mundial de la Diabetes\"],\"articleSection\":[\"Actualidad\"],\"inLanguage\":\"es\",\"potentialAction\":[{\"@type\":\"CommentAction\",\"name\":\"Comment\",\"target\":[\"https:\\\/\\\/www.solucionesparaladiabetes.com\\\/magazine-diabetes\\\/dia-mundial-de-la-diabetes-2024-diabetes-y-bienestar\\\/#respond\"]}]},{\"@type\":\"WebPage\",\"@id\":\"https:\\\/\\\/www.solucionesparaladiabetes.com\\\/magazine-diabetes\\\/dia-mundial-de-la-diabetes-2024-diabetes-y-bienestar\\\/\",\"url\":\"https:\\\/\\\/www.solucionesparaladiabetes.com\\\/magazine-diabetes\\\/dia-mundial-de-la-diabetes-2024-diabetes-y-bienestar\\\/\",\"name\":\"D\u00eda Mundial de la Diabetes 2024: \\\"Para una mejor vida con diabetes, miremos m\u00e1s all\u00e1 de la glucemia\\\" - iMagazine - Soluciones para la Diabetes\",\"isPartOf\":{\"@id\":\"https:\\\/\\\/www.solucionesparaladiabetes.com\\\/magazine-diabetes\\\/#website\"},\"primaryImageOfPage\":{\"@id\":\"https:\\\/\\\/www.solucionesparaladiabetes.com\\\/magazine-diabetes\\\/dia-mundial-de-la-diabetes-2024-diabetes-y-bienestar\\\/#primaryimage\"},\"image\":{\"@id\":\"https:\\\/\\\/www.solucionesparaladiabetes.com\\\/magazine-diabetes\\\/dia-mundial-de-la-diabetes-2024-diabetes-y-bienestar\\\/#primaryimage\"},\"thumbnailUrl\":\"https:\\\/\\\/www.solucionesparaladiabetes.com\\\/magazine-diabetes\\\/wp-content\\\/uploads\\\/diamundialdiabetes.jpg\",\"datePublished\":\"2024-08-14T10:40:08+00:00\",\"dateModified\":\"2024-10-31T07:34:43+00:00\",\"author\":{\"@id\":\"https:\\\/\\\/www.solucionesparaladiabetes.com\\\/magazine-diabetes\\\/#\\\/schema\\\/person\\\/e2baa2823993aa90e52cca43e9244bbd\"},\"description\":\"Diabetes y Bienestar es el lema escogido para la edici\u00f3n 2024 del D\u00eda Mundial de la Diabetes.\",\"breadcrumb\":{\"@id\":\"https:\\\/\\\/www.solucionesparaladiabetes.com\\\/magazine-diabetes\\\/dia-mundial-de-la-diabetes-2024-diabetes-y-bienestar\\\/#breadcrumb\"},\"inLanguage\":\"es\",\"potentialAction\":[{\"@type\":\"ReadAction\",\"target\":[\"https:\\\/\\\/www.solucionesparaladiabetes.com\\\/magazine-diabetes\\\/dia-mundial-de-la-diabetes-2024-diabetes-y-bienestar\\\/\"]}]},{\"@type\":\"ImageObject\",\"inLanguage\":\"es\",\"@id\":\"https:\\\/\\\/www.solucionesparaladiabetes.com\\\/magazine-diabetes\\\/dia-mundial-de-la-diabetes-2024-diabetes-y-bienestar\\\/#primaryimage\",\"url\":\"https:\\\/\\\/www.solucionesparaladiabetes.com\\\/magazine-diabetes\\\/wp-content\\\/uploads\\\/diamundialdiabetes.jpg\",\"contentUrl\":\"https:\\\/\\\/www.solucionesparaladiabetes.com\\\/magazine-diabetes\\\/wp-content\\\/uploads\\\/diamundialdiabetes.jpg\",\"width\":1004,\"height\":565,\"caption\":\"D\u00eda Mundial de la Diabetes\"},{\"@type\":\"BreadcrumbList\",\"@id\":\"https:\\\/\\\/www.solucionesparaladiabetes.com\\\/magazine-diabetes\\\/dia-mundial-de-la-diabetes-2024-diabetes-y-bienestar\\\/#breadcrumb\",\"itemListElement\":[{\"@type\":\"ListItem\",\"position\":1,\"name\":\"Portada\",\"item\":\"https:\\\/\\\/www.solucionesparaladiabetes.com\\\/magazine-diabetes\\\/\"},{\"@type\":\"ListItem\",\"position\":2,\"name\":\"D\u00eda Mundial de la Diabetes 2024: \u00abPara una mejor vida con diabetes, miremos m\u00e1s all\u00e1 de la glucemia\u00bb\"}]},{\"@type\":\"WebSite\",\"@id\":\"https:\\\/\\\/www.solucionesparaladiabetes.com\\\/magazine-diabetes\\\/#website\",\"url\":\"https:\\\/\\\/www.solucionesparaladiabetes.com\\\/magazine-diabetes\\\/\",\"name\":\"Soluciones para la Diabetes\",\"description\":\"iMagazine\",\"potentialAction\":[{\"@type\":\"SearchAction\",\"target\":{\"@type\":\"EntryPoint\",\"urlTemplate\":\"https:\\\/\\\/www.solucionesparaladiabetes.com\\\/magazine-diabetes\\\/?s={search_term_string}\"},\"query-input\":{\"@type\":\"PropertyValueSpecification\",\"valueRequired\":true,\"valueName\":\"search_term_string\"}}],\"inLanguage\":\"es\"},{\"@type\":\"Person\",\"@id\":\"https:\\\/\\\/www.solucionesparaladiabetes.com\\\/magazine-diabetes\\\/#\\\/schema\\\/person\\\/e2baa2823993aa90e52cca43e9244bbd\",\"name\":\"SuperAdmin\",\"image\":{\"@type\":\"ImageObject\",\"inLanguage\":\"es\",\"@id\":\"https:\\\/\\\/secure.gravatar.com\\\/avatar\\\/1d286116912ae259114012192d6e96a07e4a23d045b6f106f625587f72a3d349?s=96&d=mm&r=g\",\"url\":\"https:\\\/\\\/secure.gravatar.com\\\/avatar\\\/1d286116912ae259114012192d6e96a07e4a23d045b6f106f625587f72a3d349?s=96&d=mm&r=g\",\"contentUrl\":\"https:\\\/\\\/secure.gravatar.com\\\/avatar\\\/1d286116912ae259114012192d6e96a07e4a23d045b6f106f625587f72a3d349?s=96&d=mm&r=g\",\"caption\":\"SuperAdmin\"}}]}<\/script>\n<!-- \/ Yoast SEO plugin. -->","yoast_head_json":{"title":"D\u00eda Mundial de la Diabetes 2024: \"Para una mejor vida con diabetes, miremos m\u00e1s all\u00e1 de la glucemia\" - iMagazine - Soluciones para la Diabetes","description":"Diabetes y Bienestar es el lema escogido para la edici\u00f3n 2024 del D\u00eda Mundial de la Diabetes.","robots":{"index":"index","follow":"follow","max-snippet":"max-snippet:-1","max-image-preview":"max-image-preview:large","max-video-preview":"max-video-preview:-1"},"canonical":"https:\/\/www.solucionesparaladiabetes.com\/magazine-diabetes\/dia-mundial-de-la-diabetes-2024-diabetes-y-bienestar\/","og_locale":"es_ES","og_type":"article","og_title":"D\u00eda Mundial de la Diabetes 2024: \"Para una mejor vida con diabetes, miremos m\u00e1s all\u00e1 de la glucemia\" - iMagazine - Soluciones para la Diabetes","og_description":"Diabetes y Bienestar es el lema escogido para la edici\u00f3n 2024 del D\u00eda Mundial de la Diabetes.","og_url":"https:\/\/www.solucionesparaladiabetes.com\/magazine-diabetes\/dia-mundial-de-la-diabetes-2024-diabetes-y-bienestar\/","og_site_name":"Soluciones para la Diabetes","article_published_time":"2024-08-14T10:40:08+00:00","article_modified_time":"2024-10-31T07:34:43+00:00","og_image":[{"width":1004,"height":565,"url":"http:\/\/www.solucionesparaladiabetes.com\/magazine-diabetes\/wp-content\/uploads\/diamundialdiabetes.jpg","type":"image\/jpeg"}],"author":"SuperAdmin","twitter_card":"summary_large_image","twitter_creator":"@soluciondiabete","twitter_site":"@soluciondiabete","twitter_misc":{"Escrito por":"SuperAdmin","Tiempo de lectura":"3 minutos"},"schema":{"@context":"https:\/\/schema.org","@graph":[{"@type":"Article","@id":"https:\/\/www.solucionesparaladiabetes.com\/magazine-diabetes\/dia-mundial-de-la-diabetes-2024-diabetes-y-bienestar\/#article","isPartOf":{"@id":"https:\/\/www.solucionesparaladiabetes.com\/magazine-diabetes\/dia-mundial-de-la-diabetes-2024-diabetes-y-bienestar\/"},"author":{"name":"SuperAdmin","@id":"https:\/\/www.solucionesparaladiabetes.com\/magazine-diabetes\/#\/schema\/person\/e2baa2823993aa90e52cca43e9244bbd"},"headline":"D\u00eda Mundial de la Diabetes 2024: \u00abPara una mejor vida con diabetes, miremos m\u00e1s all\u00e1 de la glucemia\u00bb","datePublished":"2024-08-14T10:40:08+00:00","dateModified":"2024-10-31T07:34:43+00:00","mainEntityOfPage":{"@id":"https:\/\/www.solucionesparaladiabetes.com\/magazine-diabetes\/dia-mundial-de-la-diabetes-2024-diabetes-y-bienestar\/"},"wordCount":643,"commentCount":0,"image":{"@id":"https:\/\/www.solucionesparaladiabetes.com\/magazine-diabetes\/dia-mundial-de-la-diabetes-2024-diabetes-y-bienestar\/#primaryimage"},"thumbnailUrl":"https:\/\/www.solucionesparaladiabetes.com\/magazine-diabetes\/wp-content\/uploads\/diamundialdiabetes.jpg","keywords":["D\u00eda Mundial de la Diabetes"],"articleSection":["Actualidad"],"inLanguage":"es","potentialAction":[{"@type":"CommentAction","name":"Comment","target":["https:\/\/www.solucionesparaladiabetes.com\/magazine-diabetes\/dia-mundial-de-la-diabetes-2024-diabetes-y-bienestar\/#respond"]}]},{"@type":"WebPage","@id":"https:\/\/www.solucionesparaladiabetes.com\/magazine-diabetes\/dia-mundial-de-la-diabetes-2024-diabetes-y-bienestar\/","url":"https:\/\/www.solucionesparaladiabetes.com\/magazine-diabetes\/dia-mundial-de-la-diabetes-2024-diabetes-y-bienestar\/","name":"D\u00eda Mundial de la Diabetes 2024: \"Para una mejor vida con diabetes, miremos m\u00e1s all\u00e1 de la glucemia\" - iMagazine - Soluciones para la Diabetes","isPartOf":{"@id":"https:\/\/www.solucionesparaladiabetes.com\/magazine-diabetes\/#website"},"primaryImageOfPage":{"@id":"https:\/\/www.solucionesparaladiabetes.com\/magazine-diabetes\/dia-mundial-de-la-diabetes-2024-diabetes-y-bienestar\/#primaryimage"},"image":{"@id":"https:\/\/www.solucionesparaladiabetes.com\/magazine-diabetes\/dia-mundial-de-la-diabetes-2024-diabetes-y-bienestar\/#primaryimage"},"thumbnailUrl":"https:\/\/www.solucionesparaladiabetes.com\/magazine-diabetes\/wp-content\/uploads\/diamundialdiabetes.jpg","datePublished":"2024-08-14T10:40:08+00:00","dateModified":"2024-10-31T07:34:43+00:00","author":{"@id":"https:\/\/www.solucionesparaladiabetes.com\/magazine-diabetes\/#\/schema\/person\/e2baa2823993aa90e52cca43e9244bbd"},"description":"Diabetes y Bienestar es el lema escogido para la edici\u00f3n 2024 del D\u00eda Mundial de la Diabetes.","breadcrumb":{"@id":"https:\/\/www.solucionesparaladiabetes.com\/magazine-diabetes\/dia-mundial-de-la-diabetes-2024-diabetes-y-bienestar\/#breadcrumb"},"inLanguage":"es","potentialAction":[{"@type":"ReadAction","target":["https:\/\/www.solucionesparaladiabetes.com\/magazine-diabetes\/dia-mundial-de-la-diabetes-2024-diabetes-y-bienestar\/"]}]},{"@type":"ImageObject","inLanguage":"es","@id":"https:\/\/www.solucionesparaladiabetes.com\/magazine-diabetes\/dia-mundial-de-la-diabetes-2024-diabetes-y-bienestar\/#primaryimage","url":"https:\/\/www.solucionesparaladiabetes.com\/magazine-diabetes\/wp-content\/uploads\/diamundialdiabetes.jpg","contentUrl":"https:\/\/www.solucionesparaladiabetes.com\/magazine-diabetes\/wp-content\/uploads\/diamundialdiabetes.jpg","width":1004,"height":565,"caption":"D\u00eda Mundial de la Diabetes"},{"@type":"BreadcrumbList","@id":"https:\/\/www.solucionesparaladiabetes.com\/magazine-diabetes\/dia-mundial-de-la-diabetes-2024-diabetes-y-bienestar\/#breadcrumb","itemListElement":[{"@type":"ListItem","position":1,"name":"Portada","item":"https:\/\/www.solucionesparaladiabetes.com\/magazine-diabetes\/"},{"@type":"ListItem","position":2,"name":"D\u00eda Mundial de la Diabetes 2024: \u00abPara una mejor vida con diabetes, miremos m\u00e1s all\u00e1 de la glucemia\u00bb"}]},{"@type":"WebSite","@id":"https:\/\/www.solucionesparaladiabetes.com\/magazine-diabetes\/#website","url":"https:\/\/www.solucionesparaladiabetes.com\/magazine-diabetes\/","name":"Soluciones para la Diabetes","description":"iMagazine","potentialAction":[{"@type":"SearchAction","target":{"@type":"EntryPoint","urlTemplate":"https:\/\/www.solucionesparaladiabetes.com\/magazine-diabetes\/?s={search_term_string}"},"query-input":{"@type":"PropertyValueSpecification","valueRequired":true,"valueName":"search_term_string"}}],"inLanguage":"es"},{"@type":"Person","@id":"https:\/\/www.solucionesparaladiabetes.com\/magazine-diabetes\/#\/schema\/person\/e2baa2823993aa90e52cca43e9244bbd","name":"SuperAdmin","image":{"@type":"ImageObject","inLanguage":"es","@id":"https:\/\/secure.gravatar.com\/avatar\/1d286116912ae259114012192d6e96a07e4a23d045b6f106f625587f72a3d349?s=96&d=mm&r=g","url":"https:\/\/secure.gravatar.com\/avatar\/1d286116912ae259114012192d6e96a07e4a23d045b6f106f625587f72a3d349?s=96&d=mm&r=g","contentUrl":"https:\/\/secure.gravatar.com\/avatar\/1d286116912ae259114012192d6e96a07e4a23d045b6f106f625587f72a3d349?s=96&d=mm&r=g","caption":"SuperAdmin"}}]}},"_links":{"self":[{"href":"https:\/\/www.solucionesparaladiabetes.com\/magazine-diabetes\/wp-json\/wp\/v2\/posts\/13492","targetHints":{"allow":["GET"]}}],"collection":[{"href":"https:\/\/www.solucionesparaladiabetes.com\/magazine-diabetes\/wp-json\/wp\/v2\/posts"}],"about":[{"href":"https:\/\/www.solucionesparaladiabetes.com\/magazine-diabetes\/wp-json\/wp\/v2\/types\/post"}],"author":[{"embeddable":true,"href":"https:\/\/www.solucionesparaladiabetes.com\/magazine-diabetes\/wp-json\/wp\/v2\/users\/17"}],"replies":[{"embeddable":true,"href":"https:\/\/www.solucionesparaladiabetes.com\/magazine-diabetes\/wp-json\/wp\/v2\/comments?post=13492"}],"version-history":[{"count":5,"href":"https:\/\/www.solucionesparaladiabetes.com\/magazine-diabetes\/wp-json\/wp\/v2\/posts\/13492\/revisions"}],"predecessor-version":[{"id":13680,"href":"https:\/\/www.solucionesparaladiabetes.com\/magazine-diabetes\/wp-json\/wp\/v2\/posts\/13492\/revisions\/13680"}],"wp:featuredmedia":[{"embeddable":true,"href":"https:\/\/www.solucionesparaladiabetes.com\/magazine-diabetes\/wp-json\/wp\/v2\/media\/9684"}],"wp:attachment":[{"href":"https:\/\/www.solucionesparaladiabetes.com\/magazine-diabetes\/wp-json\/wp\/v2\/media?parent=13492"}],"wp:term":[{"taxonomy":"category","embeddable":true,"href":"https:\/\/www.solucionesparaladiabetes.com\/magazine-diabetes\/wp-json\/wp\/v2\/categories?post=13492"},{"taxonomy":"post_tag","embeddable":true,"href":"https:\/\/www.solucionesparaladiabetes.com\/magazine-diabetes\/wp-json\/wp\/v2\/tags?post=13492"}],"curies":[{"name":"wp","href":"https:\/\/api.w.org\/{rel}","templated":true}]}}