{"id":13336,"date":"2024-06-03T08:00:33","date_gmt":"2024-06-03T06:00:33","guid":{"rendered":"https:\/\/www.solucionesparaladiabetes.com\/magazine-diabetes\/?p=13336"},"modified":"2024-06-12T11:53:15","modified_gmt":"2024-06-12T09:53:15","slug":"diabetes-y-salud-mental-enfoque-integral-para-mejorar-el-bienestar","status":"publish","type":"post","link":"https:\/\/www.solucionesparaladiabetes.com\/magazine-diabetes\/diabetes-y-salud-mental-enfoque-integral-para-mejorar-el-bienestar\/","title":{"rendered":"Diabetes y salud mental: enfoque integral para mejorar el bienestar"},"content":{"rendered":"<p>La diabetes es una condici\u00f3n cr\u00f3nica que afecta a millones de personas en todo el mundo. M\u00e1s all\u00e1 de los desaf\u00edos f\u00edsicos que conlleva, como el control de la glucosa en sangre y la prevenci\u00f3n de complicaciones, la diabetes tambi\u00e9n puede tener un impacto significativo en la salud mental y emocional de quienes la padecen.<\/p>\n<p>El <a href=\"https:\/\/www.solucionesparaladiabetes.com\/magazine-diabetes\/como-gestionar-el-estres-si-tenemos-diabetes\/\" target=\"_blank\" rel=\"noopener\">estr\u00e9s<\/a>, en particular, puede jugar un papel importante en la gesti\u00f3n de la diabetes y puede afectar tanto la salud f\u00edsica como la mental. En este art\u00edculo, exploraremos la <strong>conexi\u00f3n entre la diabetes y la salud mental<\/strong>, as\u00ed como estrategias efectivas para abordar el estr\u00e9s y mantener un equilibrio integral.<\/p>\n<h2>Relaci\u00f3n entre la diabetes y la salud mental<\/h2>\n<p>Cuando se trata de la diabetes, es crucial reconocer la interrelaci\u00f3n entre la salud f\u00edsica y la mental. La <a href=\"https:\/\/diabetes.org\/espanol\/diabetes-y-salud-mental\" target=\"_blank\" rel=\"noopener\">Asociaci\u00f3n Americana de la Diabetes (ADA)<\/a> se\u00f1ala que las personas con diabetes tienen un mayor riesgo de experimentar problemas de salud mental, como la <a href=\"https:\/\/www.solucionesparaladiabetes.com\/magazine-diabetes\/evento\/ansiedad-y-depresion-en-pacientes-con-diabetes\/\" target=\"_blank\" rel=\"noopener\">ansiedad y la depresi\u00f3n<\/a>. El impacto emocional del diagn\u00f3stico de la diabetes, la necesidad de realizar cambios en el estilo de vida y la preocupaci\u00f3n constante por el manejo de la enfermedad pueden contribuir a estos desaf\u00edos emocionales.<\/p>\n<p>El <a href=\"https:\/\/www.cdc.gov\/diabetes\/es\/living-with\/la-diabetes-y-la-salud-mental.html\" target=\"_blank\" rel=\"noopener\">Centro para el Control y la Prevenci\u00f3n de Enfermedades (CDC)<\/a> tambi\u00e9n destaca la importancia de abordar la salud mental en el contexto de la diabetes. El estr\u00e9s cr\u00f3nico puede afectar negativamente la capacidad del cuerpo para controlar los niveles de glucosa en sangre, lo que puede aumentar el riesgo de complicaciones relacionadas con la diabetes a largo plazo. Adem\u00e1s, <strong>el estr\u00e9s puede dificultar la adherencia a los planes de tratamiento y el autocuidado<\/strong>, lo que puede empeorar a\u00fan m\u00e1s la salud f\u00edsica y mental.<\/p>\n<h3>Estrategias para manejar el estr\u00e9s<\/h3>\n<p>Aprender a gestionar el estr\u00e9s que puede causar la gesti\u00f3n de la diabetes, nos ser\u00e1 de gran utilidad no solo para mejorar nuestro estado de \u00e1nimo, sino para evitar posibles complicaciones derivadas de Afortunadamente, existen varias estrategias efectivas para gestionar el estr\u00e9s en personas con diabetes y mejorar su bienestar general:<\/p>\n<h4>T\u00e9cnicas de relajaci\u00f3n<\/h4>\n<p>Practicar t\u00e9cnicas de relajaci\u00f3n, como la respiraci\u00f3n profunda, la meditaci\u00f3n o el <a href=\"https:\/\/www.solucionesparaladiabetes.com\/magazine-diabetes\/el-yoga-y-la-diabetes\/\" target=\"_blank\" rel=\"noopener\">yoga<\/a>, puede ayudar a reducir el estr\u00e9s y mejorar el estado de \u00e1nimo. Estas t\u00e9cnicas pueden ayudar a calmar la mente, reducir la ansiedad y promover la sensaci\u00f3n de bienestar.<\/p>\n<h4>Ejercicio regular<\/h4>\n<p>El <strong>ejercicio regular<\/strong> no solo es beneficioso para la salud f\u00edsica, sino que tambi\u00e9n puede tener un impacto positivo en la salud mental. La actividad f\u00edsica ayuda a liberar endorfinas, neurotransmisores que act\u00faan como analg\u00e9sicos naturales y que pueden mejorar el estado de \u00e1nimo y reducir el estr\u00e9s.<\/p>\n<h4>Alimentaci\u00f3n saludable<\/h4>\n<p>Una <strong>dieta equilibrada y saludable<\/strong> es fundamental para controlar la diabetes y mantener un estado de \u00e1nimo estable. Consumir alimentos nutritivos y evitar el exceso de az\u00facares refinados y alimentos procesados puede ayudar a estabilizar los niveles de glucosa en sangre y mejorar la salud mental.<\/p>\n<h4>Apoyo emocional<\/h4>\n<p>Buscar <strong>apoyo emocional de amigos, familiares o grupos de apoyo<\/strong> puede ser fundamental para sobrellevar el estr\u00e9s asociado con la diabetes. Compartir experiencias, preocupaciones y consejos con personas que entienden lo que est\u00e1s pasando puede proporcionar consuelo y fortaleza emocional.<\/p>\n<h4>Educaci\u00f3n continua<\/h4>\n<p>Buscar educaci\u00f3n continua sobre la diabetes y su manejo puede ayudar a reducir la ansiedad y el estr\u00e9s relacionados con la enfermedad. Entender c\u00f3mo funciona la diabetes, c\u00f3mo afecta el cuerpo y c\u00f3mo se pueden tomar medidas para controlarla puede brindar un sentido de control y empoderamiento. La informaci\u00f3n, siempre que sea fiable y provenga de fuentes verificadas, es poder.<\/p>\n<hr \/>\n<p>&nbsp;<\/p>\n<p>Abordar el estr\u00e9s y la salud mental en el contexto de la diabetes requiere un enfoque integral del cuidado de la salud. Esto implica integrar el cuidado f\u00edsico, emocional y mental en un plan de tratamiento global. Trabajar en colaboraci\u00f3n con un equipo de profesionales de la salud, que incluya m\u00e9dicos, nutricionistas, educadores en diabetes y psic\u00f3logos, puede ayudar a garantizar que se aborden todos los aspectos de la diabetes y la salud mental.<\/p>\n<p><em>Si crees que tu salud mental est\u00e1 siendo afectada por la diabetes, o por cualquier otro aspecto de tu vida personal, laboral, o por motivos de salud, acude a un profesional.<\/em><\/p>\n","protected":false},"excerpt":{"rendered":"<p>La diabetes es una condici\u00f3n cr\u00f3nica que afecta a millones de personas en todo el mundo. M\u00e1s all\u00e1 de los desaf\u00edos f\u00edsicos que conlleva, como el control de la glucosa [&hellip;]<\/p>\n","protected":false},"author":17,"featured_media":12147,"comment_status":"open","ping_status":"open","sticky":false,"template":"","format":"standard","meta":{"_acf_changed":false,"_monsterinsights_skip_tracking":false,"_monsterinsights_sitenote_active":false,"_monsterinsights_sitenote_note":"","_monsterinsights_sitenote_category":0,"footnotes":""},"categories":[89],"tags":[542,1432],"class_list":["post-13336","post","type-post","status-publish","format-standard","has-post-thumbnail","hentry","category-consejos-diabetes-tipo-1-y-2","tag-gestion-de-la-diabetes","tag-salud-mental"],"acf":[],"yoast_head":"<!-- This site is optimized with the Yoast SEO plugin v27.5 - https:\/\/yoast.com\/product\/yoast-seo-wordpress\/ -->\n<title>Diabetes y salud mental: enfoque integral para mejorar el bienestar - iMagazine - Soluciones para la Diabetes<\/title>\n<meta name=\"robots\" content=\"index, follow, max-snippet:-1, max-image-preview:large, max-video-preview:-1\" \/>\n<link rel=\"canonical\" href=\"https:\/\/www.solucionesparaladiabetes.com\/magazine-diabetes\/diabetes-y-salud-mental-enfoque-integral-para-mejorar-el-bienestar\/\" \/>\n<meta property=\"og:locale\" content=\"es_ES\" \/>\n<meta property=\"og:type\" content=\"article\" \/>\n<meta property=\"og:title\" content=\"Diabetes y salud mental: enfoque integral para mejorar el bienestar - iMagazine - Soluciones para la Diabetes\" \/>\n<meta property=\"og:description\" content=\"La diabetes es una condici\u00f3n cr\u00f3nica que afecta a millones de personas en todo el mundo. M\u00e1s all\u00e1 de los desaf\u00edos f\u00edsicos que conlleva, como el control de la glucosa [&hellip;]\" \/>\n<meta property=\"og:url\" content=\"https:\/\/www.solucionesparaladiabetes.com\/magazine-diabetes\/diabetes-y-salud-mental-enfoque-integral-para-mejorar-el-bienestar\/\" \/>\n<meta property=\"og:site_name\" content=\"Soluciones para la Diabetes\" \/>\n<meta property=\"article:published_time\" content=\"2024-06-03T06:00:33+00:00\" \/>\n<meta property=\"article:modified_time\" content=\"2024-06-12T09:53:15+00:00\" \/>\n<meta property=\"og:image\" content=\"http:\/\/www.solucionesparaladiabetes.com\/magazine-diabetes\/wp-content\/uploads\/salud-mental-diabetes.jpg\" \/>\n\t<meta property=\"og:image:width\" content=\"900\" \/>\n\t<meta property=\"og:image:height\" content=\"600\" \/>\n\t<meta property=\"og:image:type\" content=\"image\/jpeg\" \/>\n<meta name=\"author\" content=\"SuperAdmin\" \/>\n<meta name=\"twitter:card\" content=\"summary_large_image\" \/>\n<meta name=\"twitter:creator\" content=\"@soluciondiabete\" \/>\n<meta name=\"twitter:site\" content=\"@soluciondiabete\" \/>\n<meta name=\"twitter:label1\" content=\"Escrito por\" \/>\n\t<meta name=\"twitter:data1\" content=\"SuperAdmin\" \/>\n\t<meta name=\"twitter:label2\" content=\"Tiempo de lectura\" \/>\n\t<meta name=\"twitter:data2\" content=\"4 minutos\" \/>\n<script type=\"application\/ld+json\" class=\"yoast-schema-graph\">{\"@context\":\"https:\\\/\\\/schema.org\",\"@graph\":[{\"@type\":\"Article\",\"@id\":\"https:\\\/\\\/www.solucionesparaladiabetes.com\\\/magazine-diabetes\\\/diabetes-y-salud-mental-enfoque-integral-para-mejorar-el-bienestar\\\/#article\",\"isPartOf\":{\"@id\":\"https:\\\/\\\/www.solucionesparaladiabetes.com\\\/magazine-diabetes\\\/diabetes-y-salud-mental-enfoque-integral-para-mejorar-el-bienestar\\\/\"},\"author\":{\"name\":\"SuperAdmin\",\"@id\":\"https:\\\/\\\/www.solucionesparaladiabetes.com\\\/magazine-diabetes\\\/#\\\/schema\\\/person\\\/e2baa2823993aa90e52cca43e9244bbd\"},\"headline\":\"Diabetes y salud mental: enfoque integral para mejorar el bienestar\",\"datePublished\":\"2024-06-03T06:00:33+00:00\",\"dateModified\":\"2024-06-12T09:53:15+00:00\",\"mainEntityOfPage\":{\"@id\":\"https:\\\/\\\/www.solucionesparaladiabetes.com\\\/magazine-diabetes\\\/diabetes-y-salud-mental-enfoque-integral-para-mejorar-el-bienestar\\\/\"},\"wordCount\":765,\"commentCount\":0,\"image\":{\"@id\":\"https:\\\/\\\/www.solucionesparaladiabetes.com\\\/magazine-diabetes\\\/diabetes-y-salud-mental-enfoque-integral-para-mejorar-el-bienestar\\\/#primaryimage\"},\"thumbnailUrl\":\"https:\\\/\\\/www.solucionesparaladiabetes.com\\\/magazine-diabetes\\\/wp-content\\\/uploads\\\/salud-mental-diabetes.jpg\",\"keywords\":[\"Gesti\u00f3n de la diabetes\",\"Salud mental\"],\"articleSection\":[\"Informaci\u00f3n general de la DIABETES\"],\"inLanguage\":\"es\",\"potentialAction\":[{\"@type\":\"CommentAction\",\"name\":\"Comment\",\"target\":[\"https:\\\/\\\/www.solucionesparaladiabetes.com\\\/magazine-diabetes\\\/diabetes-y-salud-mental-enfoque-integral-para-mejorar-el-bienestar\\\/#respond\"]}]},{\"@type\":\"WebPage\",\"@id\":\"https:\\\/\\\/www.solucionesparaladiabetes.com\\\/magazine-diabetes\\\/diabetes-y-salud-mental-enfoque-integral-para-mejorar-el-bienestar\\\/\",\"url\":\"https:\\\/\\\/www.solucionesparaladiabetes.com\\\/magazine-diabetes\\\/diabetes-y-salud-mental-enfoque-integral-para-mejorar-el-bienestar\\\/\",\"name\":\"Diabetes y salud mental: enfoque integral para mejorar el bienestar - iMagazine - Soluciones para la Diabetes\",\"isPartOf\":{\"@id\":\"https:\\\/\\\/www.solucionesparaladiabetes.com\\\/magazine-diabetes\\\/#website\"},\"primaryImageOfPage\":{\"@id\":\"https:\\\/\\\/www.solucionesparaladiabetes.com\\\/magazine-diabetes\\\/diabetes-y-salud-mental-enfoque-integral-para-mejorar-el-bienestar\\\/#primaryimage\"},\"image\":{\"@id\":\"https:\\\/\\\/www.solucionesparaladiabetes.com\\\/magazine-diabetes\\\/diabetes-y-salud-mental-enfoque-integral-para-mejorar-el-bienestar\\\/#primaryimage\"},\"thumbnailUrl\":\"https:\\\/\\\/www.solucionesparaladiabetes.com\\\/magazine-diabetes\\\/wp-content\\\/uploads\\\/salud-mental-diabetes.jpg\",\"datePublished\":\"2024-06-03T06:00:33+00:00\",\"dateModified\":\"2024-06-12T09:53:15+00:00\",\"author\":{\"@id\":\"https:\\\/\\\/www.solucionesparaladiabetes.com\\\/magazine-diabetes\\\/#\\\/schema\\\/person\\\/e2baa2823993aa90e52cca43e9244bbd\"},\"breadcrumb\":{\"@id\":\"https:\\\/\\\/www.solucionesparaladiabetes.com\\\/magazine-diabetes\\\/diabetes-y-salud-mental-enfoque-integral-para-mejorar-el-bienestar\\\/#breadcrumb\"},\"inLanguage\":\"es\",\"potentialAction\":[{\"@type\":\"ReadAction\",\"target\":[\"https:\\\/\\\/www.solucionesparaladiabetes.com\\\/magazine-diabetes\\\/diabetes-y-salud-mental-enfoque-integral-para-mejorar-el-bienestar\\\/\"]}]},{\"@type\":\"ImageObject\",\"inLanguage\":\"es\",\"@id\":\"https:\\\/\\\/www.solucionesparaladiabetes.com\\\/magazine-diabetes\\\/diabetes-y-salud-mental-enfoque-integral-para-mejorar-el-bienestar\\\/#primaryimage\",\"url\":\"https:\\\/\\\/www.solucionesparaladiabetes.com\\\/magazine-diabetes\\\/wp-content\\\/uploads\\\/salud-mental-diabetes.jpg\",\"contentUrl\":\"https:\\\/\\\/www.solucionesparaladiabetes.com\\\/magazine-diabetes\\\/wp-content\\\/uploads\\\/salud-mental-diabetes.jpg\",\"width\":900,\"height\":600,\"caption\":\"Psicolog\u00eda y diabetes\"},{\"@type\":\"BreadcrumbList\",\"@id\":\"https:\\\/\\\/www.solucionesparaladiabetes.com\\\/magazine-diabetes\\\/diabetes-y-salud-mental-enfoque-integral-para-mejorar-el-bienestar\\\/#breadcrumb\",\"itemListElement\":[{\"@type\":\"ListItem\",\"position\":1,\"name\":\"Portada\",\"item\":\"https:\\\/\\\/www.solucionesparaladiabetes.com\\\/magazine-diabetes\\\/\"},{\"@type\":\"ListItem\",\"position\":2,\"name\":\"Diabetes y salud mental: enfoque integral para mejorar el bienestar\"}]},{\"@type\":\"WebSite\",\"@id\":\"https:\\\/\\\/www.solucionesparaladiabetes.com\\\/magazine-diabetes\\\/#website\",\"url\":\"https:\\\/\\\/www.solucionesparaladiabetes.com\\\/magazine-diabetes\\\/\",\"name\":\"Soluciones para la Diabetes\",\"description\":\"iMagazine\",\"potentialAction\":[{\"@type\":\"SearchAction\",\"target\":{\"@type\":\"EntryPoint\",\"urlTemplate\":\"https:\\\/\\\/www.solucionesparaladiabetes.com\\\/magazine-diabetes\\\/?s={search_term_string}\"},\"query-input\":{\"@type\":\"PropertyValueSpecification\",\"valueRequired\":true,\"valueName\":\"search_term_string\"}}],\"inLanguage\":\"es\"},{\"@type\":\"Person\",\"@id\":\"https:\\\/\\\/www.solucionesparaladiabetes.com\\\/magazine-diabetes\\\/#\\\/schema\\\/person\\\/e2baa2823993aa90e52cca43e9244bbd\",\"name\":\"SuperAdmin\",\"image\":{\"@type\":\"ImageObject\",\"inLanguage\":\"es\",\"@id\":\"https:\\\/\\\/secure.gravatar.com\\\/avatar\\\/1d286116912ae259114012192d6e96a07e4a23d045b6f106f625587f72a3d349?s=96&d=mm&r=g\",\"url\":\"https:\\\/\\\/secure.gravatar.com\\\/avatar\\\/1d286116912ae259114012192d6e96a07e4a23d045b6f106f625587f72a3d349?s=96&d=mm&r=g\",\"contentUrl\":\"https:\\\/\\\/secure.gravatar.com\\\/avatar\\\/1d286116912ae259114012192d6e96a07e4a23d045b6f106f625587f72a3d349?s=96&d=mm&r=g\",\"caption\":\"SuperAdmin\"}}]}<\/script>\n<!-- \/ Yoast SEO plugin. -->","yoast_head_json":{"title":"Diabetes y salud mental: enfoque integral para mejorar el bienestar - iMagazine - Soluciones para la Diabetes","robots":{"index":"index","follow":"follow","max-snippet":"max-snippet:-1","max-image-preview":"max-image-preview:large","max-video-preview":"max-video-preview:-1"},"canonical":"https:\/\/www.solucionesparaladiabetes.com\/magazine-diabetes\/diabetes-y-salud-mental-enfoque-integral-para-mejorar-el-bienestar\/","og_locale":"es_ES","og_type":"article","og_title":"Diabetes y salud mental: enfoque integral para mejorar el bienestar - iMagazine - Soluciones para la Diabetes","og_description":"La diabetes es una condici\u00f3n cr\u00f3nica que afecta a millones de personas en todo el mundo. M\u00e1s all\u00e1 de los desaf\u00edos f\u00edsicos que conlleva, como el control de la glucosa [&hellip;]","og_url":"https:\/\/www.solucionesparaladiabetes.com\/magazine-diabetes\/diabetes-y-salud-mental-enfoque-integral-para-mejorar-el-bienestar\/","og_site_name":"Soluciones para la Diabetes","article_published_time":"2024-06-03T06:00:33+00:00","article_modified_time":"2024-06-12T09:53:15+00:00","og_image":[{"width":900,"height":600,"url":"http:\/\/www.solucionesparaladiabetes.com\/magazine-diabetes\/wp-content\/uploads\/salud-mental-diabetes.jpg","type":"image\/jpeg"}],"author":"SuperAdmin","twitter_card":"summary_large_image","twitter_creator":"@soluciondiabete","twitter_site":"@soluciondiabete","twitter_misc":{"Escrito por":"SuperAdmin","Tiempo de lectura":"4 minutos"},"schema":{"@context":"https:\/\/schema.org","@graph":[{"@type":"Article","@id":"https:\/\/www.solucionesparaladiabetes.com\/magazine-diabetes\/diabetes-y-salud-mental-enfoque-integral-para-mejorar-el-bienestar\/#article","isPartOf":{"@id":"https:\/\/www.solucionesparaladiabetes.com\/magazine-diabetes\/diabetes-y-salud-mental-enfoque-integral-para-mejorar-el-bienestar\/"},"author":{"name":"SuperAdmin","@id":"https:\/\/www.solucionesparaladiabetes.com\/magazine-diabetes\/#\/schema\/person\/e2baa2823993aa90e52cca43e9244bbd"},"headline":"Diabetes y salud mental: enfoque integral para mejorar el bienestar","datePublished":"2024-06-03T06:00:33+00:00","dateModified":"2024-06-12T09:53:15+00:00","mainEntityOfPage":{"@id":"https:\/\/www.solucionesparaladiabetes.com\/magazine-diabetes\/diabetes-y-salud-mental-enfoque-integral-para-mejorar-el-bienestar\/"},"wordCount":765,"commentCount":0,"image":{"@id":"https:\/\/www.solucionesparaladiabetes.com\/magazine-diabetes\/diabetes-y-salud-mental-enfoque-integral-para-mejorar-el-bienestar\/#primaryimage"},"thumbnailUrl":"https:\/\/www.solucionesparaladiabetes.com\/magazine-diabetes\/wp-content\/uploads\/salud-mental-diabetes.jpg","keywords":["Gesti\u00f3n de la diabetes","Salud mental"],"articleSection":["Informaci\u00f3n general de la DIABETES"],"inLanguage":"es","potentialAction":[{"@type":"CommentAction","name":"Comment","target":["https:\/\/www.solucionesparaladiabetes.com\/magazine-diabetes\/diabetes-y-salud-mental-enfoque-integral-para-mejorar-el-bienestar\/#respond"]}]},{"@type":"WebPage","@id":"https:\/\/www.solucionesparaladiabetes.com\/magazine-diabetes\/diabetes-y-salud-mental-enfoque-integral-para-mejorar-el-bienestar\/","url":"https:\/\/www.solucionesparaladiabetes.com\/magazine-diabetes\/diabetes-y-salud-mental-enfoque-integral-para-mejorar-el-bienestar\/","name":"Diabetes y salud mental: enfoque integral para mejorar el bienestar - iMagazine - Soluciones para la Diabetes","isPartOf":{"@id":"https:\/\/www.solucionesparaladiabetes.com\/magazine-diabetes\/#website"},"primaryImageOfPage":{"@id":"https:\/\/www.solucionesparaladiabetes.com\/magazine-diabetes\/diabetes-y-salud-mental-enfoque-integral-para-mejorar-el-bienestar\/#primaryimage"},"image":{"@id":"https:\/\/www.solucionesparaladiabetes.com\/magazine-diabetes\/diabetes-y-salud-mental-enfoque-integral-para-mejorar-el-bienestar\/#primaryimage"},"thumbnailUrl":"https:\/\/www.solucionesparaladiabetes.com\/magazine-diabetes\/wp-content\/uploads\/salud-mental-diabetes.jpg","datePublished":"2024-06-03T06:00:33+00:00","dateModified":"2024-06-12T09:53:15+00:00","author":{"@id":"https:\/\/www.solucionesparaladiabetes.com\/magazine-diabetes\/#\/schema\/person\/e2baa2823993aa90e52cca43e9244bbd"},"breadcrumb":{"@id":"https:\/\/www.solucionesparaladiabetes.com\/magazine-diabetes\/diabetes-y-salud-mental-enfoque-integral-para-mejorar-el-bienestar\/#breadcrumb"},"inLanguage":"es","potentialAction":[{"@type":"ReadAction","target":["https:\/\/www.solucionesparaladiabetes.com\/magazine-diabetes\/diabetes-y-salud-mental-enfoque-integral-para-mejorar-el-bienestar\/"]}]},{"@type":"ImageObject","inLanguage":"es","@id":"https:\/\/www.solucionesparaladiabetes.com\/magazine-diabetes\/diabetes-y-salud-mental-enfoque-integral-para-mejorar-el-bienestar\/#primaryimage","url":"https:\/\/www.solucionesparaladiabetes.com\/magazine-diabetes\/wp-content\/uploads\/salud-mental-diabetes.jpg","contentUrl":"https:\/\/www.solucionesparaladiabetes.com\/magazine-diabetes\/wp-content\/uploads\/salud-mental-diabetes.jpg","width":900,"height":600,"caption":"Psicolog\u00eda y diabetes"},{"@type":"BreadcrumbList","@id":"https:\/\/www.solucionesparaladiabetes.com\/magazine-diabetes\/diabetes-y-salud-mental-enfoque-integral-para-mejorar-el-bienestar\/#breadcrumb","itemListElement":[{"@type":"ListItem","position":1,"name":"Portada","item":"https:\/\/www.solucionesparaladiabetes.com\/magazine-diabetes\/"},{"@type":"ListItem","position":2,"name":"Diabetes y salud mental: enfoque integral para mejorar el bienestar"}]},{"@type":"WebSite","@id":"https:\/\/www.solucionesparaladiabetes.com\/magazine-diabetes\/#website","url":"https:\/\/www.solucionesparaladiabetes.com\/magazine-diabetes\/","name":"Soluciones para la Diabetes","description":"iMagazine","potentialAction":[{"@type":"SearchAction","target":{"@type":"EntryPoint","urlTemplate":"https:\/\/www.solucionesparaladiabetes.com\/magazine-diabetes\/?s={search_term_string}"},"query-input":{"@type":"PropertyValueSpecification","valueRequired":true,"valueName":"search_term_string"}}],"inLanguage":"es"},{"@type":"Person","@id":"https:\/\/www.solucionesparaladiabetes.com\/magazine-diabetes\/#\/schema\/person\/e2baa2823993aa90e52cca43e9244bbd","name":"SuperAdmin","image":{"@type":"ImageObject","inLanguage":"es","@id":"https:\/\/secure.gravatar.com\/avatar\/1d286116912ae259114012192d6e96a07e4a23d045b6f106f625587f72a3d349?s=96&d=mm&r=g","url":"https:\/\/secure.gravatar.com\/avatar\/1d286116912ae259114012192d6e96a07e4a23d045b6f106f625587f72a3d349?s=96&d=mm&r=g","contentUrl":"https:\/\/secure.gravatar.com\/avatar\/1d286116912ae259114012192d6e96a07e4a23d045b6f106f625587f72a3d349?s=96&d=mm&r=g","caption":"SuperAdmin"}}]}},"_links":{"self":[{"href":"https:\/\/www.solucionesparaladiabetes.com\/magazine-diabetes\/wp-json\/wp\/v2\/posts\/13336","targetHints":{"allow":["GET"]}}],"collection":[{"href":"https:\/\/www.solucionesparaladiabetes.com\/magazine-diabetes\/wp-json\/wp\/v2\/posts"}],"about":[{"href":"https:\/\/www.solucionesparaladiabetes.com\/magazine-diabetes\/wp-json\/wp\/v2\/types\/post"}],"author":[{"embeddable":true,"href":"https:\/\/www.solucionesparaladiabetes.com\/magazine-diabetes\/wp-json\/wp\/v2\/users\/17"}],"replies":[{"embeddable":true,"href":"https:\/\/www.solucionesparaladiabetes.com\/magazine-diabetes\/wp-json\/wp\/v2\/comments?post=13336"}],"version-history":[{"count":4,"href":"https:\/\/www.solucionesparaladiabetes.com\/magazine-diabetes\/wp-json\/wp\/v2\/posts\/13336\/revisions"}],"predecessor-version":[{"id":13340,"href":"https:\/\/www.solucionesparaladiabetes.com\/magazine-diabetes\/wp-json\/wp\/v2\/posts\/13336\/revisions\/13340"}],"wp:featuredmedia":[{"embeddable":true,"href":"https:\/\/www.solucionesparaladiabetes.com\/magazine-diabetes\/wp-json\/wp\/v2\/media\/12147"}],"wp:attachment":[{"href":"https:\/\/www.solucionesparaladiabetes.com\/magazine-diabetes\/wp-json\/wp\/v2\/media?parent=13336"}],"wp:term":[{"taxonomy":"category","embeddable":true,"href":"https:\/\/www.solucionesparaladiabetes.com\/magazine-diabetes\/wp-json\/wp\/v2\/categories?post=13336"},{"taxonomy":"post_tag","embeddable":true,"href":"https:\/\/www.solucionesparaladiabetes.com\/magazine-diabetes\/wp-json\/wp\/v2\/tags?post=13336"}],"curies":[{"name":"wp","href":"https:\/\/api.w.org\/{rel}","templated":true}]}}