{"id":12531,"date":"2024-05-08T08:00:29","date_gmt":"2024-05-08T06:00:29","guid":{"rendered":"https:\/\/www.solucionesparaladiabetes.com\/magazine-diabetes\/?p=12531"},"modified":"2024-05-17T15:46:12","modified_gmt":"2024-05-17T13:46:12","slug":"pollo-con-almendras","status":"publish","type":"post","link":"https:\/\/www.solucionesparaladiabetes.com\/magazine-diabetes\/pollo-con-almendras\/","title":{"rendered":"Pollo con almendras"},"content":{"rendered":"<p>La carne de pollo es rica en prote\u00edna, y se digiere m\u00e1s facilmente que la de otro tipo de animal. La combinaci\u00f3n con esta salsa de almendras le da un toque extra de sabor que nos encanta.<\/p>\n<div class=\"easyrecipe\" data-rating=\"0\">\n<div class=\"item ERName\">Pollo con almendras<\/div>\n<div class=\"ERClear\"><\/div>\n<div class=\"ERHead\">Author: <span class=\"author\">Redacci\u00f3n<\/span><\/div>\n<div class=\"ERHead\">Prep time: <time itemprop=\"prepTime\" datetime=\"PT20M\">20 mins<\/time><\/div>\n<div class=\"ERHead\">Cook time: <time itemprop=\"cookTime\" datetime=\"PT30M\">30 mins<\/time><\/div>\n<div class=\"ERHead\">Total time: <time itemprop=\"totalTime\" datetime=\"PT50M\">50 mins<\/time><\/div>\n<div class=\"ERIngredients\">\n<div class=\"ERIngredientsHeader\">Ingredients<\/div>\n<ul class=\"ingredients\">\n<li class=\"ingredient\">1 pechuga de pollo grande (500g aprox)<\/li>\n<li class=\"ingredient\">1 cebolla grande<\/li>\n<li class=\"ingredient\">3 dientes de ajo<\/li>\n<li class=\"ingredient\">100 gramos de almendra tostada sin piel, o sin tostar y pelada<\/li>\n<li class=\"ingredient\">500ml de caldo de pollo<\/li>\n<li class=\"ingredient\">100ml de vino blanco<\/li>\n<li class=\"ingredient\">Aceite<\/li>\n<li class=\"ingredient\">Sal al gusto<\/li>\n<\/ul>\n<\/div>\n<div class=\"ERInstructions\">\n<div class=\"ERInstructionsHeader\">Instructions<\/div>\n<div class=\"instructions\">\n<ol>\n<li class=\"instruction\">Si las almendras no est\u00e1n tostadas, las ponemos en una sart\u00e9n con aceite y las doramos<\/li>\n<li class=\"instruction\">Trituramos las almendras en una batidora de vaso y dejamos el aceite en la sart\u00e9n<\/li>\n<li class=\"instruction\">A\u00f1adimos la mitad del caldo y mezclamos con las almendras en el mismo vaso<\/li>\n<li class=\"instruction\">Picamos la cebolla y el ajo y sofre\u00edmos en el aceite de las almendras<\/li>\n<li class=\"instruction\">Cortamos el pollo en trocitos o dados y lo a\u00f1adimos a la sart\u00e9n con la sal cuando la cebolla est\u00e9 dorada<\/li>\n<li class=\"instruction\">Cuando el pollo est\u00e9 sellado, a\u00f1adimos el vino blanco y dejamos evaporar un poco<\/li>\n<li class=\"instruction\">Una vez evaporado el alcohol, a\u00f1adimos la salsa de almendras y el resto del caldo y un poco m\u00e1s de sal<\/li>\n<li class=\"instruction\">Cocinamos durante 10-15 minutos removiendo de vez en cuando<\/li>\n<li class=\"instruction\">\u00a1Ya est\u00e1 listo para servir!<\/li>\n<\/ol>\n<\/div>\n<\/div>\n<div class=\"ERNutrition\">Serving size: <span class=\"servingSize\">100g aprox<\/span> Calories: <span class=\"calories\">45 Kcal<\/span> Fat: <span class=\"fat\">5g<\/span> Carbohydrates: <span class=\"carbohydrates\">12g<\/span> Fiber: <span class=\"fiber\">55<\/span> Protein: <span class=\"protein\">30g<\/span><\/div>\n<div class=\"endeasyrecipe\" style=\"display: none;\">3.5.3251<\/div>\n<\/div>\n<p>&nbsp;<\/p>\n","protected":false},"excerpt":{"rendered":"<p>La carne de pollo es rica en prote\u00edna, y se digiere m\u00e1s facilmente que la de otro tipo de animal. La combinaci\u00f3n con esta salsa de almendras le da un [&hellip;]<\/p>\n","protected":false},"author":17,"featured_media":12532,"comment_status":"open","ping_status":"open","sticky":false,"template":"","format":"standard","meta":{"_acf_changed":false,"_monsterinsights_skip_tracking":false,"_monsterinsights_sitenote_active":false,"_monsterinsights_sitenote_note":"","_monsterinsights_sitenote_category":0,"footnotes":""},"categories":[5,7],"tags":[],"class_list":["post-12531","post","type-post","status-publish","format-standard","has-post-thumbnail","hentry","category-alimentacion","category-recetas-para-personas-con-diabetes"],"acf":[],"yoast_head":"<!-- This site is optimized with the Yoast SEO plugin v27.5 - https:\/\/yoast.com\/product\/yoast-seo-wordpress\/ -->\n<title>Pollo con almendras - iMagazine - Soluciones para la Diabetes<\/title>\n<meta name=\"robots\" content=\"index, follow, max-snippet:-1, max-image-preview:large, max-video-preview:-1\" \/>\n<link rel=\"canonical\" href=\"https:\/\/www.solucionesparaladiabetes.com\/magazine-diabetes\/pollo-con-almendras\/\" \/>\n<meta property=\"og:locale\" content=\"es_ES\" \/>\n<meta property=\"og:type\" content=\"article\" \/>\n<meta property=\"og:title\" content=\"Pollo con almendras - iMagazine - Soluciones para la Diabetes\" \/>\n<meta property=\"og:description\" content=\"La carne de pollo es rica en prote\u00edna, y se digiere m\u00e1s facilmente que la de otro tipo de animal. La combinaci\u00f3n con esta salsa de almendras le da un [&hellip;]\" \/>\n<meta property=\"og:url\" content=\"https:\/\/www.solucionesparaladiabetes.com\/magazine-diabetes\/pollo-con-almendras\/\" \/>\n<meta property=\"og:site_name\" content=\"Soluciones para la Diabetes\" \/>\n<meta property=\"article:published_time\" content=\"2024-05-08T06:00:29+00:00\" \/>\n<meta property=\"article:modified_time\" content=\"2024-05-17T13:46:12+00:00\" \/>\n<meta property=\"og:image\" content=\"http:\/\/www.solucionesparaladiabetes.com\/magazine-diabetes\/wp-content\/uploads\/pollo-almendras.jpg\" \/>\n\t<meta property=\"og:image:width\" content=\"900\" \/>\n\t<meta property=\"og:image:height\" content=\"600\" \/>\n\t<meta property=\"og:image:type\" content=\"image\/jpeg\" \/>\n<meta name=\"author\" content=\"SuperAdmin\" \/>\n<meta name=\"twitter:card\" content=\"summary_large_image\" \/>\n<meta name=\"twitter:creator\" content=\"@soluciondiabete\" \/>\n<meta name=\"twitter:site\" content=\"@soluciondiabete\" \/>\n<meta name=\"twitter:label1\" content=\"Escrito por\" \/>\n\t<meta name=\"twitter:data1\" content=\"SuperAdmin\" \/>\n\t<meta name=\"twitter:label2\" content=\"Tiempo de lectura\" \/>\n\t<meta name=\"twitter:data2\" content=\"2 minutos\" \/>\n<script type=\"application\/ld+json\" class=\"yoast-schema-graph\">{\"@context\":\"https:\\\/\\\/schema.org\",\"@graph\":[{\"@type\":\"Article\",\"@id\":\"https:\\\/\\\/www.solucionesparaladiabetes.com\\\/magazine-diabetes\\\/pollo-con-almendras\\\/#article\",\"isPartOf\":{\"@id\":\"https:\\\/\\\/www.solucionesparaladiabetes.com\\\/magazine-diabetes\\\/pollo-con-almendras\\\/\"},\"author\":{\"name\":\"SuperAdmin\",\"@id\":\"https:\\\/\\\/www.solucionesparaladiabetes.com\\\/magazine-diabetes\\\/#\\\/schema\\\/person\\\/e2baa2823993aa90e52cca43e9244bbd\"},\"headline\":\"Pollo con almendras\",\"datePublished\":\"2024-05-08T06:00:29+00:00\",\"dateModified\":\"2024-05-17T13:46:12+00:00\",\"mainEntityOfPage\":{\"@id\":\"https:\\\/\\\/www.solucionesparaladiabetes.com\\\/magazine-diabetes\\\/pollo-con-almendras\\\/\"},\"wordCount\":248,\"commentCount\":0,\"image\":{\"@id\":\"https:\\\/\\\/www.solucionesparaladiabetes.com\\\/magazine-diabetes\\\/pollo-con-almendras\\\/#primaryimage\"},\"thumbnailUrl\":\"https:\\\/\\\/www.solucionesparaladiabetes.com\\\/magazine-diabetes\\\/wp-content\\\/uploads\\\/pollo-almendras.jpg\",\"articleSection\":[\"Alimentaci\u00f3n\",\"Recetas para personas con diabetes\"],\"inLanguage\":\"es\",\"potentialAction\":[{\"@type\":\"CommentAction\",\"name\":\"Comment\",\"target\":[\"https:\\\/\\\/www.solucionesparaladiabetes.com\\\/magazine-diabetes\\\/pollo-con-almendras\\\/#respond\"]}]},{\"@type\":\"WebPage\",\"@id\":\"https:\\\/\\\/www.solucionesparaladiabetes.com\\\/magazine-diabetes\\\/pollo-con-almendras\\\/\",\"url\":\"https:\\\/\\\/www.solucionesparaladiabetes.com\\\/magazine-diabetes\\\/pollo-con-almendras\\\/\",\"name\":\"Pollo con almendras - iMagazine - Soluciones para la Diabetes\",\"isPartOf\":{\"@id\":\"https:\\\/\\\/www.solucionesparaladiabetes.com\\\/magazine-diabetes\\\/#website\"},\"primaryImageOfPage\":{\"@id\":\"https:\\\/\\\/www.solucionesparaladiabetes.com\\\/magazine-diabetes\\\/pollo-con-almendras\\\/#primaryimage\"},\"image\":{\"@id\":\"https:\\\/\\\/www.solucionesparaladiabetes.com\\\/magazine-diabetes\\\/pollo-con-almendras\\\/#primaryimage\"},\"thumbnailUrl\":\"https:\\\/\\\/www.solucionesparaladiabetes.com\\\/magazine-diabetes\\\/wp-content\\\/uploads\\\/pollo-almendras.jpg\",\"datePublished\":\"2024-05-08T06:00:29+00:00\",\"dateModified\":\"2024-05-17T13:46:12+00:00\",\"author\":{\"@id\":\"https:\\\/\\\/www.solucionesparaladiabetes.com\\\/magazine-diabetes\\\/#\\\/schema\\\/person\\\/e2baa2823993aa90e52cca43e9244bbd\"},\"breadcrumb\":{\"@id\":\"https:\\\/\\\/www.solucionesparaladiabetes.com\\\/magazine-diabetes\\\/pollo-con-almendras\\\/#breadcrumb\"},\"inLanguage\":\"es\",\"potentialAction\":[{\"@type\":\"ReadAction\",\"target\":[\"https:\\\/\\\/www.solucionesparaladiabetes.com\\\/magazine-diabetes\\\/pollo-con-almendras\\\/\"]}]},{\"@type\":\"ImageObject\",\"inLanguage\":\"es\",\"@id\":\"https:\\\/\\\/www.solucionesparaladiabetes.com\\\/magazine-diabetes\\\/pollo-con-almendras\\\/#primaryimage\",\"url\":\"https:\\\/\\\/www.solucionesparaladiabetes.com\\\/magazine-diabetes\\\/wp-content\\\/uploads\\\/pollo-almendras.jpg\",\"contentUrl\":\"https:\\\/\\\/www.solucionesparaladiabetes.com\\\/magazine-diabetes\\\/wp-content\\\/uploads\\\/pollo-almendras.jpg\",\"width\":900,\"height\":600},{\"@type\":\"BreadcrumbList\",\"@id\":\"https:\\\/\\\/www.solucionesparaladiabetes.com\\\/magazine-diabetes\\\/pollo-con-almendras\\\/#breadcrumb\",\"itemListElement\":[{\"@type\":\"ListItem\",\"position\":1,\"name\":\"Portada\",\"item\":\"https:\\\/\\\/www.solucionesparaladiabetes.com\\\/magazine-diabetes\\\/\"},{\"@type\":\"ListItem\",\"position\":2,\"name\":\"Pollo con almendras\"}]},{\"@type\":\"WebSite\",\"@id\":\"https:\\\/\\\/www.solucionesparaladiabetes.com\\\/magazine-diabetes\\\/#website\",\"url\":\"https:\\\/\\\/www.solucionesparaladiabetes.com\\\/magazine-diabetes\\\/\",\"name\":\"Soluciones para la Diabetes\",\"description\":\"iMagazine\",\"potentialAction\":[{\"@type\":\"SearchAction\",\"target\":{\"@type\":\"EntryPoint\",\"urlTemplate\":\"https:\\\/\\\/www.solucionesparaladiabetes.com\\\/magazine-diabetes\\\/?s={search_term_string}\"},\"query-input\":{\"@type\":\"PropertyValueSpecification\",\"valueRequired\":true,\"valueName\":\"search_term_string\"}}],\"inLanguage\":\"es\"},{\"@type\":\"Person\",\"@id\":\"https:\\\/\\\/www.solucionesparaladiabetes.com\\\/magazine-diabetes\\\/#\\\/schema\\\/person\\\/e2baa2823993aa90e52cca43e9244bbd\",\"name\":\"SuperAdmin\",\"image\":{\"@type\":\"ImageObject\",\"inLanguage\":\"es\",\"@id\":\"https:\\\/\\\/secure.gravatar.com\\\/avatar\\\/1d286116912ae259114012192d6e96a07e4a23d045b6f106f625587f72a3d349?s=96&d=mm&r=g\",\"url\":\"https:\\\/\\\/secure.gravatar.com\\\/avatar\\\/1d286116912ae259114012192d6e96a07e4a23d045b6f106f625587f72a3d349?s=96&d=mm&r=g\",\"contentUrl\":\"https:\\\/\\\/secure.gravatar.com\\\/avatar\\\/1d286116912ae259114012192d6e96a07e4a23d045b6f106f625587f72a3d349?s=96&d=mm&r=g\",\"caption\":\"SuperAdmin\"}}]}<\/script>\n<!-- \/ Yoast SEO plugin. -->","yoast_head_json":{"title":"Pollo con almendras - iMagazine - Soluciones para la Diabetes","robots":{"index":"index","follow":"follow","max-snippet":"max-snippet:-1","max-image-preview":"max-image-preview:large","max-video-preview":"max-video-preview:-1"},"canonical":"https:\/\/www.solucionesparaladiabetes.com\/magazine-diabetes\/pollo-con-almendras\/","og_locale":"es_ES","og_type":"article","og_title":"Pollo con almendras - iMagazine - Soluciones para la Diabetes","og_description":"La carne de pollo es rica en prote\u00edna, y se digiere m\u00e1s facilmente que la de otro tipo de animal. La combinaci\u00f3n con esta salsa de almendras le da un [&hellip;]","og_url":"https:\/\/www.solucionesparaladiabetes.com\/magazine-diabetes\/pollo-con-almendras\/","og_site_name":"Soluciones para la Diabetes","article_published_time":"2024-05-08T06:00:29+00:00","article_modified_time":"2024-05-17T13:46:12+00:00","og_image":[{"width":900,"height":600,"url":"http:\/\/www.solucionesparaladiabetes.com\/magazine-diabetes\/wp-content\/uploads\/pollo-almendras.jpg","type":"image\/jpeg"}],"author":"SuperAdmin","twitter_card":"summary_large_image","twitter_creator":"@soluciondiabete","twitter_site":"@soluciondiabete","twitter_misc":{"Escrito por":"SuperAdmin","Tiempo de lectura":"2 minutos"},"schema":{"@context":"https:\/\/schema.org","@graph":[{"@type":"Article","@id":"https:\/\/www.solucionesparaladiabetes.com\/magazine-diabetes\/pollo-con-almendras\/#article","isPartOf":{"@id":"https:\/\/www.solucionesparaladiabetes.com\/magazine-diabetes\/pollo-con-almendras\/"},"author":{"name":"SuperAdmin","@id":"https:\/\/www.solucionesparaladiabetes.com\/magazine-diabetes\/#\/schema\/person\/e2baa2823993aa90e52cca43e9244bbd"},"headline":"Pollo con almendras","datePublished":"2024-05-08T06:00:29+00:00","dateModified":"2024-05-17T13:46:12+00:00","mainEntityOfPage":{"@id":"https:\/\/www.solucionesparaladiabetes.com\/magazine-diabetes\/pollo-con-almendras\/"},"wordCount":248,"commentCount":0,"image":{"@id":"https:\/\/www.solucionesparaladiabetes.com\/magazine-diabetes\/pollo-con-almendras\/#primaryimage"},"thumbnailUrl":"https:\/\/www.solucionesparaladiabetes.com\/magazine-diabetes\/wp-content\/uploads\/pollo-almendras.jpg","articleSection":["Alimentaci\u00f3n","Recetas para personas con diabetes"],"inLanguage":"es","potentialAction":[{"@type":"CommentAction","name":"Comment","target":["https:\/\/www.solucionesparaladiabetes.com\/magazine-diabetes\/pollo-con-almendras\/#respond"]}]},{"@type":"WebPage","@id":"https:\/\/www.solucionesparaladiabetes.com\/magazine-diabetes\/pollo-con-almendras\/","url":"https:\/\/www.solucionesparaladiabetes.com\/magazine-diabetes\/pollo-con-almendras\/","name":"Pollo con almendras - iMagazine - Soluciones para la Diabetes","isPartOf":{"@id":"https:\/\/www.solucionesparaladiabetes.com\/magazine-diabetes\/#website"},"primaryImageOfPage":{"@id":"https:\/\/www.solucionesparaladiabetes.com\/magazine-diabetes\/pollo-con-almendras\/#primaryimage"},"image":{"@id":"https:\/\/www.solucionesparaladiabetes.com\/magazine-diabetes\/pollo-con-almendras\/#primaryimage"},"thumbnailUrl":"https:\/\/www.solucionesparaladiabetes.com\/magazine-diabetes\/wp-content\/uploads\/pollo-almendras.jpg","datePublished":"2024-05-08T06:00:29+00:00","dateModified":"2024-05-17T13:46:12+00:00","author":{"@id":"https:\/\/www.solucionesparaladiabetes.com\/magazine-diabetes\/#\/schema\/person\/e2baa2823993aa90e52cca43e9244bbd"},"breadcrumb":{"@id":"https:\/\/www.solucionesparaladiabetes.com\/magazine-diabetes\/pollo-con-almendras\/#breadcrumb"},"inLanguage":"es","potentialAction":[{"@type":"ReadAction","target":["https:\/\/www.solucionesparaladiabetes.com\/magazine-diabetes\/pollo-con-almendras\/"]}]},{"@type":"ImageObject","inLanguage":"es","@id":"https:\/\/www.solucionesparaladiabetes.com\/magazine-diabetes\/pollo-con-almendras\/#primaryimage","url":"https:\/\/www.solucionesparaladiabetes.com\/magazine-diabetes\/wp-content\/uploads\/pollo-almendras.jpg","contentUrl":"https:\/\/www.solucionesparaladiabetes.com\/magazine-diabetes\/wp-content\/uploads\/pollo-almendras.jpg","width":900,"height":600},{"@type":"BreadcrumbList","@id":"https:\/\/www.solucionesparaladiabetes.com\/magazine-diabetes\/pollo-con-almendras\/#breadcrumb","itemListElement":[{"@type":"ListItem","position":1,"name":"Portada","item":"https:\/\/www.solucionesparaladiabetes.com\/magazine-diabetes\/"},{"@type":"ListItem","position":2,"name":"Pollo con almendras"}]},{"@type":"WebSite","@id":"https:\/\/www.solucionesparaladiabetes.com\/magazine-diabetes\/#website","url":"https:\/\/www.solucionesparaladiabetes.com\/magazine-diabetes\/","name":"Soluciones para la Diabetes","description":"iMagazine","potentialAction":[{"@type":"SearchAction","target":{"@type":"EntryPoint","urlTemplate":"https:\/\/www.solucionesparaladiabetes.com\/magazine-diabetes\/?s={search_term_string}"},"query-input":{"@type":"PropertyValueSpecification","valueRequired":true,"valueName":"search_term_string"}}],"inLanguage":"es"},{"@type":"Person","@id":"https:\/\/www.solucionesparaladiabetes.com\/magazine-diabetes\/#\/schema\/person\/e2baa2823993aa90e52cca43e9244bbd","name":"SuperAdmin","image":{"@type":"ImageObject","inLanguage":"es","@id":"https:\/\/secure.gravatar.com\/avatar\/1d286116912ae259114012192d6e96a07e4a23d045b6f106f625587f72a3d349?s=96&d=mm&r=g","url":"https:\/\/secure.gravatar.com\/avatar\/1d286116912ae259114012192d6e96a07e4a23d045b6f106f625587f72a3d349?s=96&d=mm&r=g","contentUrl":"https:\/\/secure.gravatar.com\/avatar\/1d286116912ae259114012192d6e96a07e4a23d045b6f106f625587f72a3d349?s=96&d=mm&r=g","caption":"SuperAdmin"}}]}},"_links":{"self":[{"href":"https:\/\/www.solucionesparaladiabetes.com\/magazine-diabetes\/wp-json\/wp\/v2\/posts\/12531","targetHints":{"allow":["GET"]}}],"collection":[{"href":"https:\/\/www.solucionesparaladiabetes.com\/magazine-diabetes\/wp-json\/wp\/v2\/posts"}],"about":[{"href":"https:\/\/www.solucionesparaladiabetes.com\/magazine-diabetes\/wp-json\/wp\/v2\/types\/post"}],"author":[{"embeddable":true,"href":"https:\/\/www.solucionesparaladiabetes.com\/magazine-diabetes\/wp-json\/wp\/v2\/users\/17"}],"replies":[{"embeddable":true,"href":"https:\/\/www.solucionesparaladiabetes.com\/magazine-diabetes\/wp-json\/wp\/v2\/comments?post=12531"}],"version-history":[{"count":1,"href":"https:\/\/www.solucionesparaladiabetes.com\/magazine-diabetes\/wp-json\/wp\/v2\/posts\/12531\/revisions"}],"predecessor-version":[{"id":12533,"href":"https:\/\/www.solucionesparaladiabetes.com\/magazine-diabetes\/wp-json\/wp\/v2\/posts\/12531\/revisions\/12533"}],"wp:featuredmedia":[{"embeddable":true,"href":"https:\/\/www.solucionesparaladiabetes.com\/magazine-diabetes\/wp-json\/wp\/v2\/media\/12532"}],"wp:attachment":[{"href":"https:\/\/www.solucionesparaladiabetes.com\/magazine-diabetes\/wp-json\/wp\/v2\/media?parent=12531"}],"wp:term":[{"taxonomy":"category","embeddable":true,"href":"https:\/\/www.solucionesparaladiabetes.com\/magazine-diabetes\/wp-json\/wp\/v2\/categories?post=12531"},{"taxonomy":"post_tag","embeddable":true,"href":"https:\/\/www.solucionesparaladiabetes.com\/magazine-diabetes\/wp-json\/wp\/v2\/tags?post=12531"}],"curies":[{"name":"wp","href":"https:\/\/api.w.org\/{rel}","templated":true}]}}