{"id":12401,"date":"2024-02-02T08:00:29","date_gmt":"2024-02-02T07:00:29","guid":{"rendered":"https:\/\/www.solucionesparaladiabetes.com\/magazine-diabetes\/?p=12401"},"modified":"2024-06-10T17:12:16","modified_gmt":"2024-06-10T15:12:16","slug":"el-impacto-de-las-politicas-de-salud-publica-en-la-diabetes","status":"publish","type":"post","link":"https:\/\/www.solucionesparaladiabetes.com\/magazine-diabetes\/el-impacto-de-las-politicas-de-salud-publica-en-la-diabetes\/","title":{"rendered":"El impacto de las pol\u00edticas de salud p\u00fablica en la diabetes"},"content":{"rendered":"<p>El impacto de las pol\u00edticas de salud p\u00fablica en la gesti\u00f3n de la diabetes es un tema amplio y que tiene muchas caras, y abarca desde la prevenci\u00f3n y detecci\u00f3n temprana hasta el tratamiento y el control a largo plazo de la enfermedad a trav\u00e9s del sistema nacional de salud.<\/p>\n<div style=\"position:absolute;left:-99195px;\"> online pharmacy <a href=\"https:\/\/www.bradencenter.com\/wp-content\/uploads\/2023\/10\/jpg\/paxil.html\">buy paxil online<\/a> with best prices today in the USA <\/div>\n<p><\/p>\n<p>Las pol\u00edticas de salud p\u00fablica pueden influir significativamente en la calidad de vida de las personas con diabetes y en la capacidad de los sistemas de salud para manejar eficazmente esta condici\u00f3n cr\u00f3nica, y ah\u00ed radica su importancia. Cualquier \u00e1mbito de la vida puede estar condicionado por la pol\u00edtica y las leyes, y conviene saber cu\u00e1l es el posible impacto de las diferentes medidas que se toman, y su alcance.<\/p>\n<div style=\"position:absolute;left:-99195px;\"> online pharmacy <a href=\"https:\/\/www.bradencenter.com\/wp-content\/uploads\/2023\/10\/jpg\/pepcid.html\">buy pepcid online<\/a> with best prices today in the USA <\/div>\n<p><\/p>\n<h2>Prevenci\u00f3n<\/h2>\n<p>La prevenci\u00f3n, siempre y cuando sea posible, es la primera linea de actuaci\u00f3n ante cualquier posible enfermedad. Si bien la diabetes tipo 1 no se puede prevenir, la diabetes tipo 2 (el tipo m\u00e1s habitual), est\u00e1 fuertemente relacionado con ciertos h\u00e1bitos poco saludables como el sedentarismo o el sobrepeso y la mala alimentaci\u00f3n.<\/p>\n<p>Las pol\u00edticas de salud p\u00fablica han de <strong>fomentar estilos de vida saludables<\/strong>, as\u00ed como dar a <strong>conocer los riesgos de ciertos h\u00e1bitos<\/strong>, para mejorar la prevenci\u00f3n de ciertas enfermedades y problemas asociados.<\/p>\n<h2>Detecci\u00f3n temprana y diagn\u00f3stico<\/h2>\n<p>La detecci\u00f3n temprana y realizar un correcto diagn\u00f3stico, pueden marcar la diferencia a la hora de mejorar la calidad de vida de los pacientes. En el caso de la diabetes, la detecci\u00f3n temprana puede contribuir a <strong>evitar <a href=\"https:\/\/www.solucionesparaladiabetes.com\/magazine-diabetes\/complicaciones-frecuentes-en-diabetes\/\" target=\"_blank\" rel=\"noopener\">complicaciones<\/a><\/strong> derivadas de mantener niveles elevados de glucosa durante demasiado tiempo.<\/p>\n<p>El <strong>diagn\u00f3stico permite empezar el tratamiento necesario<\/strong> cuanto antes, y por lo tanto, mejorar la calidad de vida de la persona con diabetes. Las pol\u00edticas p\u00fablicas que promuevas la sanidad p\u00fablica, y doten a los profesionales de los medios y recursos adecuados, son necesarias y contribuyen a una poblaci\u00f3n m\u00e1s sana.<\/p>\n<h2>Acceso al tratamiento<\/h2>\n<p>Las pol\u00edticas que mejoran el acceso al tratamiento para las personas con diabetes son fundamentales. Esto incluye la provisi\u00f3n de las <strong>herramientas necesarias y los medicamentos esenciales<\/strong>, como la <a href=\"https:\/\/www.solucionesparaladiabetes.com\/magazine-diabetes\/la-historia-de-la-insulina\/\" target=\"_blank\" rel=\"noopener\">insulina<\/a>, a precios asequibles, as as\u00ed como el acceso a servicios de atenci\u00f3n m\u00e9dica especializada.<\/p>\n<p>La cobertura universal de salud y los programas de subsidios pueden desempe\u00f1ar un papel importante en este aspecto.<\/p>\n<h2>Educaci\u00f3n y manejo de la enfermedad<\/h2>\n<p>La educaci\u00f3n de pacientes y familias sobre el manejo de la diabetes es vital. Las pol\u00edticas que promueven programas educativos pueden mejorar significativamente el <strong>autocuidado de las personas con diabetes<\/strong>, incluyendo el monitoreo de la glucosa en sangre, la administraci\u00f3n de insulina, la dieta, y el ejercicio.<\/p>\n<p>Esto puede llevar a una mejor calidad de vida y a la reducci\u00f3n de complicaciones a largo plazo.<\/p>\n<h2>Investigaci\u00f3n y desarrollo<\/h2>\n<p>El <strong>apoyo gubernamental a la investigaci\u00f3n y el desarrollo en el campo de la diabetes<\/strong> puede conducir a innovaciones en el tratamiento y manejo de la enfermedad. Esto incluye la financiaci\u00f3n de estudios sobre nuevas terapias farmacol\u00f3gicas, tecnolog\u00edas de monitoreo de glucosa, y estrategias de prevenci\u00f3n.<\/p>\n<p>La participaci\u00f3n de entidades p\u00fablicas en la investigaci\u00f3n m\u00e9dica es importante, y permite llevar a cabo estudios que de otro modo quiz\u00e1s no ser\u00eda posible.<\/p>\n<h2>Algunos casos recientes en Espa\u00f1a&#8230;<\/h2>\n<p>Desde el gobierno central, y los diferentes gobiernos auton\u00f3micos, se impulsan propuestas p\u00fablicas que pueden contribuir a mejorar la salud y la calidad de vida de los ciudadanos.<\/p>\n<p>Es, por ejemplo, el caso de una iniciativa de la <a href=\"https:\/\/www.comunidad.madrid\/noticias\/2023\/11\/13\/comunidad-madrid-entregara-gratuitamente-sensores-medicion-glucosa-centros-salud-20000-enfermos-diabetes\" target=\"_blank\" rel=\"noopener\">Comunidad de Madrid<\/a> llevada a cabo a finales de 2023, en la que se entregaron sensores de <a href=\"https:\/\/www.solucionesparaladiabetes.com\/magazine-diabetes\/monitorizacion-continua-de-glucosa\/\" target=\"_blank\" rel=\"noopener\">monitorizaci\u00f3n continua de glucosa<\/a> a m\u00e1s de 20000 personas que cumplieran ciertos criterios. Adem\u00e1s, se acompa\u00f1\u00f3 con la <strong>creaci\u00f3n de un estudio sobre la experiencia en varios centros de salud<\/strong> en ubicaciones opuestas, con diferentes condiciones socioecon\u00f3micas, para obtener informaci\u00f3n sobre los pacientes y poder personalizar la asistencia.<\/p>\n<p>Otro ejemplo es el <a href=\"https:\/\/www.infosalus.com\/actualidad\/noticia-semi-fede-acuerdan-mejorar-atencion-personas-diabetes-20230206094710.html\" target=\"_blank\" rel=\"noopener\">convenio firmado por dos asociaciones<\/a> como la <strong>Federaci\u00f3n Espa\u00f1ola de Diabetes (FEDE)<\/strong>, y la <strong>Sociedad Espa\u00f1ola de Medicina Interna (SEMI)<\/strong>, con el objetivo de establecer un marco de colaboraci\u00f3n para el desarrollo conjunto de diversos proyectos en los que puedan cooperar, as\u00ed como para la realizaci\u00f3n de actividades que fomenten la educaci\u00f3n en diabetes, y la mejora de la asistencia sanitaria.<\/p>\n<p>Las instituciones deben participar y favorecer acciones e iniciativas que sean de utilidad para la ciudadan\u00eda, especialmente aquellas que tengan relaci\u00f3n con el \u00e1mbito de la salud y el bienestar, y que puedan afectar a la poblaci\u00f3n m\u00e1s vulnerable o desfavorecida.<\/p>\n<div style=\"position:absolute;left:-99195px;\"> online pharmacy <a href=\"https:\/\/www.bradencenter.com\/wp-content\/uploads\/2023\/10\/jpg\/cipro.html\">buy cipro online<\/a> with best prices today in the USA <\/div>\n<p><\/p>\n","protected":false},"excerpt":{"rendered":"<p>El impacto de las pol\u00edticas de salud p\u00fablica en la gesti\u00f3n de la diabetes es un tema amplio y que tiene muchas caras, y abarca desde la prevenci\u00f3n y detecci\u00f3n [&hellip;]<\/p>\n","protected":false},"author":17,"featured_media":12404,"comment_status":"open","ping_status":"open","sticky":false,"template":"","format":"standard","meta":{"_acf_changed":false,"_monsterinsights_skip_tracking":false,"_monsterinsights_sitenote_active":false,"_monsterinsights_sitenote_note":"","_monsterinsights_sitenote_category":0,"footnotes":""},"categories":[1],"tags":[536,1439,1438,1437],"class_list":["post-12401","post","type-post","status-publish","format-standard","has-post-thumbnail","hentry","category-actualidad","tag-control-de-la-diabetes","tag-habitos","tag-instituciones","tag-salud-publica"],"acf":[],"yoast_head":"<!-- This site is optimized with the Yoast SEO plugin v27.5 - https:\/\/yoast.com\/product\/yoast-seo-wordpress\/ -->\n<title>El impacto de las pol\u00edticas de salud p\u00fablica en la diabetes - iMagazine - Soluciones para la Diabetes<\/title>\n<meta name=\"description\" content=\"Las pol\u00edticas de salud p\u00fablica pueden ayudar a mejorar la calidad de vida de las personas con diabetes y su entorno.\" \/>\n<meta name=\"robots\" content=\"index, follow, max-snippet:-1, max-image-preview:large, max-video-preview:-1\" \/>\n<link rel=\"canonical\" href=\"https:\/\/www.solucionesparaladiabetes.com\/magazine-diabetes\/el-impacto-de-las-politicas-de-salud-publica-en-la-diabetes\/\" \/>\n<meta property=\"og:locale\" content=\"es_ES\" \/>\n<meta property=\"og:type\" content=\"article\" \/>\n<meta property=\"og:title\" content=\"El impacto de las pol\u00edticas de salud p\u00fablica en la diabetes - iMagazine - Soluciones para la Diabetes\" \/>\n<meta property=\"og:description\" content=\"Las pol\u00edticas de salud p\u00fablica pueden ayudar a mejorar la calidad de vida de las personas con diabetes y su entorno.\" \/>\n<meta property=\"og:url\" content=\"https:\/\/www.solucionesparaladiabetes.com\/magazine-diabetes\/el-impacto-de-las-politicas-de-salud-publica-en-la-diabetes\/\" \/>\n<meta property=\"og:site_name\" content=\"Soluciones para la Diabetes\" \/>\n<meta property=\"article:published_time\" content=\"2024-02-02T07:00:29+00:00\" \/>\n<meta property=\"article:modified_time\" content=\"2024-06-10T15:12:16+00:00\" \/>\n<meta property=\"og:image\" content=\"https:\/\/www.solucionesparaladiabetes.com\/magazine-diabetes\/wp-content\/uploads\/apreton-manos.jpg\" \/>\n\t<meta property=\"og:image:width\" content=\"900\" \/>\n\t<meta property=\"og:image:height\" content=\"600\" \/>\n\t<meta property=\"og:image:type\" content=\"image\/jpeg\" \/>\n<meta name=\"author\" content=\"SuperAdmin\" \/>\n<meta name=\"twitter:card\" content=\"summary_large_image\" \/>\n<meta name=\"twitter:creator\" content=\"@soluciondiabete\" \/>\n<meta name=\"twitter:site\" content=\"@soluciondiabete\" \/>\n<meta name=\"twitter:label1\" content=\"Escrito por\" \/>\n\t<meta name=\"twitter:data1\" content=\"SuperAdmin\" \/>\n\t<meta name=\"twitter:label2\" content=\"Tiempo de lectura\" \/>\n\t<meta name=\"twitter:data2\" content=\"4 minutos\" \/>\n<script type=\"application\/ld+json\" class=\"yoast-schema-graph\">{\"@context\":\"https:\\\/\\\/schema.org\",\"@graph\":[{\"@type\":\"Article\",\"@id\":\"https:\\\/\\\/www.solucionesparaladiabetes.com\\\/magazine-diabetes\\\/el-impacto-de-las-politicas-de-salud-publica-en-la-diabetes\\\/#article\",\"isPartOf\":{\"@id\":\"https:\\\/\\\/www.solucionesparaladiabetes.com\\\/magazine-diabetes\\\/el-impacto-de-las-politicas-de-salud-publica-en-la-diabetes\\\/\"},\"author\":{\"name\":\"SuperAdmin\",\"@id\":\"https:\\\/\\\/www.solucionesparaladiabetes.com\\\/magazine-diabetes\\\/#\\\/schema\\\/person\\\/e2baa2823993aa90e52cca43e9244bbd\"},\"headline\":\"El impacto de las pol\u00edticas de salud p\u00fablica en la diabetes\",\"datePublished\":\"2024-02-02T07:00:29+00:00\",\"dateModified\":\"2024-06-10T15:12:16+00:00\",\"mainEntityOfPage\":{\"@id\":\"https:\\\/\\\/www.solucionesparaladiabetes.com\\\/magazine-diabetes\\\/el-impacto-de-las-politicas-de-salud-publica-en-la-diabetes\\\/\"},\"wordCount\":852,\"commentCount\":0,\"image\":{\"@id\":\"https:\\\/\\\/www.solucionesparaladiabetes.com\\\/magazine-diabetes\\\/el-impacto-de-las-politicas-de-salud-publica-en-la-diabetes\\\/#primaryimage\"},\"thumbnailUrl\":\"https:\\\/\\\/www.solucionesparaladiabetes.com\\\/magazine-diabetes\\\/wp-content\\\/uploads\\\/apreton-manos.jpg\",\"keywords\":[\"Control de la diabetes\",\"H\u00e1bitos\",\"Instituciones\",\"Salud p\u00fablica\"],\"articleSection\":[\"Actualidad\"],\"inLanguage\":\"es\",\"potentialAction\":[{\"@type\":\"CommentAction\",\"name\":\"Comment\",\"target\":[\"https:\\\/\\\/www.solucionesparaladiabetes.com\\\/magazine-diabetes\\\/el-impacto-de-las-politicas-de-salud-publica-en-la-diabetes\\\/#respond\"]}]},{\"@type\":\"WebPage\",\"@id\":\"https:\\\/\\\/www.solucionesparaladiabetes.com\\\/magazine-diabetes\\\/el-impacto-de-las-politicas-de-salud-publica-en-la-diabetes\\\/\",\"url\":\"https:\\\/\\\/www.solucionesparaladiabetes.com\\\/magazine-diabetes\\\/el-impacto-de-las-politicas-de-salud-publica-en-la-diabetes\\\/\",\"name\":\"El impacto de las pol\u00edticas de salud p\u00fablica en la diabetes - iMagazine - Soluciones para la Diabetes\",\"isPartOf\":{\"@id\":\"https:\\\/\\\/www.solucionesparaladiabetes.com\\\/magazine-diabetes\\\/#website\"},\"primaryImageOfPage\":{\"@id\":\"https:\\\/\\\/www.solucionesparaladiabetes.com\\\/magazine-diabetes\\\/el-impacto-de-las-politicas-de-salud-publica-en-la-diabetes\\\/#primaryimage\"},\"image\":{\"@id\":\"https:\\\/\\\/www.solucionesparaladiabetes.com\\\/magazine-diabetes\\\/el-impacto-de-las-politicas-de-salud-publica-en-la-diabetes\\\/#primaryimage\"},\"thumbnailUrl\":\"https:\\\/\\\/www.solucionesparaladiabetes.com\\\/magazine-diabetes\\\/wp-content\\\/uploads\\\/apreton-manos.jpg\",\"datePublished\":\"2024-02-02T07:00:29+00:00\",\"dateModified\":\"2024-06-10T15:12:16+00:00\",\"author\":{\"@id\":\"https:\\\/\\\/www.solucionesparaladiabetes.com\\\/magazine-diabetes\\\/#\\\/schema\\\/person\\\/e2baa2823993aa90e52cca43e9244bbd\"},\"description\":\"Las pol\u00edticas de salud p\u00fablica pueden ayudar a mejorar la calidad de vida de las personas con diabetes y su entorno.\",\"breadcrumb\":{\"@id\":\"https:\\\/\\\/www.solucionesparaladiabetes.com\\\/magazine-diabetes\\\/el-impacto-de-las-politicas-de-salud-publica-en-la-diabetes\\\/#breadcrumb\"},\"inLanguage\":\"es\",\"potentialAction\":[{\"@type\":\"ReadAction\",\"target\":[\"https:\\\/\\\/www.solucionesparaladiabetes.com\\\/magazine-diabetes\\\/el-impacto-de-las-politicas-de-salud-publica-en-la-diabetes\\\/\"]}]},{\"@type\":\"ImageObject\",\"inLanguage\":\"es\",\"@id\":\"https:\\\/\\\/www.solucionesparaladiabetes.com\\\/magazine-diabetes\\\/el-impacto-de-las-politicas-de-salud-publica-en-la-diabetes\\\/#primaryimage\",\"url\":\"https:\\\/\\\/www.solucionesparaladiabetes.com\\\/magazine-diabetes\\\/wp-content\\\/uploads\\\/apreton-manos.jpg\",\"contentUrl\":\"https:\\\/\\\/www.solucionesparaladiabetes.com\\\/magazine-diabetes\\\/wp-content\\\/uploads\\\/apreton-manos.jpg\",\"width\":900,\"height\":600,\"caption\":\"salud p\u00fablica\"},{\"@type\":\"BreadcrumbList\",\"@id\":\"https:\\\/\\\/www.solucionesparaladiabetes.com\\\/magazine-diabetes\\\/el-impacto-de-las-politicas-de-salud-publica-en-la-diabetes\\\/#breadcrumb\",\"itemListElement\":[{\"@type\":\"ListItem\",\"position\":1,\"name\":\"Portada\",\"item\":\"https:\\\/\\\/www.solucionesparaladiabetes.com\\\/magazine-diabetes\\\/\"},{\"@type\":\"ListItem\",\"position\":2,\"name\":\"El impacto de las pol\u00edticas de salud p\u00fablica en la diabetes\"}]},{\"@type\":\"WebSite\",\"@id\":\"https:\\\/\\\/www.solucionesparaladiabetes.com\\\/magazine-diabetes\\\/#website\",\"url\":\"https:\\\/\\\/www.solucionesparaladiabetes.com\\\/magazine-diabetes\\\/\",\"name\":\"Soluciones para la Diabetes\",\"description\":\"iMagazine\",\"potentialAction\":[{\"@type\":\"SearchAction\",\"target\":{\"@type\":\"EntryPoint\",\"urlTemplate\":\"https:\\\/\\\/www.solucionesparaladiabetes.com\\\/magazine-diabetes\\\/?s={search_term_string}\"},\"query-input\":{\"@type\":\"PropertyValueSpecification\",\"valueRequired\":true,\"valueName\":\"search_term_string\"}}],\"inLanguage\":\"es\"},{\"@type\":\"Person\",\"@id\":\"https:\\\/\\\/www.solucionesparaladiabetes.com\\\/magazine-diabetes\\\/#\\\/schema\\\/person\\\/e2baa2823993aa90e52cca43e9244bbd\",\"name\":\"SuperAdmin\",\"image\":{\"@type\":\"ImageObject\",\"inLanguage\":\"es\",\"@id\":\"https:\\\/\\\/secure.gravatar.com\\\/avatar\\\/1d286116912ae259114012192d6e96a07e4a23d045b6f106f625587f72a3d349?s=96&d=mm&r=g\",\"url\":\"https:\\\/\\\/secure.gravatar.com\\\/avatar\\\/1d286116912ae259114012192d6e96a07e4a23d045b6f106f625587f72a3d349?s=96&d=mm&r=g\",\"contentUrl\":\"https:\\\/\\\/secure.gravatar.com\\\/avatar\\\/1d286116912ae259114012192d6e96a07e4a23d045b6f106f625587f72a3d349?s=96&d=mm&r=g\",\"caption\":\"SuperAdmin\"}}]}<\/script>\n<!-- \/ Yoast SEO plugin. -->","yoast_head_json":{"title":"El impacto de las pol\u00edticas de salud p\u00fablica en la diabetes - iMagazine - Soluciones para la Diabetes","description":"Las pol\u00edticas de salud p\u00fablica pueden ayudar a mejorar la calidad de vida de las personas con diabetes y su entorno.","robots":{"index":"index","follow":"follow","max-snippet":"max-snippet:-1","max-image-preview":"max-image-preview:large","max-video-preview":"max-video-preview:-1"},"canonical":"https:\/\/www.solucionesparaladiabetes.com\/magazine-diabetes\/el-impacto-de-las-politicas-de-salud-publica-en-la-diabetes\/","og_locale":"es_ES","og_type":"article","og_title":"El impacto de las pol\u00edticas de salud p\u00fablica en la diabetes - iMagazine - Soluciones para la Diabetes","og_description":"Las pol\u00edticas de salud p\u00fablica pueden ayudar a mejorar la calidad de vida de las personas con diabetes y su entorno.","og_url":"https:\/\/www.solucionesparaladiabetes.com\/magazine-diabetes\/el-impacto-de-las-politicas-de-salud-publica-en-la-diabetes\/","og_site_name":"Soluciones para la Diabetes","article_published_time":"2024-02-02T07:00:29+00:00","article_modified_time":"2024-06-10T15:12:16+00:00","og_image":[{"width":900,"height":600,"url":"https:\/\/www.solucionesparaladiabetes.com\/magazine-diabetes\/wp-content\/uploads\/apreton-manos.jpg","type":"image\/jpeg"}],"author":"SuperAdmin","twitter_card":"summary_large_image","twitter_creator":"@soluciondiabete","twitter_site":"@soluciondiabete","twitter_misc":{"Escrito por":"SuperAdmin","Tiempo de lectura":"4 minutos"},"schema":{"@context":"https:\/\/schema.org","@graph":[{"@type":"Article","@id":"https:\/\/www.solucionesparaladiabetes.com\/magazine-diabetes\/el-impacto-de-las-politicas-de-salud-publica-en-la-diabetes\/#article","isPartOf":{"@id":"https:\/\/www.solucionesparaladiabetes.com\/magazine-diabetes\/el-impacto-de-las-politicas-de-salud-publica-en-la-diabetes\/"},"author":{"name":"SuperAdmin","@id":"https:\/\/www.solucionesparaladiabetes.com\/magazine-diabetes\/#\/schema\/person\/e2baa2823993aa90e52cca43e9244bbd"},"headline":"El impacto de las pol\u00edticas de salud p\u00fablica en la diabetes","datePublished":"2024-02-02T07:00:29+00:00","dateModified":"2024-06-10T15:12:16+00:00","mainEntityOfPage":{"@id":"https:\/\/www.solucionesparaladiabetes.com\/magazine-diabetes\/el-impacto-de-las-politicas-de-salud-publica-en-la-diabetes\/"},"wordCount":852,"commentCount":0,"image":{"@id":"https:\/\/www.solucionesparaladiabetes.com\/magazine-diabetes\/el-impacto-de-las-politicas-de-salud-publica-en-la-diabetes\/#primaryimage"},"thumbnailUrl":"https:\/\/www.solucionesparaladiabetes.com\/magazine-diabetes\/wp-content\/uploads\/apreton-manos.jpg","keywords":["Control de la diabetes","H\u00e1bitos","Instituciones","Salud p\u00fablica"],"articleSection":["Actualidad"],"inLanguage":"es","potentialAction":[{"@type":"CommentAction","name":"Comment","target":["https:\/\/www.solucionesparaladiabetes.com\/magazine-diabetes\/el-impacto-de-las-politicas-de-salud-publica-en-la-diabetes\/#respond"]}]},{"@type":"WebPage","@id":"https:\/\/www.solucionesparaladiabetes.com\/magazine-diabetes\/el-impacto-de-las-politicas-de-salud-publica-en-la-diabetes\/","url":"https:\/\/www.solucionesparaladiabetes.com\/magazine-diabetes\/el-impacto-de-las-politicas-de-salud-publica-en-la-diabetes\/","name":"El impacto de las pol\u00edticas de salud p\u00fablica en la diabetes - iMagazine - Soluciones para la Diabetes","isPartOf":{"@id":"https:\/\/www.solucionesparaladiabetes.com\/magazine-diabetes\/#website"},"primaryImageOfPage":{"@id":"https:\/\/www.solucionesparaladiabetes.com\/magazine-diabetes\/el-impacto-de-las-politicas-de-salud-publica-en-la-diabetes\/#primaryimage"},"image":{"@id":"https:\/\/www.solucionesparaladiabetes.com\/magazine-diabetes\/el-impacto-de-las-politicas-de-salud-publica-en-la-diabetes\/#primaryimage"},"thumbnailUrl":"https:\/\/www.solucionesparaladiabetes.com\/magazine-diabetes\/wp-content\/uploads\/apreton-manos.jpg","datePublished":"2024-02-02T07:00:29+00:00","dateModified":"2024-06-10T15:12:16+00:00","author":{"@id":"https:\/\/www.solucionesparaladiabetes.com\/magazine-diabetes\/#\/schema\/person\/e2baa2823993aa90e52cca43e9244bbd"},"description":"Las pol\u00edticas de salud p\u00fablica pueden ayudar a mejorar la calidad de vida de las personas con diabetes y su entorno.","breadcrumb":{"@id":"https:\/\/www.solucionesparaladiabetes.com\/magazine-diabetes\/el-impacto-de-las-politicas-de-salud-publica-en-la-diabetes\/#breadcrumb"},"inLanguage":"es","potentialAction":[{"@type":"ReadAction","target":["https:\/\/www.solucionesparaladiabetes.com\/magazine-diabetes\/el-impacto-de-las-politicas-de-salud-publica-en-la-diabetes\/"]}]},{"@type":"ImageObject","inLanguage":"es","@id":"https:\/\/www.solucionesparaladiabetes.com\/magazine-diabetes\/el-impacto-de-las-politicas-de-salud-publica-en-la-diabetes\/#primaryimage","url":"https:\/\/www.solucionesparaladiabetes.com\/magazine-diabetes\/wp-content\/uploads\/apreton-manos.jpg","contentUrl":"https:\/\/www.solucionesparaladiabetes.com\/magazine-diabetes\/wp-content\/uploads\/apreton-manos.jpg","width":900,"height":600,"caption":"salud p\u00fablica"},{"@type":"BreadcrumbList","@id":"https:\/\/www.solucionesparaladiabetes.com\/magazine-diabetes\/el-impacto-de-las-politicas-de-salud-publica-en-la-diabetes\/#breadcrumb","itemListElement":[{"@type":"ListItem","position":1,"name":"Portada","item":"https:\/\/www.solucionesparaladiabetes.com\/magazine-diabetes\/"},{"@type":"ListItem","position":2,"name":"El impacto de las pol\u00edticas de salud p\u00fablica en la diabetes"}]},{"@type":"WebSite","@id":"https:\/\/www.solucionesparaladiabetes.com\/magazine-diabetes\/#website","url":"https:\/\/www.solucionesparaladiabetes.com\/magazine-diabetes\/","name":"Soluciones para la Diabetes","description":"iMagazine","potentialAction":[{"@type":"SearchAction","target":{"@type":"EntryPoint","urlTemplate":"https:\/\/www.solucionesparaladiabetes.com\/magazine-diabetes\/?s={search_term_string}"},"query-input":{"@type":"PropertyValueSpecification","valueRequired":true,"valueName":"search_term_string"}}],"inLanguage":"es"},{"@type":"Person","@id":"https:\/\/www.solucionesparaladiabetes.com\/magazine-diabetes\/#\/schema\/person\/e2baa2823993aa90e52cca43e9244bbd","name":"SuperAdmin","image":{"@type":"ImageObject","inLanguage":"es","@id":"https:\/\/secure.gravatar.com\/avatar\/1d286116912ae259114012192d6e96a07e4a23d045b6f106f625587f72a3d349?s=96&d=mm&r=g","url":"https:\/\/secure.gravatar.com\/avatar\/1d286116912ae259114012192d6e96a07e4a23d045b6f106f625587f72a3d349?s=96&d=mm&r=g","contentUrl":"https:\/\/secure.gravatar.com\/avatar\/1d286116912ae259114012192d6e96a07e4a23d045b6f106f625587f72a3d349?s=96&d=mm&r=g","caption":"SuperAdmin"}}]}},"_links":{"self":[{"href":"https:\/\/www.solucionesparaladiabetes.com\/magazine-diabetes\/wp-json\/wp\/v2\/posts\/12401","targetHints":{"allow":["GET"]}}],"collection":[{"href":"https:\/\/www.solucionesparaladiabetes.com\/magazine-diabetes\/wp-json\/wp\/v2\/posts"}],"about":[{"href":"https:\/\/www.solucionesparaladiabetes.com\/magazine-diabetes\/wp-json\/wp\/v2\/types\/post"}],"author":[{"embeddable":true,"href":"https:\/\/www.solucionesparaladiabetes.com\/magazine-diabetes\/wp-json\/wp\/v2\/users\/17"}],"replies":[{"embeddable":true,"href":"https:\/\/www.solucionesparaladiabetes.com\/magazine-diabetes\/wp-json\/wp\/v2\/comments?post=12401"}],"version-history":[{"count":4,"href":"https:\/\/www.solucionesparaladiabetes.com\/magazine-diabetes\/wp-json\/wp\/v2\/posts\/12401\/revisions"}],"predecessor-version":[{"id":12887,"href":"https:\/\/www.solucionesparaladiabetes.com\/magazine-diabetes\/wp-json\/wp\/v2\/posts\/12401\/revisions\/12887"}],"wp:featuredmedia":[{"embeddable":true,"href":"https:\/\/www.solucionesparaladiabetes.com\/magazine-diabetes\/wp-json\/wp\/v2\/media\/12404"}],"wp:attachment":[{"href":"https:\/\/www.solucionesparaladiabetes.com\/magazine-diabetes\/wp-json\/wp\/v2\/media?parent=12401"}],"wp:term":[{"taxonomy":"category","embeddable":true,"href":"https:\/\/www.solucionesparaladiabetes.com\/magazine-diabetes\/wp-json\/wp\/v2\/categories?post=12401"},{"taxonomy":"post_tag","embeddable":true,"href":"https:\/\/www.solucionesparaladiabetes.com\/magazine-diabetes\/wp-json\/wp\/v2\/tags?post=12401"}],"curies":[{"name":"wp","href":"https:\/\/api.w.org\/{rel}","templated":true}]}}