{"id":11842,"date":"2023-01-30T14:09:20","date_gmt":"2023-01-30T13:09:20","guid":{"rendered":"https:\/\/www.solucionesparaladiabetes.com\/magazine-diabetes\/?p=11842"},"modified":"2023-01-30T14:09:20","modified_gmt":"2023-01-30T13:09:20","slug":"diabetes-experience-day-2023-celebrando-la-vida","status":"publish","type":"post","link":"https:\/\/www.solucionesparaladiabetes.com\/magazine-diabetes\/diabetes-experience-day-2023-celebrando-la-vida\/","title":{"rendered":"Diabetes Experience Day 2023: celebrando la vida"},"content":{"rendered":"<p>Empieza un nuevo a\u00f1o, y llega una <strong>nueva edici\u00f3n del <a href=\"https:\/\/www.diabetesexperienceday.com\/\" target=\"_blank\" rel=\"noopener\">Diabetes Experience Day<\/a><\/strong>, el evento dedicado a pacientes, familiares, asociaciones, y a todos los actores involucrados en el mundo de la diabetes.<\/p>\n<p>La edici\u00f3n de 2023 se celebrar\u00e1 <strong>el 18 de febrero en la ciudad de Albacete<\/strong>, en el <a href=\"https:\/\/www.google.com\/maps\/place\/Palacio+de+Congresos+de+Albacete,+02007,+Albacete\/@39.015,-1.867778,17z\/data=!3m1!4b1!4m5!3m4!1s0xd665f009ad7385b:0xa7d00a1336723431!8m2!3d39.015!4d-1.867778?sa=X&amp;hl=es&amp;ved=2ahUKEwiFhf2ExP36AhXNgP0HHRVPDRMQ8gF6BAgQEAE&amp;shorturl=1\" target=\"_blank\" rel=\"noopener\">Palacio de Congresos<\/a>, y como siempre, tendr\u00e1 como objetivo <strong>educar, impactar, difundir e implicar<\/strong>. <strong>Educar<\/strong>, a trav\u00e9s de la experiencia de expertos y sobre todo de personas con diabetes; <strong>impactar<\/strong> gracias a una atractiva puesta en escena y al contenido de las actividades; <strong>difundir<\/strong> a trav\u00e9s de redes y medios para llegar a cuantas m\u00e1s personas mejor; e <strong>implicar<\/strong> para sensibilizar y mejorar el conocimiento de la diabetes en la sociedad.<\/p>\n<p>Como cada edici\u00f3n, <strong>el Diabetes Experience Day contar\u00e1 con un programa repleto de invitados dispuestos a compartir su experiencia<\/strong>, ya sea como personas con diabetes, o como profesionales que trabajan en campos relacionados.<\/p>\n<h2>Programa del Diabetes Experience Day 2023<\/h2>\n<p>El <a href=\"https:\/\/www.diabetesexperienceday.com\/#actividades\" target=\"_blank\" rel=\"noopener\">programa del Diabetes Experience Day 2023\u00a0<\/a>est\u00e1 centrado, sobre todo, en las ponencias que impartir\u00e1n los invitados, como veremos a continuaci\u00f3n. Adem\u00e1s, habr\u00e1 una zona con stands y actividades para los asistentes, y el <strong>DED KIDS<\/strong> y el <strong>DED TEENS<\/strong>, dos espacios enfocados a los peque\u00f1os y los adolescentes, con actividades espec\u00edficas para ellos.<\/p>\n<p>Este es el programa del Diabetes Experience Day:<\/p>\n<p class=\"et_pb_module_header\"><strong>9:00:<\/strong> ACTIVIDADES FORMATIVAS Y L\u00daDICAS EN ZONA EXPOSITIVA<\/p>\n<p><strong>11:00:<\/strong> DIETA KETO EN DIABETES, CON:<\/p>\n<div class=\"et_pb_module et_pb_blurb et_pb_blurb_2 et_pb_text_align_left et_pb_blurb_position_left et_pb_bg_layout_light\">\n<div class=\"et_pb_blurb_content\">\n<div class=\"et_pb_blurb_container\">\n<ul>\n<li class=\"et_pb_module_header\">Seraf\u00edn Murillo, Dietista-nutricionista Hospital Sant Joan de D\u00e9u y persona con diabetes tipo 1.<\/li>\n<li class=\"et_pb_module_header\">David Esp\u00ed, Persona con diabetes tipo 1.<\/li>\n<li class=\"et_pb_module_header\">Carla Rodr\u00edguez, Dietista y persona con diabetes tipo 1.<\/li>\n<\/ul>\n<p><strong>11:30:<\/strong> LA IMPORTANCIA DEL LENGUAJE CON DIABETES, CON:<\/p>\n<ul>\n<li class=\"et_pb_module_header\">Javier Hurtado, Psic\u00f3logo y persona con diabetes tipo 1.<\/li>\n<\/ul>\n<p><strong>11:45:<\/strong> CONTROLA TU DIABETES Y NO AL REV\u00c9S, CON:<\/p>\n<ul>\n<li class=\"et_pb_module_header\">Joan Tinoco, Persona con diabetes tipo 1.<\/li>\n<\/ul>\n<p><strong>12:00:<\/strong> INTELIGENCIA ARTIFICIAL EN DIABETES, CON:<\/p>\n<ul>\n<li>Aleix Beneyto, Investigador de la Universitat Polit\u00e9cnica de Girona.<\/li>\n<li>Victor Bautista, creador de SocialDiabetes y persona con diabetes tipo 1.<\/li>\n<\/ul>\n<p><strong>12:20: <\/strong>LA TECNOLOG\u00cdA ACTUAL Y LA QUE VIENE EN DIABETES. CONVIVIENDO GLUCOMETROS Y SENSORES, PLUMAS INTELIGENTES Y TIEMPO EN RANGO, CON:<\/p>\n<ul>\n<li>Dr. Jos\u00e9 Miguel Borrachero, M\u00e9dico de familia especializado en diabetes y persona con diabetes tipo 1.<\/li>\n<li>Dr. Pedro Pin\u00e9s, M\u00e9dico adjunto de Endocrinolog\u00eda y Nutrici\u00f3n en Complejo Hospitalario Universitario de Albacete.<\/li>\n<\/ul>\n<p><strong>12:45:<\/strong> LA EXCEPCI\u00d3N QUE CONFIRMA LA REGLA EN DIABETES TIPO 2, CON:<\/p>\n<ul>\n<li class=\"et_pb_module_header\">Mar\u00eda Rasal, Persona con diabetes tipo 2.<\/li>\n<\/ul>\n<p><strong>13:00:<\/strong> MI MEJOR VERSI\u00d3N CON DIABETES, CON:<\/p>\n<ul>\n<li>Christian L\u00f3pez,\u00a0Persona con diabetes tipo 1.<\/li>\n<\/ul>\n<p><strong>13:15:<\/strong> GESTI\u00d3N DE LA INSULINA EN EL DEPORTE, CON:<\/p>\n<ul>\n<li>Seraf\u00edn Murillo, Dietista-nutricionista Hospital Sant Joan de D\u00e9u y persona con diabetes tipo 1.<\/li>\n<li>Jes\u00fas Apellaniz, Deportista con diabetes tipo 1 miembro TeamOne.<\/li>\n<li>\u00c1ngel Antol\u00edn, Deportista con diabetes tipo 1 miembro TeamOne.<\/li>\n<\/ul>\n<p><strong>13:45:<\/strong> DIABETES Y MUJERES, CON:<\/p>\n<ul>\n<li>Marina Llobet, Nutricionista Hospital Sant Joan de D\u00e9u.<\/li>\n<\/ul>\n<p><strong>14:00 A 16:00:<\/strong> COMIDA + ACTIVIDADES ZONA EXPOSITIVA.<\/p>\n<p><strong>16:00 A 19:00:<\/strong> DOS SALAS, 2 DEBATES PARTICIPATIVOS<br \/>\n\u201cESCUCHAMOS TU VOZ\u201d LA TECNOLOG\u00cdA ACTUAL EN DIABETES, CON:<\/p>\n<ul>\n<li>Dr. Pedro Pin\u00e9s, M\u00e9dico adjunto de Endocrinolog\u00eda y Nutrici\u00f3n en Complejo Hospitalario Universitario de Albacete<\/li>\n<li>Dr. Jos\u00e9 Miguel Borrachero, M\u00e9dico de familia especializado en diabetes y persona con diabetes tipo 1<\/li>\n<li>Juan Francisco Per\u00e1n, Presidente de la Federaci\u00f3n Espa\u00f1ola de Diabetes (FEDE)<\/li>\n<li>I\u00f1aki Lorente, Psicol\u00f3go y persona con diabetes tipo 1.<\/li>\n<li>Dr. Jorge Bond\u00eda, Investigador Instituto Ai2 UPV.<\/li>\n<li>\u00c1ngel Ram\u00edrez, Moderador<\/li>\n<\/ul>\n<p>\u00abDIABETES Y MUJERES\u00bb<\/p>\n<ul>\n<li>Dra. Mar\u00eda Jos\u00e9 Pic\u00f3n, Endocrina Hospital Universitario Virgen de la Victoria especialista en diabetes y embarazo.<\/li>\n<li>Daria Roca, Enfermera educadora en Hospital Clinic Barcelona<\/li>\n<li>Laura Rebollo, Es integrante de Diabefem, una comunidad de mujeres con diabetes tipo 1 que buscan empoderar a las mujeres que viven con diabetes, compartir informaci\u00f3n fiable y contrastada y generar una nueva narrativa con perspectiva de g\u00e9nero.<\/li>\n<li>Gemma Peralta, Psic\u00f3loga especializada en diabetes.<\/li>\n<li>Mar\u00eda Jos\u00e9 Salmer\u00f3n, Presidenta Diabetes Albacete y persona con diabetes tipo 1.<\/li>\n<li>Marina Llobet, Moderadora<\/li>\n<\/ul>\n<hr \/>\n<\/div>\n<\/div>\n<\/div>\n<p>&nbsp;<\/p>\n<p>No te olvides de seguir el evento en Twitter, bajo el hashtag <strong>#DiabetesED<\/strong>. Que no puedas asistir presencialmente, no significa que no puedas participar en la conversaci\u00f3n.<\/p>\n","protected":false},"excerpt":{"rendered":"<p>Empieza un nuevo a\u00f1o, y llega una nueva edici\u00f3n del Diabetes Experience Day, el evento dedicado a pacientes, familiares, asociaciones, y a todos los actores involucrados en el mundo de [&hellip;]<\/p>\n","protected":false},"author":17,"featured_media":11843,"comment_status":"open","ping_status":"open","sticky":false,"template":"","format":"standard","meta":{"_acf_changed":false,"_monsterinsights_skip_tracking":false,"_monsterinsights_sitenote_active":false,"_monsterinsights_sitenote_note":"","_monsterinsights_sitenote_category":0,"footnotes":""},"categories":[1],"tags":[366],"class_list":["post-11842","post","type-post","status-publish","format-standard","has-post-thumbnail","hentry","category-actualidad","tag-diabetes-experience-day"],"acf":[],"yoast_head":"<!-- This site is optimized with the Yoast SEO plugin v27.5 - https:\/\/yoast.com\/product\/yoast-seo-wordpress\/ -->\n<title>Diabetes Experience Day 2023: celebrando la vida - iMagazine - Soluciones para la Diabetes<\/title>\n<meta name=\"robots\" content=\"index, follow, max-snippet:-1, max-image-preview:large, max-video-preview:-1\" \/>\n<link rel=\"canonical\" href=\"https:\/\/www.solucionesparaladiabetes.com\/magazine-diabetes\/diabetes-experience-day-2023-celebrando-la-vida\/\" \/>\n<meta property=\"og:locale\" content=\"es_ES\" \/>\n<meta property=\"og:type\" content=\"article\" \/>\n<meta property=\"og:title\" content=\"Diabetes Experience Day 2023: celebrando la vida - iMagazine - Soluciones para la Diabetes\" \/>\n<meta property=\"og:description\" content=\"Empieza un nuevo a\u00f1o, y llega una nueva edici\u00f3n del Diabetes Experience Day, el evento dedicado a pacientes, familiares, asociaciones, y a todos los actores involucrados en el mundo de [&hellip;]\" \/>\n<meta property=\"og:url\" content=\"https:\/\/www.solucionesparaladiabetes.com\/magazine-diabetes\/diabetes-experience-day-2023-celebrando-la-vida\/\" \/>\n<meta property=\"og:site_name\" content=\"Soluciones para la Diabetes\" \/>\n<meta property=\"article:published_time\" content=\"2023-01-30T13:09:20+00:00\" \/>\n<meta property=\"og:image\" content=\"http:\/\/www.solucionesparaladiabetes.com\/magazine-diabetes\/wp-content\/uploads\/ded-23.png\" \/>\n\t<meta property=\"og:image:width\" content=\"966\" \/>\n\t<meta property=\"og:image:height\" content=\"602\" \/>\n\t<meta property=\"og:image:type\" content=\"image\/png\" \/>\n<meta name=\"author\" content=\"SuperAdmin\" \/>\n<meta name=\"twitter:card\" content=\"summary_large_image\" \/>\n<meta name=\"twitter:creator\" content=\"@soluciondiabete\" \/>\n<meta name=\"twitter:site\" content=\"@soluciondiabete\" \/>\n<meta name=\"twitter:label1\" content=\"Escrito por\" \/>\n\t<meta name=\"twitter:data1\" content=\"SuperAdmin\" \/>\n\t<meta name=\"twitter:label2\" content=\"Tiempo de lectura\" \/>\n\t<meta name=\"twitter:data2\" content=\"4 minutos\" \/>\n<script type=\"application\/ld+json\" class=\"yoast-schema-graph\">{\"@context\":\"https:\\\/\\\/schema.org\",\"@graph\":[{\"@type\":\"Article\",\"@id\":\"https:\\\/\\\/www.solucionesparaladiabetes.com\\\/magazine-diabetes\\\/diabetes-experience-day-2023-celebrando-la-vida\\\/#article\",\"isPartOf\":{\"@id\":\"https:\\\/\\\/www.solucionesparaladiabetes.com\\\/magazine-diabetes\\\/diabetes-experience-day-2023-celebrando-la-vida\\\/\"},\"author\":{\"name\":\"SuperAdmin\",\"@id\":\"https:\\\/\\\/www.solucionesparaladiabetes.com\\\/magazine-diabetes\\\/#\\\/schema\\\/person\\\/e2baa2823993aa90e52cca43e9244bbd\"},\"headline\":\"Diabetes Experience Day 2023: celebrando la vida\",\"datePublished\":\"2023-01-30T13:09:20+00:00\",\"mainEntityOfPage\":{\"@id\":\"https:\\\/\\\/www.solucionesparaladiabetes.com\\\/magazine-diabetes\\\/diabetes-experience-day-2023-celebrando-la-vida\\\/\"},\"wordCount\":689,\"commentCount\":0,\"image\":{\"@id\":\"https:\\\/\\\/www.solucionesparaladiabetes.com\\\/magazine-diabetes\\\/diabetes-experience-day-2023-celebrando-la-vida\\\/#primaryimage\"},\"thumbnailUrl\":\"https:\\\/\\\/www.solucionesparaladiabetes.com\\\/magazine-diabetes\\\/wp-content\\\/uploads\\\/ded-23.png\",\"keywords\":[\"Diabetes Experience Day\"],\"articleSection\":[\"Actualidad\"],\"inLanguage\":\"es\",\"potentialAction\":[{\"@type\":\"CommentAction\",\"name\":\"Comment\",\"target\":[\"https:\\\/\\\/www.solucionesparaladiabetes.com\\\/magazine-diabetes\\\/diabetes-experience-day-2023-celebrando-la-vida\\\/#respond\"]}]},{\"@type\":\"WebPage\",\"@id\":\"https:\\\/\\\/www.solucionesparaladiabetes.com\\\/magazine-diabetes\\\/diabetes-experience-day-2023-celebrando-la-vida\\\/\",\"url\":\"https:\\\/\\\/www.solucionesparaladiabetes.com\\\/magazine-diabetes\\\/diabetes-experience-day-2023-celebrando-la-vida\\\/\",\"name\":\"Diabetes Experience Day 2023: celebrando la vida - iMagazine - Soluciones para la Diabetes\",\"isPartOf\":{\"@id\":\"https:\\\/\\\/www.solucionesparaladiabetes.com\\\/magazine-diabetes\\\/#website\"},\"primaryImageOfPage\":{\"@id\":\"https:\\\/\\\/www.solucionesparaladiabetes.com\\\/magazine-diabetes\\\/diabetes-experience-day-2023-celebrando-la-vida\\\/#primaryimage\"},\"image\":{\"@id\":\"https:\\\/\\\/www.solucionesparaladiabetes.com\\\/magazine-diabetes\\\/diabetes-experience-day-2023-celebrando-la-vida\\\/#primaryimage\"},\"thumbnailUrl\":\"https:\\\/\\\/www.solucionesparaladiabetes.com\\\/magazine-diabetes\\\/wp-content\\\/uploads\\\/ded-23.png\",\"datePublished\":\"2023-01-30T13:09:20+00:00\",\"author\":{\"@id\":\"https:\\\/\\\/www.solucionesparaladiabetes.com\\\/magazine-diabetes\\\/#\\\/schema\\\/person\\\/e2baa2823993aa90e52cca43e9244bbd\"},\"breadcrumb\":{\"@id\":\"https:\\\/\\\/www.solucionesparaladiabetes.com\\\/magazine-diabetes\\\/diabetes-experience-day-2023-celebrando-la-vida\\\/#breadcrumb\"},\"inLanguage\":\"es\",\"potentialAction\":[{\"@type\":\"ReadAction\",\"target\":[\"https:\\\/\\\/www.solucionesparaladiabetes.com\\\/magazine-diabetes\\\/diabetes-experience-day-2023-celebrando-la-vida\\\/\"]}]},{\"@type\":\"ImageObject\",\"inLanguage\":\"es\",\"@id\":\"https:\\\/\\\/www.solucionesparaladiabetes.com\\\/magazine-diabetes\\\/diabetes-experience-day-2023-celebrando-la-vida\\\/#primaryimage\",\"url\":\"https:\\\/\\\/www.solucionesparaladiabetes.com\\\/magazine-diabetes\\\/wp-content\\\/uploads\\\/ded-23.png\",\"contentUrl\":\"https:\\\/\\\/www.solucionesparaladiabetes.com\\\/magazine-diabetes\\\/wp-content\\\/uploads\\\/ded-23.png\",\"width\":966,\"height\":602,\"caption\":\"Diabetes Experience Day 2023\"},{\"@type\":\"BreadcrumbList\",\"@id\":\"https:\\\/\\\/www.solucionesparaladiabetes.com\\\/magazine-diabetes\\\/diabetes-experience-day-2023-celebrando-la-vida\\\/#breadcrumb\",\"itemListElement\":[{\"@type\":\"ListItem\",\"position\":1,\"name\":\"Portada\",\"item\":\"https:\\\/\\\/www.solucionesparaladiabetes.com\\\/magazine-diabetes\\\/\"},{\"@type\":\"ListItem\",\"position\":2,\"name\":\"Diabetes Experience Day 2023: celebrando la vida\"}]},{\"@type\":\"WebSite\",\"@id\":\"https:\\\/\\\/www.solucionesparaladiabetes.com\\\/magazine-diabetes\\\/#website\",\"url\":\"https:\\\/\\\/www.solucionesparaladiabetes.com\\\/magazine-diabetes\\\/\",\"name\":\"Soluciones para la Diabetes\",\"description\":\"iMagazine\",\"potentialAction\":[{\"@type\":\"SearchAction\",\"target\":{\"@type\":\"EntryPoint\",\"urlTemplate\":\"https:\\\/\\\/www.solucionesparaladiabetes.com\\\/magazine-diabetes\\\/?s={search_term_string}\"},\"query-input\":{\"@type\":\"PropertyValueSpecification\",\"valueRequired\":true,\"valueName\":\"search_term_string\"}}],\"inLanguage\":\"es\"},{\"@type\":\"Person\",\"@id\":\"https:\\\/\\\/www.solucionesparaladiabetes.com\\\/magazine-diabetes\\\/#\\\/schema\\\/person\\\/e2baa2823993aa90e52cca43e9244bbd\",\"name\":\"SuperAdmin\",\"image\":{\"@type\":\"ImageObject\",\"inLanguage\":\"es\",\"@id\":\"https:\\\/\\\/secure.gravatar.com\\\/avatar\\\/1d286116912ae259114012192d6e96a07e4a23d045b6f106f625587f72a3d349?s=96&d=mm&r=g\",\"url\":\"https:\\\/\\\/secure.gravatar.com\\\/avatar\\\/1d286116912ae259114012192d6e96a07e4a23d045b6f106f625587f72a3d349?s=96&d=mm&r=g\",\"contentUrl\":\"https:\\\/\\\/secure.gravatar.com\\\/avatar\\\/1d286116912ae259114012192d6e96a07e4a23d045b6f106f625587f72a3d349?s=96&d=mm&r=g\",\"caption\":\"SuperAdmin\"}}]}<\/script>\n<!-- \/ Yoast SEO plugin. -->","yoast_head_json":{"title":"Diabetes Experience Day 2023: celebrando la vida - iMagazine - Soluciones para la Diabetes","robots":{"index":"index","follow":"follow","max-snippet":"max-snippet:-1","max-image-preview":"max-image-preview:large","max-video-preview":"max-video-preview:-1"},"canonical":"https:\/\/www.solucionesparaladiabetes.com\/magazine-diabetes\/diabetes-experience-day-2023-celebrando-la-vida\/","og_locale":"es_ES","og_type":"article","og_title":"Diabetes Experience Day 2023: celebrando la vida - iMagazine - Soluciones para la Diabetes","og_description":"Empieza un nuevo a\u00f1o, y llega una nueva edici\u00f3n del Diabetes Experience Day, el evento dedicado a pacientes, familiares, asociaciones, y a todos los actores involucrados en el mundo de [&hellip;]","og_url":"https:\/\/www.solucionesparaladiabetes.com\/magazine-diabetes\/diabetes-experience-day-2023-celebrando-la-vida\/","og_site_name":"Soluciones para la Diabetes","article_published_time":"2023-01-30T13:09:20+00:00","og_image":[{"width":966,"height":602,"url":"http:\/\/www.solucionesparaladiabetes.com\/magazine-diabetes\/wp-content\/uploads\/ded-23.png","type":"image\/png"}],"author":"SuperAdmin","twitter_card":"summary_large_image","twitter_creator":"@soluciondiabete","twitter_site":"@soluciondiabete","twitter_misc":{"Escrito por":"SuperAdmin","Tiempo de lectura":"4 minutos"},"schema":{"@context":"https:\/\/schema.org","@graph":[{"@type":"Article","@id":"https:\/\/www.solucionesparaladiabetes.com\/magazine-diabetes\/diabetes-experience-day-2023-celebrando-la-vida\/#article","isPartOf":{"@id":"https:\/\/www.solucionesparaladiabetes.com\/magazine-diabetes\/diabetes-experience-day-2023-celebrando-la-vida\/"},"author":{"name":"SuperAdmin","@id":"https:\/\/www.solucionesparaladiabetes.com\/magazine-diabetes\/#\/schema\/person\/e2baa2823993aa90e52cca43e9244bbd"},"headline":"Diabetes Experience Day 2023: celebrando la vida","datePublished":"2023-01-30T13:09:20+00:00","mainEntityOfPage":{"@id":"https:\/\/www.solucionesparaladiabetes.com\/magazine-diabetes\/diabetes-experience-day-2023-celebrando-la-vida\/"},"wordCount":689,"commentCount":0,"image":{"@id":"https:\/\/www.solucionesparaladiabetes.com\/magazine-diabetes\/diabetes-experience-day-2023-celebrando-la-vida\/#primaryimage"},"thumbnailUrl":"https:\/\/www.solucionesparaladiabetes.com\/magazine-diabetes\/wp-content\/uploads\/ded-23.png","keywords":["Diabetes Experience Day"],"articleSection":["Actualidad"],"inLanguage":"es","potentialAction":[{"@type":"CommentAction","name":"Comment","target":["https:\/\/www.solucionesparaladiabetes.com\/magazine-diabetes\/diabetes-experience-day-2023-celebrando-la-vida\/#respond"]}]},{"@type":"WebPage","@id":"https:\/\/www.solucionesparaladiabetes.com\/magazine-diabetes\/diabetes-experience-day-2023-celebrando-la-vida\/","url":"https:\/\/www.solucionesparaladiabetes.com\/magazine-diabetes\/diabetes-experience-day-2023-celebrando-la-vida\/","name":"Diabetes Experience Day 2023: celebrando la vida - iMagazine - Soluciones para la Diabetes","isPartOf":{"@id":"https:\/\/www.solucionesparaladiabetes.com\/magazine-diabetes\/#website"},"primaryImageOfPage":{"@id":"https:\/\/www.solucionesparaladiabetes.com\/magazine-diabetes\/diabetes-experience-day-2023-celebrando-la-vida\/#primaryimage"},"image":{"@id":"https:\/\/www.solucionesparaladiabetes.com\/magazine-diabetes\/diabetes-experience-day-2023-celebrando-la-vida\/#primaryimage"},"thumbnailUrl":"https:\/\/www.solucionesparaladiabetes.com\/magazine-diabetes\/wp-content\/uploads\/ded-23.png","datePublished":"2023-01-30T13:09:20+00:00","author":{"@id":"https:\/\/www.solucionesparaladiabetes.com\/magazine-diabetes\/#\/schema\/person\/e2baa2823993aa90e52cca43e9244bbd"},"breadcrumb":{"@id":"https:\/\/www.solucionesparaladiabetes.com\/magazine-diabetes\/diabetes-experience-day-2023-celebrando-la-vida\/#breadcrumb"},"inLanguage":"es","potentialAction":[{"@type":"ReadAction","target":["https:\/\/www.solucionesparaladiabetes.com\/magazine-diabetes\/diabetes-experience-day-2023-celebrando-la-vida\/"]}]},{"@type":"ImageObject","inLanguage":"es","@id":"https:\/\/www.solucionesparaladiabetes.com\/magazine-diabetes\/diabetes-experience-day-2023-celebrando-la-vida\/#primaryimage","url":"https:\/\/www.solucionesparaladiabetes.com\/magazine-diabetes\/wp-content\/uploads\/ded-23.png","contentUrl":"https:\/\/www.solucionesparaladiabetes.com\/magazine-diabetes\/wp-content\/uploads\/ded-23.png","width":966,"height":602,"caption":"Diabetes Experience Day 2023"},{"@type":"BreadcrumbList","@id":"https:\/\/www.solucionesparaladiabetes.com\/magazine-diabetes\/diabetes-experience-day-2023-celebrando-la-vida\/#breadcrumb","itemListElement":[{"@type":"ListItem","position":1,"name":"Portada","item":"https:\/\/www.solucionesparaladiabetes.com\/magazine-diabetes\/"},{"@type":"ListItem","position":2,"name":"Diabetes Experience Day 2023: celebrando la vida"}]},{"@type":"WebSite","@id":"https:\/\/www.solucionesparaladiabetes.com\/magazine-diabetes\/#website","url":"https:\/\/www.solucionesparaladiabetes.com\/magazine-diabetes\/","name":"Soluciones para la Diabetes","description":"iMagazine","potentialAction":[{"@type":"SearchAction","target":{"@type":"EntryPoint","urlTemplate":"https:\/\/www.solucionesparaladiabetes.com\/magazine-diabetes\/?s={search_term_string}"},"query-input":{"@type":"PropertyValueSpecification","valueRequired":true,"valueName":"search_term_string"}}],"inLanguage":"es"},{"@type":"Person","@id":"https:\/\/www.solucionesparaladiabetes.com\/magazine-diabetes\/#\/schema\/person\/e2baa2823993aa90e52cca43e9244bbd","name":"SuperAdmin","image":{"@type":"ImageObject","inLanguage":"es","@id":"https:\/\/secure.gravatar.com\/avatar\/1d286116912ae259114012192d6e96a07e4a23d045b6f106f625587f72a3d349?s=96&d=mm&r=g","url":"https:\/\/secure.gravatar.com\/avatar\/1d286116912ae259114012192d6e96a07e4a23d045b6f106f625587f72a3d349?s=96&d=mm&r=g","contentUrl":"https:\/\/secure.gravatar.com\/avatar\/1d286116912ae259114012192d6e96a07e4a23d045b6f106f625587f72a3d349?s=96&d=mm&r=g","caption":"SuperAdmin"}}]}},"_links":{"self":[{"href":"https:\/\/www.solucionesparaladiabetes.com\/magazine-diabetes\/wp-json\/wp\/v2\/posts\/11842","targetHints":{"allow":["GET"]}}],"collection":[{"href":"https:\/\/www.solucionesparaladiabetes.com\/magazine-diabetes\/wp-json\/wp\/v2\/posts"}],"about":[{"href":"https:\/\/www.solucionesparaladiabetes.com\/magazine-diabetes\/wp-json\/wp\/v2\/types\/post"}],"author":[{"embeddable":true,"href":"https:\/\/www.solucionesparaladiabetes.com\/magazine-diabetes\/wp-json\/wp\/v2\/users\/17"}],"replies":[{"embeddable":true,"href":"https:\/\/www.solucionesparaladiabetes.com\/magazine-diabetes\/wp-json\/wp\/v2\/comments?post=11842"}],"version-history":[{"count":3,"href":"https:\/\/www.solucionesparaladiabetes.com\/magazine-diabetes\/wp-json\/wp\/v2\/posts\/11842\/revisions"}],"predecessor-version":[{"id":11847,"href":"https:\/\/www.solucionesparaladiabetes.com\/magazine-diabetes\/wp-json\/wp\/v2\/posts\/11842\/revisions\/11847"}],"wp:featuredmedia":[{"embeddable":true,"href":"https:\/\/www.solucionesparaladiabetes.com\/magazine-diabetes\/wp-json\/wp\/v2\/media\/11843"}],"wp:attachment":[{"href":"https:\/\/www.solucionesparaladiabetes.com\/magazine-diabetes\/wp-json\/wp\/v2\/media?parent=11842"}],"wp:term":[{"taxonomy":"category","embeddable":true,"href":"https:\/\/www.solucionesparaladiabetes.com\/magazine-diabetes\/wp-json\/wp\/v2\/categories?post=11842"},{"taxonomy":"post_tag","embeddable":true,"href":"https:\/\/www.solucionesparaladiabetes.com\/magazine-diabetes\/wp-json\/wp\/v2\/tags?post=11842"}],"curies":[{"name":"wp","href":"https:\/\/api.w.org\/{rel}","templated":true}]}}