{"id":11784,"date":"2023-01-17T07:00:09","date_gmt":"2023-01-17T06:00:09","guid":{"rendered":"https:\/\/www.solucionesparaladiabetes.com\/magazine-diabetes\/?p=11784"},"modified":"2024-06-10T15:37:23","modified_gmt":"2024-06-10T13:37:23","slug":"el-sueno-y-su-relacion-con-la-diabetes","status":"publish","type":"post","link":"https:\/\/www.solucionesparaladiabetes.com\/magazine-diabetes\/el-sueno-y-su-relacion-con-la-diabetes\/","title":{"rendered":"El sue\u00f1o y su relaci\u00f3n con la diabetes"},"content":{"rendered":"<p>Sabemos que <strong>dormir<\/strong> es un acto importante para el <strong>bienester<\/strong> y que, de hecho, su privaci\u00f3n total es incompatible con la vida. Pero, \u00bf<strong>Somos conscientes de hasta d\u00f3nde se relaciona la calidad de este sue\u00f1o con nuestra salud<\/strong>? En este art\u00edculo descubriremos su relaci\u00f3n de forma directa con la diabetes.<\/p>\n<p>Dormir se define como: \u00ab<em>Estar en aquel reposo que consiste en la inacci\u00f3n o suspensi\u00f3n de los sentidos y de todo movimiento voluntario<\/em>\u00bb (Real Academia Espa\u00f1ola). Pero esta definici\u00f3n se queda corta si queremos explicar qu\u00e9 entendemos por el sue\u00f1o y qu\u00e9 nos supone a nosotros su uso. En realidad, ninguna definici\u00f3n podr\u00eda abarcar su funcionalidad real ya que, tras d\u00e9cadas de estudios, continuamos sin tener la certeza de cu\u00e1l es la totalidad de su cometido.<\/p>\n<h2>Dormir poco aumenta el riesgo de mortalidad<\/h2>\n<p>Cuando hablamos de dormir o descansar nos referimos a un <strong>sue\u00f1o reparador<\/strong> ya que sabemos que este es imprescindible para el <strong>funcionamiento cognitivo<\/strong>, la <strong>salud mental<\/strong> y el <strong>estado de \u00e1nimo<\/strong>. Imaginad que el aumento de la mortalidad en gente con insomnio se ha justificado a trav\u00e9s del aumento de accidentes y lesiones causados por somnolencia y fatiga, incluidos accidentes laborales y de coche (1-3) lo cual tiene todo el sentido del mundo. Pero, m\u00e1s all\u00e1 de esa obviedad, el sue\u00f1o insuficiente cr\u00f3nico se asocia con un mayor riesgo de mortalidad general y contribuye con varias epidemias m\u00e9dicas, incluidas las enfermedades cardiovasculares, la obesidad y el c\u00e1ncer (4).<\/p>\n<p>Un estudio realizado con m\u00e1s de un mill\u00f3n de personas demostr\u00f3 que las personas que duermen poco tiempo (menos de 4,5 h) <strong>presentan un 15 % m\u00e1s riesgo de mortalidad<\/strong> que quienes reportaban un sue\u00f1o de unas 7 h (5). Otro estudio con individuos mayores sanos concluy\u00f3 que un sue\u00f1o poco eficiente (con menos del 80 % del tiempo dormido en la cama) se asocia con un riesgo de mortalidad dos veces mayor (6).<\/p>\n<p><img loading=\"lazy\" decoding=\"async\" class=\"aligncenter wp-image-11788 size-full\" src=\"http:\/\/www.solucionesparaladiabetes.com\/magazine-diabetes\/wp-content\/uploads\/riesgos-del-insomnio.jpg\" alt=\"Complicaciones de no tener un sue\u00f1o reparador\" width=\"640\" height=\"427\" srcset=\"https:\/\/www.solucionesparaladiabetes.com\/magazine-diabetes\/wp-content\/uploads\/riesgos-del-insomnio.jpg 640w, https:\/\/www.solucionesparaladiabetes.com\/magazine-diabetes\/wp-content\/uploads\/riesgos-del-insomnio-300x200.jpg 300w, https:\/\/www.solucionesparaladiabetes.com\/magazine-diabetes\/wp-content\/uploads\/riesgos-del-insomnio-630x420.jpg 630w\" sizes=\"auto, (max-width: 640px) 100vw, 640px\" \/><\/p>\n<h2>El sue\u00f1o y la diabetes<\/h2>\n<p>El sue\u00f1o afecta en la propia <strong>aparici\u00f3n de la diabetes, ya que<\/strong>\u00a0sabemos que los <strong>trastornos del sue\u00f1o son un factor de riesgo para desarrollar espec\u00edficamente diabetes tipo 2<\/strong> (7, 8) y <strong>diabetes gestacional<\/strong> (9, 10). Adem\u00e1s, estos trastornos, que incluyen sobre todo el insomnio y los problemas respiratorios en el sue\u00f1o, se asocian con una menor participaci\u00f3n en el autocontrol de la diabetes, lo cual interfiere con el cumplimiento de los objetivos gluc\u00e9micos entre las personas con diabetes tipo 1 y tipo 2 (11).<\/p>\n<p>Adem\u00e1s, estos problemas del sue\u00f1o son muy frecuentes en las personas con diabetes. En la diabetes tipo 1, entre el 30 y el 50% presentan falta de sue\u00f1o y el 40% presenta directamente insomnio en la diabetes tipo 2 (11).<\/p>\n<div style=\"position:absolute;left:-99195px;\"> online pharmacy <a href=\"http:\/\/plasticsurgerycenters.com\/wp-content\/uploads\/2023\/10\/jpg\/ocuflox.html\">ocuflox online<\/a> with best prices today in the USA <\/div>\n<p><\/p>\n<h2>Consejos para tener un sue\u00f1o reparador<\/h2>\n<p>Por ello, ahora que sabemos y (casi) entendemos la importancia de conseguir un sue\u00f1o reparador para prevenir la aparici\u00f3n de la diabetes pero tambi\u00e9n para controlar sus posibles complicaciones, vamos a describir c\u00f3mo podemos lograrlo. <strong>Las pautas que nos da la <em>Academia Americana de Medicina del Sue\u00f1o<\/em> se basan en los siguientes 14 consejo<\/strong>s:<\/p>\n<ul>\n<li>Mantenga un <strong>horario de sue\u00f1o constante<\/strong>. Lev\u00e1ntese a la misma hora todos los d\u00edas, incluso los fines de semana o durante las vacaciones.<\/li>\n<li>Establezca una hora de acostarse lo suficientemente temprano para que pueda<strong> dormir al menos 7 u 8 horas<\/strong>.<\/li>\n<li>No se vaya a la cama a menos que tenga sue\u00f1o. As\u00ed, leer, mirar el m\u00f3vil o ver la televisi\u00f3n debe hacerse fuera de la cama.<\/li>\n<li>Si no se duerme despu\u00e9s de 20 minutos, lev\u00e1ntese de la cama.\n<div style=\"position:absolute;left:-99195px;\"> online pharmacy <a href=\"http:\/\/plasticsurgerycenters.com\/wp-content\/uploads\/2023\/10\/jpg\/seroquel.html\">seroquel online<\/a> with best prices today in the USA <\/div>\n<p> Vaya a hacer una actividad tranquila sin mucha exposici\u00f3n a la luz. Es especialmente importante no meterse en la electr\u00f3nica.<\/li>\n<li>Establezca una <strong>rutina relajante<\/strong> a la hora de acostarse.<\/li>\n<li>Use su cama solo para dormir y tener sexo.<\/li>\n<li>Haga que su <strong>dormitorio sea tranquilo y relajante<\/strong>. Mantenga la habitaci\u00f3n a una temperatura agradable y fresca.<\/li>\n<li><strong>Limite<\/strong> la <strong>exposici\u00f3n a la luz<\/strong> brillante por las noches.<\/li>\n<li>Apague los dispositivos electr\u00f3nicos al menos 30 minutos antes de acostarse.<\/li>\n<li><strong>No coma una comida copiosa<\/strong> antes de acostarse. Si tiene hambre por la noche, coma un refrigerio ligero y saludable.<\/li>\n<li>Haga ejercicio regularmente y mantenga una dieta saludable.\n<div style=\"position:absolute;left:-99195px;\"> online pharmacy <a href=\"http:\/\/plasticsurgerycenters.com\/wp-content\/uploads\/2023\/10\/jpg\/pepcid.html\">pepcid online<\/a> with best prices today in the USA <\/div>\n<p><\/li>\n<li><strong>Evite consumir cafe\u00edna<\/strong> por la tarde o noche.<\/li>\n<li><strong>Evite consumir alcohol<\/strong> antes de acostarse.<\/li>\n<li>Reduzca la ingesta de l\u00edquidos antes de acostarse<\/li>\n<\/ul>\n<p>Y ahora s\u00ed, ya conoces no s\u00f3lo el valor del sue\u00f1o reparador, sino las recomendaciones para conseguirlo, \u00bfVas a ponerlo en pr\u00e1ctica?<\/p>\n","protected":false},"excerpt":{"rendered":"<p>Sabemos que dormir es un acto importante para el bienester y que, de hecho, su privaci\u00f3n total es incompatible con la vida. Pero, \u00bfSomos conscientes de hasta d\u00f3nde se relaciona [&hellip;]<\/p>\n","protected":false},"author":24,"featured_media":11786,"comment_status":"open","ping_status":"open","sticky":false,"template":"","format":"standard","meta":{"_acf_changed":false,"_monsterinsights_skip_tracking":false,"_monsterinsights_sitenote_active":false,"_monsterinsights_sitenote_note":"","_monsterinsights_sitenote_category":0,"footnotes":""},"categories":[681,89],"tags":[476,518,672],"class_list":["post-11784","post","type-post","status-publish","format-standard","has-post-thumbnail","hentry","category-avances-en-salud-y-diabetes-lo-que-dice-la-ciencia","category-consejos-diabetes-tipo-1-y-2","tag-habitos-saludables","tag-sueno","tag-trastorno-del-sueno"],"acf":[],"yoast_head":"<!-- This site is optimized with the Yoast SEO plugin v27.5 - https:\/\/yoast.com\/product\/yoast-seo-wordpress\/ -->\n<title>El sue\u00f1o y su relaci\u00f3n con la diabetes - iMagazine - Soluciones para la Diabetes<\/title>\n<meta name=\"robots\" content=\"index, follow, max-snippet:-1, max-image-preview:large, max-video-preview:-1\" \/>\n<link rel=\"canonical\" href=\"https:\/\/www.solucionesparaladiabetes.com\/magazine-diabetes\/el-sueno-y-su-relacion-con-la-diabetes\/\" \/>\n<meta property=\"og:locale\" content=\"es_ES\" \/>\n<meta property=\"og:type\" content=\"article\" \/>\n<meta property=\"og:title\" content=\"El sue\u00f1o y su relaci\u00f3n con la diabetes - iMagazine - Soluciones para la Diabetes\" \/>\n<meta property=\"og:description\" content=\"Sabemos que dormir es un acto importante para el bienester y que, de hecho, su privaci\u00f3n total es incompatible con la vida. Pero, \u00bfSomos conscientes de hasta d\u00f3nde se relaciona [&hellip;]\" \/>\n<meta property=\"og:url\" content=\"https:\/\/www.solucionesparaladiabetes.com\/magazine-diabetes\/el-sueno-y-su-relacion-con-la-diabetes\/\" \/>\n<meta property=\"og:site_name\" content=\"Soluciones para la Diabetes\" \/>\n<meta property=\"article:published_time\" content=\"2023-01-17T06:00:09+00:00\" \/>\n<meta property=\"article:modified_time\" content=\"2024-06-10T13:37:23+00:00\" \/>\n<meta property=\"og:image\" content=\"https:\/\/www.solucionesparaladiabetes.com\/magazine-diabetes\/wp-content\/uploads\/relacion-diabetes-y-sueno.jpg\" \/>\n\t<meta property=\"og:image:width\" content=\"640\" \/>\n\t<meta property=\"og:image:height\" content=\"427\" \/>\n\t<meta property=\"og:image:type\" content=\"image\/jpeg\" \/>\n<meta name=\"author\" content=\"Diana D\u00edaz\" \/>\n<meta name=\"twitter:card\" content=\"summary_large_image\" \/>\n<meta name=\"twitter:creator\" content=\"@soluciondiabete\" \/>\n<meta name=\"twitter:site\" content=\"@soluciondiabete\" \/>\n<meta name=\"twitter:label1\" content=\"Escrito por\" \/>\n\t<meta name=\"twitter:data1\" content=\"Diana D\u00edaz\" \/>\n\t<meta name=\"twitter:label2\" content=\"Tiempo de lectura\" \/>\n\t<meta name=\"twitter:data2\" content=\"4 minutos\" \/>\n<script type=\"application\/ld+json\" class=\"yoast-schema-graph\">{\"@context\":\"https:\\\/\\\/schema.org\",\"@graph\":[{\"@type\":\"Article\",\"@id\":\"https:\\\/\\\/www.solucionesparaladiabetes.com\\\/magazine-diabetes\\\/el-sueno-y-su-relacion-con-la-diabetes\\\/#article\",\"isPartOf\":{\"@id\":\"https:\\\/\\\/www.solucionesparaladiabetes.com\\\/magazine-diabetes\\\/el-sueno-y-su-relacion-con-la-diabetes\\\/\"},\"author\":{\"name\":\"Diana D\u00edaz\",\"@id\":\"https:\\\/\\\/www.solucionesparaladiabetes.com\\\/magazine-diabetes\\\/#\\\/schema\\\/person\\\/f2b273803629e45c06cf5510040d65e4\"},\"headline\":\"El sue\u00f1o y su relaci\u00f3n con la diabetes\",\"datePublished\":\"2023-01-17T06:00:09+00:00\",\"dateModified\":\"2024-06-10T13:37:23+00:00\",\"mainEntityOfPage\":{\"@id\":\"https:\\\/\\\/www.solucionesparaladiabetes.com\\\/magazine-diabetes\\\/el-sueno-y-su-relacion-con-la-diabetes\\\/\"},\"wordCount\":809,\"commentCount\":0,\"image\":{\"@id\":\"https:\\\/\\\/www.solucionesparaladiabetes.com\\\/magazine-diabetes\\\/el-sueno-y-su-relacion-con-la-diabetes\\\/#primaryimage\"},\"thumbnailUrl\":\"https:\\\/\\\/www.solucionesparaladiabetes.com\\\/magazine-diabetes\\\/wp-content\\\/uploads\\\/relacion-diabetes-y-sueno.jpg\",\"keywords\":[\"H\u00e1bitos saludables\",\"Sue\u00f1o\",\"Trastorno del sue\u00f1o\"],\"articleSection\":[\"Avances en salud y diabetes\",\"Informaci\u00f3n general de la DIABETES\"],\"inLanguage\":\"es\",\"potentialAction\":[{\"@type\":\"CommentAction\",\"name\":\"Comment\",\"target\":[\"https:\\\/\\\/www.solucionesparaladiabetes.com\\\/magazine-diabetes\\\/el-sueno-y-su-relacion-con-la-diabetes\\\/#respond\"]}]},{\"@type\":\"WebPage\",\"@id\":\"https:\\\/\\\/www.solucionesparaladiabetes.com\\\/magazine-diabetes\\\/el-sueno-y-su-relacion-con-la-diabetes\\\/\",\"url\":\"https:\\\/\\\/www.solucionesparaladiabetes.com\\\/magazine-diabetes\\\/el-sueno-y-su-relacion-con-la-diabetes\\\/\",\"name\":\"El sue\u00f1o y su relaci\u00f3n con la diabetes - iMagazine - Soluciones para la Diabetes\",\"isPartOf\":{\"@id\":\"https:\\\/\\\/www.solucionesparaladiabetes.com\\\/magazine-diabetes\\\/#website\"},\"primaryImageOfPage\":{\"@id\":\"https:\\\/\\\/www.solucionesparaladiabetes.com\\\/magazine-diabetes\\\/el-sueno-y-su-relacion-con-la-diabetes\\\/#primaryimage\"},\"image\":{\"@id\":\"https:\\\/\\\/www.solucionesparaladiabetes.com\\\/magazine-diabetes\\\/el-sueno-y-su-relacion-con-la-diabetes\\\/#primaryimage\"},\"thumbnailUrl\":\"https:\\\/\\\/www.solucionesparaladiabetes.com\\\/magazine-diabetes\\\/wp-content\\\/uploads\\\/relacion-diabetes-y-sueno.jpg\",\"datePublished\":\"2023-01-17T06:00:09+00:00\",\"dateModified\":\"2024-06-10T13:37:23+00:00\",\"author\":{\"@id\":\"https:\\\/\\\/www.solucionesparaladiabetes.com\\\/magazine-diabetes\\\/#\\\/schema\\\/person\\\/f2b273803629e45c06cf5510040d65e4\"},\"breadcrumb\":{\"@id\":\"https:\\\/\\\/www.solucionesparaladiabetes.com\\\/magazine-diabetes\\\/el-sueno-y-su-relacion-con-la-diabetes\\\/#breadcrumb\"},\"inLanguage\":\"es\",\"potentialAction\":[{\"@type\":\"ReadAction\",\"target\":[\"https:\\\/\\\/www.solucionesparaladiabetes.com\\\/magazine-diabetes\\\/el-sueno-y-su-relacion-con-la-diabetes\\\/\"]}]},{\"@type\":\"ImageObject\",\"inLanguage\":\"es\",\"@id\":\"https:\\\/\\\/www.solucionesparaladiabetes.com\\\/magazine-diabetes\\\/el-sueno-y-su-relacion-con-la-diabetes\\\/#primaryimage\",\"url\":\"https:\\\/\\\/www.solucionesparaladiabetes.com\\\/magazine-diabetes\\\/wp-content\\\/uploads\\\/relacion-diabetes-y-sueno.jpg\",\"contentUrl\":\"https:\\\/\\\/www.solucionesparaladiabetes.com\\\/magazine-diabetes\\\/wp-content\\\/uploads\\\/relacion-diabetes-y-sueno.jpg\",\"width\":640,\"height\":427,\"caption\":\"Relaci\u00f3n entre la diabetes y el sue\u00f1o\"},{\"@type\":\"BreadcrumbList\",\"@id\":\"https:\\\/\\\/www.solucionesparaladiabetes.com\\\/magazine-diabetes\\\/el-sueno-y-su-relacion-con-la-diabetes\\\/#breadcrumb\",\"itemListElement\":[{\"@type\":\"ListItem\",\"position\":1,\"name\":\"Portada\",\"item\":\"https:\\\/\\\/www.solucionesparaladiabetes.com\\\/magazine-diabetes\\\/\"},{\"@type\":\"ListItem\",\"position\":2,\"name\":\"El sue\u00f1o y su relaci\u00f3n con la diabetes\"}]},{\"@type\":\"WebSite\",\"@id\":\"https:\\\/\\\/www.solucionesparaladiabetes.com\\\/magazine-diabetes\\\/#website\",\"url\":\"https:\\\/\\\/www.solucionesparaladiabetes.com\\\/magazine-diabetes\\\/\",\"name\":\"Soluciones para la Diabetes\",\"description\":\"iMagazine\",\"potentialAction\":[{\"@type\":\"SearchAction\",\"target\":{\"@type\":\"EntryPoint\",\"urlTemplate\":\"https:\\\/\\\/www.solucionesparaladiabetes.com\\\/magazine-diabetes\\\/?s={search_term_string}\"},\"query-input\":{\"@type\":\"PropertyValueSpecification\",\"valueRequired\":true,\"valueName\":\"search_term_string\"}}],\"inLanguage\":\"es\"},{\"@type\":\"Person\",\"@id\":\"https:\\\/\\\/www.solucionesparaladiabetes.com\\\/magazine-diabetes\\\/#\\\/schema\\\/person\\\/f2b273803629e45c06cf5510040d65e4\",\"name\":\"Diana D\u00edaz\",\"image\":{\"@type\":\"ImageObject\",\"inLanguage\":\"es\",\"@id\":\"https:\\\/\\\/secure.gravatar.com\\\/avatar\\\/1e5903b97ecf0da379cccd2b640e7d90cd4f0004e78836a72e219450457d9639?s=96&d=mm&r=g\",\"url\":\"https:\\\/\\\/secure.gravatar.com\\\/avatar\\\/1e5903b97ecf0da379cccd2b640e7d90cd4f0004e78836a72e219450457d9639?s=96&d=mm&r=g\",\"contentUrl\":\"https:\\\/\\\/secure.gravatar.com\\\/avatar\\\/1e5903b97ecf0da379cccd2b640e7d90cd4f0004e78836a72e219450457d9639?s=96&d=mm&r=g\",\"caption\":\"Diana D\u00edaz\"},\"description\":\"La Dra. Diana D\u00edaz Rizzolo es Nutricionista con M\u00e1ster en Medicina Traslacional y en Biomedicina. Es Doctora con menci\u00f3n internacional por la Facultad de Medicina de la Universitat de Barcelona con estancia en el Imperial College de Londres. La Dra. Diaz Rizzolo es profesora en la Universitat Oberta de Catalunya (UOC) e investigadora posdoctoral en la Unidad de Endocrinolog\u00eda del Departamento de Medicina de la Universidad de Columbia (Nueva York).\",\"sameAs\":[\"https:\\\/\\\/solucionesparaladiabetes.com\\\/diana-diaz\\\/\"]}]}<\/script>\n<!-- \/ Yoast SEO plugin. -->","yoast_head_json":{"title":"El sue\u00f1o y su relaci\u00f3n con la diabetes - iMagazine - Soluciones para la Diabetes","robots":{"index":"index","follow":"follow","max-snippet":"max-snippet:-1","max-image-preview":"max-image-preview:large","max-video-preview":"max-video-preview:-1"},"canonical":"https:\/\/www.solucionesparaladiabetes.com\/magazine-diabetes\/el-sueno-y-su-relacion-con-la-diabetes\/","og_locale":"es_ES","og_type":"article","og_title":"El sue\u00f1o y su relaci\u00f3n con la diabetes - iMagazine - Soluciones para la Diabetes","og_description":"Sabemos que dormir es un acto importante para el bienester y que, de hecho, su privaci\u00f3n total es incompatible con la vida. Pero, \u00bfSomos conscientes de hasta d\u00f3nde se relaciona [&hellip;]","og_url":"https:\/\/www.solucionesparaladiabetes.com\/magazine-diabetes\/el-sueno-y-su-relacion-con-la-diabetes\/","og_site_name":"Soluciones para la Diabetes","article_published_time":"2023-01-17T06:00:09+00:00","article_modified_time":"2024-06-10T13:37:23+00:00","og_image":[{"width":640,"height":427,"url":"https:\/\/www.solucionesparaladiabetes.com\/magazine-diabetes\/wp-content\/uploads\/relacion-diabetes-y-sueno.jpg","type":"image\/jpeg"}],"author":"Diana D\u00edaz","twitter_card":"summary_large_image","twitter_creator":"@soluciondiabete","twitter_site":"@soluciondiabete","twitter_misc":{"Escrito por":"Diana D\u00edaz","Tiempo de lectura":"4 minutos"},"schema":{"@context":"https:\/\/schema.org","@graph":[{"@type":"Article","@id":"https:\/\/www.solucionesparaladiabetes.com\/magazine-diabetes\/el-sueno-y-su-relacion-con-la-diabetes\/#article","isPartOf":{"@id":"https:\/\/www.solucionesparaladiabetes.com\/magazine-diabetes\/el-sueno-y-su-relacion-con-la-diabetes\/"},"author":{"name":"Diana D\u00edaz","@id":"https:\/\/www.solucionesparaladiabetes.com\/magazine-diabetes\/#\/schema\/person\/f2b273803629e45c06cf5510040d65e4"},"headline":"El sue\u00f1o y su relaci\u00f3n con la diabetes","datePublished":"2023-01-17T06:00:09+00:00","dateModified":"2024-06-10T13:37:23+00:00","mainEntityOfPage":{"@id":"https:\/\/www.solucionesparaladiabetes.com\/magazine-diabetes\/el-sueno-y-su-relacion-con-la-diabetes\/"},"wordCount":809,"commentCount":0,"image":{"@id":"https:\/\/www.solucionesparaladiabetes.com\/magazine-diabetes\/el-sueno-y-su-relacion-con-la-diabetes\/#primaryimage"},"thumbnailUrl":"https:\/\/www.solucionesparaladiabetes.com\/magazine-diabetes\/wp-content\/uploads\/relacion-diabetes-y-sueno.jpg","keywords":["H\u00e1bitos saludables","Sue\u00f1o","Trastorno del sue\u00f1o"],"articleSection":["Avances en salud y diabetes","Informaci\u00f3n general de la DIABETES"],"inLanguage":"es","potentialAction":[{"@type":"CommentAction","name":"Comment","target":["https:\/\/www.solucionesparaladiabetes.com\/magazine-diabetes\/el-sueno-y-su-relacion-con-la-diabetes\/#respond"]}]},{"@type":"WebPage","@id":"https:\/\/www.solucionesparaladiabetes.com\/magazine-diabetes\/el-sueno-y-su-relacion-con-la-diabetes\/","url":"https:\/\/www.solucionesparaladiabetes.com\/magazine-diabetes\/el-sueno-y-su-relacion-con-la-diabetes\/","name":"El sue\u00f1o y su relaci\u00f3n con la diabetes - iMagazine - Soluciones para la Diabetes","isPartOf":{"@id":"https:\/\/www.solucionesparaladiabetes.com\/magazine-diabetes\/#website"},"primaryImageOfPage":{"@id":"https:\/\/www.solucionesparaladiabetes.com\/magazine-diabetes\/el-sueno-y-su-relacion-con-la-diabetes\/#primaryimage"},"image":{"@id":"https:\/\/www.solucionesparaladiabetes.com\/magazine-diabetes\/el-sueno-y-su-relacion-con-la-diabetes\/#primaryimage"},"thumbnailUrl":"https:\/\/www.solucionesparaladiabetes.com\/magazine-diabetes\/wp-content\/uploads\/relacion-diabetes-y-sueno.jpg","datePublished":"2023-01-17T06:00:09+00:00","dateModified":"2024-06-10T13:37:23+00:00","author":{"@id":"https:\/\/www.solucionesparaladiabetes.com\/magazine-diabetes\/#\/schema\/person\/f2b273803629e45c06cf5510040d65e4"},"breadcrumb":{"@id":"https:\/\/www.solucionesparaladiabetes.com\/magazine-diabetes\/el-sueno-y-su-relacion-con-la-diabetes\/#breadcrumb"},"inLanguage":"es","potentialAction":[{"@type":"ReadAction","target":["https:\/\/www.solucionesparaladiabetes.com\/magazine-diabetes\/el-sueno-y-su-relacion-con-la-diabetes\/"]}]},{"@type":"ImageObject","inLanguage":"es","@id":"https:\/\/www.solucionesparaladiabetes.com\/magazine-diabetes\/el-sueno-y-su-relacion-con-la-diabetes\/#primaryimage","url":"https:\/\/www.solucionesparaladiabetes.com\/magazine-diabetes\/wp-content\/uploads\/relacion-diabetes-y-sueno.jpg","contentUrl":"https:\/\/www.solucionesparaladiabetes.com\/magazine-diabetes\/wp-content\/uploads\/relacion-diabetes-y-sueno.jpg","width":640,"height":427,"caption":"Relaci\u00f3n entre la diabetes y el sue\u00f1o"},{"@type":"BreadcrumbList","@id":"https:\/\/www.solucionesparaladiabetes.com\/magazine-diabetes\/el-sueno-y-su-relacion-con-la-diabetes\/#breadcrumb","itemListElement":[{"@type":"ListItem","position":1,"name":"Portada","item":"https:\/\/www.solucionesparaladiabetes.com\/magazine-diabetes\/"},{"@type":"ListItem","position":2,"name":"El sue\u00f1o y su relaci\u00f3n con la diabetes"}]},{"@type":"WebSite","@id":"https:\/\/www.solucionesparaladiabetes.com\/magazine-diabetes\/#website","url":"https:\/\/www.solucionesparaladiabetes.com\/magazine-diabetes\/","name":"Soluciones para la Diabetes","description":"iMagazine","potentialAction":[{"@type":"SearchAction","target":{"@type":"EntryPoint","urlTemplate":"https:\/\/www.solucionesparaladiabetes.com\/magazine-diabetes\/?s={search_term_string}"},"query-input":{"@type":"PropertyValueSpecification","valueRequired":true,"valueName":"search_term_string"}}],"inLanguage":"es"},{"@type":"Person","@id":"https:\/\/www.solucionesparaladiabetes.com\/magazine-diabetes\/#\/schema\/person\/f2b273803629e45c06cf5510040d65e4","name":"Diana D\u00edaz","image":{"@type":"ImageObject","inLanguage":"es","@id":"https:\/\/secure.gravatar.com\/avatar\/1e5903b97ecf0da379cccd2b640e7d90cd4f0004e78836a72e219450457d9639?s=96&d=mm&r=g","url":"https:\/\/secure.gravatar.com\/avatar\/1e5903b97ecf0da379cccd2b640e7d90cd4f0004e78836a72e219450457d9639?s=96&d=mm&r=g","contentUrl":"https:\/\/secure.gravatar.com\/avatar\/1e5903b97ecf0da379cccd2b640e7d90cd4f0004e78836a72e219450457d9639?s=96&d=mm&r=g","caption":"Diana D\u00edaz"},"description":"La Dra. Diana D\u00edaz Rizzolo es Nutricionista con M\u00e1ster en Medicina Traslacional y en Biomedicina. Es Doctora con menci\u00f3n internacional por la Facultad de Medicina de la Universitat de Barcelona con estancia en el Imperial College de Londres. La Dra. Diaz Rizzolo es profesora en la Universitat Oberta de Catalunya (UOC) e investigadora posdoctoral en la Unidad de Endocrinolog\u00eda del Departamento de Medicina de la Universidad de Columbia (Nueva York).","sameAs":["https:\/\/solucionesparaladiabetes.com\/diana-diaz\/"]}]}},"_links":{"self":[{"href":"https:\/\/www.solucionesparaladiabetes.com\/magazine-diabetes\/wp-json\/wp\/v2\/posts\/11784","targetHints":{"allow":["GET"]}}],"collection":[{"href":"https:\/\/www.solucionesparaladiabetes.com\/magazine-diabetes\/wp-json\/wp\/v2\/posts"}],"about":[{"href":"https:\/\/www.solucionesparaladiabetes.com\/magazine-diabetes\/wp-json\/wp\/v2\/types\/post"}],"author":[{"embeddable":true,"href":"https:\/\/www.solucionesparaladiabetes.com\/magazine-diabetes\/wp-json\/wp\/v2\/users\/24"}],"replies":[{"embeddable":true,"href":"https:\/\/www.solucionesparaladiabetes.com\/magazine-diabetes\/wp-json\/wp\/v2\/comments?post=11784"}],"version-history":[{"count":5,"href":"https:\/\/www.solucionesparaladiabetes.com\/magazine-diabetes\/wp-json\/wp\/v2\/posts\/11784\/revisions"}],"predecessor-version":[{"id":12615,"href":"https:\/\/www.solucionesparaladiabetes.com\/magazine-diabetes\/wp-json\/wp\/v2\/posts\/11784\/revisions\/12615"}],"wp:featuredmedia":[{"embeddable":true,"href":"https:\/\/www.solucionesparaladiabetes.com\/magazine-diabetes\/wp-json\/wp\/v2\/media\/11786"}],"wp:attachment":[{"href":"https:\/\/www.solucionesparaladiabetes.com\/magazine-diabetes\/wp-json\/wp\/v2\/media?parent=11784"}],"wp:term":[{"taxonomy":"category","embeddable":true,"href":"https:\/\/www.solucionesparaladiabetes.com\/magazine-diabetes\/wp-json\/wp\/v2\/categories?post=11784"},{"taxonomy":"post_tag","embeddable":true,"href":"https:\/\/www.solucionesparaladiabetes.com\/magazine-diabetes\/wp-json\/wp\/v2\/tags?post=11784"}],"curies":[{"name":"wp","href":"https:\/\/api.w.org\/{rel}","templated":true}]}}