{"id":11322,"date":"2022-05-19T08:00:28","date_gmt":"2022-05-19T06:00:28","guid":{"rendered":"https:\/\/www.solucionesparaladiabetes.com\/magazine-diabetes\/?p=11322"},"modified":"2022-05-16T12:47:51","modified_gmt":"2022-05-16T10:47:51","slug":"cuscus-con-albaricoque-y-verduras","status":"publish","type":"post","link":"https:\/\/www.solucionesparaladiabetes.com\/magazine-diabetes\/cuscus-con-albaricoque-y-verduras\/","title":{"rendered":"Cusc\u00fas con albaricoque y verduras"},"content":{"rendered":"<p>El\u00a0cusc\u00fas es un alimento a base de s\u00e9mola de trigo. Es<strong> tradicional de la zona del Magreb<\/strong>, donde es preparado habitualmente acompa\u00f1ado de carne de cordero o pollo, aunque existen tantas variaciones como podamos imaginar. En nuestra receta de hoy, preparamos un rico cusc\u00fas vegetariano que, combinado con los garbanzos, hacen que la receta resulte de lo m\u00e1s completa. Adem\u00e1s, el toque arom\u00e1tico de la menta lo convierte en un entrante ideal para esta \u00e9poca del a\u00f1o.<\/p>\n<div class=\"easyrecipe\" data-rating=\"0\"> \t<link itemprop=\"image\" href=\"http:\/\/www.solucionesparaladiabetes.com\/magazine-diabetes\/wp-content\/uploads\/Cuscus.jpg\" \/>\n<div class=\"item ERName\">Cusc\u00fas con albaricoque y verduras<\/div>\n<div class=\"ERClear\"><\/div>\n<div class=\"ERHead\"><span class=\"xlate\">Recipe Type<\/span>: <span class=\"type\">Entrantes<\/span><\/div>\n<div class=\"ERHead\">Cuisine: <span class=\"cuisine\">Recetas vegetarianas<\/span><\/div>\n<div class=\"ERHead\">Author: <span class=\"author\">Soluciones para la diabetes<\/span><\/div>\n<div class=\"ERHead\">Prep time: <time itemprop=\"prepTime\" datetime=\"PT30M\">30 mins<\/time><\/div>\n<div class=\"ERHead\">Cook time: <time itemprop=\"cookTime\" datetime=\"PT20M\">20 mins<\/time><\/div>\n<div class=\"ERHead\">Total time: <time itemprop=\"totalTime\" datetime=\"PT50M\">50 mins<\/time><\/div>\n<div class=\"ERSummary summary\">Para cuatro personas<\/div>\n<div class=\"ERIngredients\">\n<div class=\"ERIngredientsHeader\">Ingredients<\/div>\n<ul class=\"ingredients\">\n<li class=\"ingredient\">300 g de cusc\u00fas<\/li>\n<li class=\"ingredient\">150 g de garbanzos<\/li>\n<li class=\"ingredient\">50 g de orejones de albaricoque<\/li>\n<li class=\"ingredient\">1 naranja<\/li>\n<li class=\"ingredient\">1\/2 lim\u00f3n<\/li>\n<li class=\"ingredient\">1 berenjena<\/li>\n<li class=\"ingredient\">1 calabac\u00edn<\/li>\n<li class=\"ingredient\">1 pimiento rojo<\/li>\n<li class=\"ingredient\">Aceite de oliva virgen extra<\/li>\n<li class=\"ingredient\">1 Yogur<\/li>\n<li class=\"ingredient\">20 ml de leche<\/li>\n<li class=\"ingredient\">Un pu\u00f1ado de nueces<\/li>\n<li class=\"ingredient\">Dos cucharadas de pasas<\/li>\n<li class=\"ingredient\">2 o 3 ramas de menta<\/li>\n<\/ul>\n<\/div>\n<div class=\"ERInstructions\">\n<div class=\"ERInstructionsHeader\">Instructions<\/div>\n<div class=\"instructions\">\n<ol>\n<li class=\"instruction\">Pon a calentar agua con sal, cuando empiece a hervir, retira del fuego y a\u00f1ade el cusc\u00fas. D\u00e9jalo tapado durante cinco minutos y desgrana el cusc\u00fas ya cocinado.<\/li>\n<li class=\"instruction\">Lava los garbanzos y esc\u00farrelos bien.<\/li>\n<li class=\"instruction\">Corta los orejones y m\u00e9zclalos con las pasas y el zumo de la naranja. deja reposar la mezcla al menos 5 minutos.<\/li>\n<li class=\"instruction\">Mezcla el cusc\u00fas, los garbanzos y el preparado de pasas y orejones.<\/li>\n<li class=\"instruction\">Lava y corta las verduras en trozos peque\u00f1os. En una sart\u00e9n grande con aceite de oliva, coc\u00ednalas a fuego medio durante unos 10 minutos, a\u00f1ade un poco de agua si es preciso para que no se resequen. Retira del fuego y deja enfriar antes de mezclar con el cusc\u00fas pr\u00e9viamente preparado.<\/li>\n<li class=\"instruction\">Eu un bol, mezcla bien el yogur con la leche y a\u00f1ade las nueces picadas. Lava la menta y c\u00f3rtala en trozos peque\u00f1os para a\u00f1adirla a la mezcla.<\/li>\n<li class=\"instruction\">Sirve el cusc\u00fas acompa\u00f1ado de la salsa de yogur<\/li>\n<li class=\"instruction\">\u00a1Buen provecho!<\/li>\n<\/ol>\n<\/div>\n<\/div>\n<div class=\"ERNutrition\">Calories: <span class=\"calories\">550 Kcal\/raci\u00f3n aprox.<\/span> Fat: <span class=\"fat\">17 g<\/span> Carbohydrates: <span class=\"carbohydrates\">75 g<\/span> Protein: <span class=\"protein\">15 g<\/span><\/div>\n<div>\n<div class=\"ERNotesHeader\">Notes<\/div>\n<div class=\"ERNotes\">*La imagen no se corresponde exactamente con la receta.<\/div>\n<\/div>\n<div class=\"endeasyrecipe\" style=\"display: none;\">3.5.3251<\/div>\n<\/div>\n<p>&nbsp;<\/p>\n","protected":false},"excerpt":{"rendered":"<p>El\u00a0cusc\u00fas es un alimento a base de s\u00e9mola de trigo. Es tradicional de la zona del Magreb, donde es preparado habitualmente acompa\u00f1ado de carne de cordero o pollo, aunque existen [&hellip;]<\/p>\n","protected":false},"author":19,"featured_media":11323,"comment_status":"open","ping_status":"open","sticky":false,"template":"","format":"standard","meta":{"_acf_changed":false,"_monsterinsights_skip_tracking":false,"_monsterinsights_sitenote_active":false,"_monsterinsights_sitenote_note":"","_monsterinsights_sitenote_category":0,"footnotes":""},"categories":[12,7],"tags":[303],"class_list":["post-11322","post","type-post","status-publish","format-standard","has-post-thumbnail","hentry","category-entrantes-frios","category-recetas-para-personas-con-diabetes","tag-cocina-vegetariana","course-entrantes","cuisine-recetas-vegetarianas"],"acf":[],"yoast_head":"<!-- This site is optimized with the Yoast SEO plugin v27.5 - https:\/\/yoast.com\/product\/yoast-seo-wordpress\/ -->\n<title>Cusc\u00fas con albaricoque y verduras - iMagazine - Soluciones para la Diabetes<\/title>\n<meta name=\"description\" content=\"El\u00a0cusc\u00fas es un alimento a base de s\u00e9mola de trigo. En nuestra receta de hoy, lo preparamos con garbanzos, verduras y salsa de yogur.\" \/>\n<meta name=\"robots\" content=\"index, follow, max-snippet:-1, max-image-preview:large, max-video-preview:-1\" \/>\n<link rel=\"canonical\" href=\"https:\/\/www.solucionesparaladiabetes.com\/magazine-diabetes\/cuscus-con-albaricoque-y-verduras\/\" \/>\n<meta property=\"og:locale\" content=\"es_ES\" \/>\n<meta property=\"og:type\" content=\"article\" \/>\n<meta property=\"og:title\" content=\"Cusc\u00fas con albaricoque y verduras - iMagazine - Soluciones para la Diabetes\" \/>\n<meta property=\"og:description\" content=\"El\u00a0cusc\u00fas es un alimento a base de s\u00e9mola de trigo. En nuestra receta de hoy, lo preparamos con garbanzos, verduras y salsa de yogur.\" \/>\n<meta property=\"og:url\" content=\"https:\/\/www.solucionesparaladiabetes.com\/magazine-diabetes\/cuscus-con-albaricoque-y-verduras\/\" \/>\n<meta property=\"og:site_name\" content=\"Soluciones para la Diabetes\" \/>\n<meta property=\"article:published_time\" content=\"2022-05-19T06:00:28+00:00\" \/>\n<meta property=\"og:image\" content=\"https:\/\/www.solucionesparaladiabetes.com\/magazine-diabetes\/wp-content\/uploads\/Cuscus.jpg\" \/>\n\t<meta property=\"og:image:width\" content=\"900\" \/>\n\t<meta property=\"og:image:height\" content=\"600\" \/>\n\t<meta property=\"og:image:type\" content=\"image\/jpeg\" \/>\n<meta name=\"author\" content=\"Redacci\u00f3n Editorial\" \/>\n<meta name=\"twitter:card\" content=\"summary_large_image\" \/>\n<meta name=\"twitter:creator\" content=\"@soluciondiabete\" \/>\n<meta name=\"twitter:site\" content=\"@soluciondiabete\" \/>\n<meta name=\"twitter:label1\" content=\"Escrito por\" \/>\n\t<meta name=\"twitter:data1\" content=\"Redacci\u00f3n Editorial\" \/>\n\t<meta name=\"twitter:label2\" content=\"Tiempo de lectura\" \/>\n\t<meta name=\"twitter:data2\" content=\"2 minutos\" \/>\n<script type=\"application\/ld+json\" class=\"yoast-schema-graph\">{\"@context\":\"https:\\\/\\\/schema.org\",\"@graph\":[{\"@type\":\"Article\",\"@id\":\"https:\\\/\\\/www.solucionesparaladiabetes.com\\\/magazine-diabetes\\\/cuscus-con-albaricoque-y-verduras\\\/#article\",\"isPartOf\":{\"@id\":\"https:\\\/\\\/www.solucionesparaladiabetes.com\\\/magazine-diabetes\\\/cuscus-con-albaricoque-y-verduras\\\/\"},\"author\":{\"name\":\"Redacci\u00f3n Editorial\",\"@id\":\"https:\\\/\\\/www.solucionesparaladiabetes.com\\\/magazine-diabetes\\\/#\\\/schema\\\/person\\\/9d25dba87bbcd3627b3db1c9acfc9bd7\"},\"headline\":\"Cusc\u00fas con albaricoque y verduras\",\"datePublished\":\"2022-05-19T06:00:28+00:00\",\"mainEntityOfPage\":{\"@id\":\"https:\\\/\\\/www.solucionesparaladiabetes.com\\\/magazine-diabetes\\\/cuscus-con-albaricoque-y-verduras\\\/\"},\"wordCount\":362,\"commentCount\":0,\"image\":{\"@id\":\"https:\\\/\\\/www.solucionesparaladiabetes.com\\\/magazine-diabetes\\\/cuscus-con-albaricoque-y-verduras\\\/#primaryimage\"},\"thumbnailUrl\":\"https:\\\/\\\/www.solucionesparaladiabetes.com\\\/magazine-diabetes\\\/wp-content\\\/uploads\\\/Cuscus.jpg\",\"keywords\":[\"Cocina vegetariana\"],\"articleSection\":[\"Entrantes fr\u00edos\",\"Recetas para personas con diabetes\"],\"inLanguage\":\"es\",\"potentialAction\":[{\"@type\":\"CommentAction\",\"name\":\"Comment\",\"target\":[\"https:\\\/\\\/www.solucionesparaladiabetes.com\\\/magazine-diabetes\\\/cuscus-con-albaricoque-y-verduras\\\/#respond\"]}]},{\"@type\":\"WebPage\",\"@id\":\"https:\\\/\\\/www.solucionesparaladiabetes.com\\\/magazine-diabetes\\\/cuscus-con-albaricoque-y-verduras\\\/\",\"url\":\"https:\\\/\\\/www.solucionesparaladiabetes.com\\\/magazine-diabetes\\\/cuscus-con-albaricoque-y-verduras\\\/\",\"name\":\"Cusc\u00fas con albaricoque y verduras - iMagazine - Soluciones para la Diabetes\",\"isPartOf\":{\"@id\":\"https:\\\/\\\/www.solucionesparaladiabetes.com\\\/magazine-diabetes\\\/#website\"},\"primaryImageOfPage\":{\"@id\":\"https:\\\/\\\/www.solucionesparaladiabetes.com\\\/magazine-diabetes\\\/cuscus-con-albaricoque-y-verduras\\\/#primaryimage\"},\"image\":{\"@id\":\"https:\\\/\\\/www.solucionesparaladiabetes.com\\\/magazine-diabetes\\\/cuscus-con-albaricoque-y-verduras\\\/#primaryimage\"},\"thumbnailUrl\":\"https:\\\/\\\/www.solucionesparaladiabetes.com\\\/magazine-diabetes\\\/wp-content\\\/uploads\\\/Cuscus.jpg\",\"datePublished\":\"2022-05-19T06:00:28+00:00\",\"author\":{\"@id\":\"https:\\\/\\\/www.solucionesparaladiabetes.com\\\/magazine-diabetes\\\/#\\\/schema\\\/person\\\/9d25dba87bbcd3627b3db1c9acfc9bd7\"},\"description\":\"El\u00a0cusc\u00fas es un alimento a base de s\u00e9mola de trigo. En nuestra receta de hoy, lo preparamos con garbanzos, verduras y salsa de yogur.\",\"breadcrumb\":{\"@id\":\"https:\\\/\\\/www.solucionesparaladiabetes.com\\\/magazine-diabetes\\\/cuscus-con-albaricoque-y-verduras\\\/#breadcrumb\"},\"inLanguage\":\"es\",\"potentialAction\":[{\"@type\":\"ReadAction\",\"target\":[\"https:\\\/\\\/www.solucionesparaladiabetes.com\\\/magazine-diabetes\\\/cuscus-con-albaricoque-y-verduras\\\/\"]}]},{\"@type\":\"ImageObject\",\"inLanguage\":\"es\",\"@id\":\"https:\\\/\\\/www.solucionesparaladiabetes.com\\\/magazine-diabetes\\\/cuscus-con-albaricoque-y-verduras\\\/#primaryimage\",\"url\":\"https:\\\/\\\/www.solucionesparaladiabetes.com\\\/magazine-diabetes\\\/wp-content\\\/uploads\\\/Cuscus.jpg\",\"contentUrl\":\"https:\\\/\\\/www.solucionesparaladiabetes.com\\\/magazine-diabetes\\\/wp-content\\\/uploads\\\/Cuscus.jpg\",\"width\":900,\"height\":600,\"caption\":\"Cusc\u00fas con albaricoque y verduras\"},{\"@type\":\"BreadcrumbList\",\"@id\":\"https:\\\/\\\/www.solucionesparaladiabetes.com\\\/magazine-diabetes\\\/cuscus-con-albaricoque-y-verduras\\\/#breadcrumb\",\"itemListElement\":[{\"@type\":\"ListItem\",\"position\":1,\"name\":\"Portada\",\"item\":\"https:\\\/\\\/www.solucionesparaladiabetes.com\\\/magazine-diabetes\\\/\"},{\"@type\":\"ListItem\",\"position\":2,\"name\":\"Cusc\u00fas con albaricoque y verduras\"}]},{\"@type\":\"WebSite\",\"@id\":\"https:\\\/\\\/www.solucionesparaladiabetes.com\\\/magazine-diabetes\\\/#website\",\"url\":\"https:\\\/\\\/www.solucionesparaladiabetes.com\\\/magazine-diabetes\\\/\",\"name\":\"Soluciones para la Diabetes\",\"description\":\"iMagazine\",\"potentialAction\":[{\"@type\":\"SearchAction\",\"target\":{\"@type\":\"EntryPoint\",\"urlTemplate\":\"https:\\\/\\\/www.solucionesparaladiabetes.com\\\/magazine-diabetes\\\/?s={search_term_string}\"},\"query-input\":{\"@type\":\"PropertyValueSpecification\",\"valueRequired\":true,\"valueName\":\"search_term_string\"}}],\"inLanguage\":\"es\"},{\"@type\":\"Person\",\"@id\":\"https:\\\/\\\/www.solucionesparaladiabetes.com\\\/magazine-diabetes\\\/#\\\/schema\\\/person\\\/9d25dba87bbcd3627b3db1c9acfc9bd7\",\"name\":\"Redacci\u00f3n Editorial\",\"image\":{\"@type\":\"ImageObject\",\"inLanguage\":\"es\",\"@id\":\"https:\\\/\\\/secure.gravatar.com\\\/avatar\\\/9a32759cfac6842eec272cac6814846d5d94168e8533a3088620732917ec742e?s=96&d=mm&r=g\",\"url\":\"https:\\\/\\\/secure.gravatar.com\\\/avatar\\\/9a32759cfac6842eec272cac6814846d5d94168e8533a3088620732917ec742e?s=96&d=mm&r=g\",\"contentUrl\":\"https:\\\/\\\/secure.gravatar.com\\\/avatar\\\/9a32759cfac6842eec272cac6814846d5d94168e8533a3088620732917ec742e?s=96&d=mm&r=g\",\"caption\":\"Redacci\u00f3n Editorial\"}}]}<\/script>\n<!-- \/ Yoast SEO plugin. -->","yoast_head_json":{"title":"Cusc\u00fas con albaricoque y verduras - iMagazine - Soluciones para la Diabetes","description":"El\u00a0cusc\u00fas es un alimento a base de s\u00e9mola de trigo. En nuestra receta de hoy, lo preparamos con garbanzos, verduras y salsa de yogur.","robots":{"index":"index","follow":"follow","max-snippet":"max-snippet:-1","max-image-preview":"max-image-preview:large","max-video-preview":"max-video-preview:-1"},"canonical":"https:\/\/www.solucionesparaladiabetes.com\/magazine-diabetes\/cuscus-con-albaricoque-y-verduras\/","og_locale":"es_ES","og_type":"article","og_title":"Cusc\u00fas con albaricoque y verduras - iMagazine - Soluciones para la Diabetes","og_description":"El\u00a0cusc\u00fas es un alimento a base de s\u00e9mola de trigo. En nuestra receta de hoy, lo preparamos con garbanzos, verduras y salsa de yogur.","og_url":"https:\/\/www.solucionesparaladiabetes.com\/magazine-diabetes\/cuscus-con-albaricoque-y-verduras\/","og_site_name":"Soluciones para la Diabetes","article_published_time":"2022-05-19T06:00:28+00:00","og_image":[{"width":900,"height":600,"url":"https:\/\/www.solucionesparaladiabetes.com\/magazine-diabetes\/wp-content\/uploads\/Cuscus.jpg","type":"image\/jpeg"}],"author":"Redacci\u00f3n Editorial","twitter_card":"summary_large_image","twitter_creator":"@soluciondiabete","twitter_site":"@soluciondiabete","twitter_misc":{"Escrito por":"Redacci\u00f3n Editorial","Tiempo de lectura":"2 minutos"},"schema":{"@context":"https:\/\/schema.org","@graph":[{"@type":"Article","@id":"https:\/\/www.solucionesparaladiabetes.com\/magazine-diabetes\/cuscus-con-albaricoque-y-verduras\/#article","isPartOf":{"@id":"https:\/\/www.solucionesparaladiabetes.com\/magazine-diabetes\/cuscus-con-albaricoque-y-verduras\/"},"author":{"name":"Redacci\u00f3n Editorial","@id":"https:\/\/www.solucionesparaladiabetes.com\/magazine-diabetes\/#\/schema\/person\/9d25dba87bbcd3627b3db1c9acfc9bd7"},"headline":"Cusc\u00fas con albaricoque y verduras","datePublished":"2022-05-19T06:00:28+00:00","mainEntityOfPage":{"@id":"https:\/\/www.solucionesparaladiabetes.com\/magazine-diabetes\/cuscus-con-albaricoque-y-verduras\/"},"wordCount":362,"commentCount":0,"image":{"@id":"https:\/\/www.solucionesparaladiabetes.com\/magazine-diabetes\/cuscus-con-albaricoque-y-verduras\/#primaryimage"},"thumbnailUrl":"https:\/\/www.solucionesparaladiabetes.com\/magazine-diabetes\/wp-content\/uploads\/Cuscus.jpg","keywords":["Cocina vegetariana"],"articleSection":["Entrantes fr\u00edos","Recetas para personas con diabetes"],"inLanguage":"es","potentialAction":[{"@type":"CommentAction","name":"Comment","target":["https:\/\/www.solucionesparaladiabetes.com\/magazine-diabetes\/cuscus-con-albaricoque-y-verduras\/#respond"]}]},{"@type":"WebPage","@id":"https:\/\/www.solucionesparaladiabetes.com\/magazine-diabetes\/cuscus-con-albaricoque-y-verduras\/","url":"https:\/\/www.solucionesparaladiabetes.com\/magazine-diabetes\/cuscus-con-albaricoque-y-verduras\/","name":"Cusc\u00fas con albaricoque y verduras - iMagazine - Soluciones para la Diabetes","isPartOf":{"@id":"https:\/\/www.solucionesparaladiabetes.com\/magazine-diabetes\/#website"},"primaryImageOfPage":{"@id":"https:\/\/www.solucionesparaladiabetes.com\/magazine-diabetes\/cuscus-con-albaricoque-y-verduras\/#primaryimage"},"image":{"@id":"https:\/\/www.solucionesparaladiabetes.com\/magazine-diabetes\/cuscus-con-albaricoque-y-verduras\/#primaryimage"},"thumbnailUrl":"https:\/\/www.solucionesparaladiabetes.com\/magazine-diabetes\/wp-content\/uploads\/Cuscus.jpg","datePublished":"2022-05-19T06:00:28+00:00","author":{"@id":"https:\/\/www.solucionesparaladiabetes.com\/magazine-diabetes\/#\/schema\/person\/9d25dba87bbcd3627b3db1c9acfc9bd7"},"description":"El\u00a0cusc\u00fas es un alimento a base de s\u00e9mola de trigo. En nuestra receta de hoy, lo preparamos con garbanzos, verduras y salsa de yogur.","breadcrumb":{"@id":"https:\/\/www.solucionesparaladiabetes.com\/magazine-diabetes\/cuscus-con-albaricoque-y-verduras\/#breadcrumb"},"inLanguage":"es","potentialAction":[{"@type":"ReadAction","target":["https:\/\/www.solucionesparaladiabetes.com\/magazine-diabetes\/cuscus-con-albaricoque-y-verduras\/"]}]},{"@type":"ImageObject","inLanguage":"es","@id":"https:\/\/www.solucionesparaladiabetes.com\/magazine-diabetes\/cuscus-con-albaricoque-y-verduras\/#primaryimage","url":"https:\/\/www.solucionesparaladiabetes.com\/magazine-diabetes\/wp-content\/uploads\/Cuscus.jpg","contentUrl":"https:\/\/www.solucionesparaladiabetes.com\/magazine-diabetes\/wp-content\/uploads\/Cuscus.jpg","width":900,"height":600,"caption":"Cusc\u00fas con albaricoque y verduras"},{"@type":"BreadcrumbList","@id":"https:\/\/www.solucionesparaladiabetes.com\/magazine-diabetes\/cuscus-con-albaricoque-y-verduras\/#breadcrumb","itemListElement":[{"@type":"ListItem","position":1,"name":"Portada","item":"https:\/\/www.solucionesparaladiabetes.com\/magazine-diabetes\/"},{"@type":"ListItem","position":2,"name":"Cusc\u00fas con albaricoque y verduras"}]},{"@type":"WebSite","@id":"https:\/\/www.solucionesparaladiabetes.com\/magazine-diabetes\/#website","url":"https:\/\/www.solucionesparaladiabetes.com\/magazine-diabetes\/","name":"Soluciones para la Diabetes","description":"iMagazine","potentialAction":[{"@type":"SearchAction","target":{"@type":"EntryPoint","urlTemplate":"https:\/\/www.solucionesparaladiabetes.com\/magazine-diabetes\/?s={search_term_string}"},"query-input":{"@type":"PropertyValueSpecification","valueRequired":true,"valueName":"search_term_string"}}],"inLanguage":"es"},{"@type":"Person","@id":"https:\/\/www.solucionesparaladiabetes.com\/magazine-diabetes\/#\/schema\/person\/9d25dba87bbcd3627b3db1c9acfc9bd7","name":"Redacci\u00f3n Editorial","image":{"@type":"ImageObject","inLanguage":"es","@id":"https:\/\/secure.gravatar.com\/avatar\/9a32759cfac6842eec272cac6814846d5d94168e8533a3088620732917ec742e?s=96&d=mm&r=g","url":"https:\/\/secure.gravatar.com\/avatar\/9a32759cfac6842eec272cac6814846d5d94168e8533a3088620732917ec742e?s=96&d=mm&r=g","contentUrl":"https:\/\/secure.gravatar.com\/avatar\/9a32759cfac6842eec272cac6814846d5d94168e8533a3088620732917ec742e?s=96&d=mm&r=g","caption":"Redacci\u00f3n Editorial"}}]}},"_links":{"self":[{"href":"https:\/\/www.solucionesparaladiabetes.com\/magazine-diabetes\/wp-json\/wp\/v2\/posts\/11322","targetHints":{"allow":["GET"]}}],"collection":[{"href":"https:\/\/www.solucionesparaladiabetes.com\/magazine-diabetes\/wp-json\/wp\/v2\/posts"}],"about":[{"href":"https:\/\/www.solucionesparaladiabetes.com\/magazine-diabetes\/wp-json\/wp\/v2\/types\/post"}],"author":[{"embeddable":true,"href":"https:\/\/www.solucionesparaladiabetes.com\/magazine-diabetes\/wp-json\/wp\/v2\/users\/19"}],"replies":[{"embeddable":true,"href":"https:\/\/www.solucionesparaladiabetes.com\/magazine-diabetes\/wp-json\/wp\/v2\/comments?post=11322"}],"version-history":[{"count":5,"href":"https:\/\/www.solucionesparaladiabetes.com\/magazine-diabetes\/wp-json\/wp\/v2\/posts\/11322\/revisions"}],"predecessor-version":[{"id":11328,"href":"https:\/\/www.solucionesparaladiabetes.com\/magazine-diabetes\/wp-json\/wp\/v2\/posts\/11322\/revisions\/11328"}],"wp:featuredmedia":[{"embeddable":true,"href":"https:\/\/www.solucionesparaladiabetes.com\/magazine-diabetes\/wp-json\/wp\/v2\/media\/11323"}],"wp:attachment":[{"href":"https:\/\/www.solucionesparaladiabetes.com\/magazine-diabetes\/wp-json\/wp\/v2\/media?parent=11322"}],"wp:term":[{"taxonomy":"category","embeddable":true,"href":"https:\/\/www.solucionesparaladiabetes.com\/magazine-diabetes\/wp-json\/wp\/v2\/categories?post=11322"},{"taxonomy":"post_tag","embeddable":true,"href":"https:\/\/www.solucionesparaladiabetes.com\/magazine-diabetes\/wp-json\/wp\/v2\/tags?post=11322"}],"curies":[{"name":"wp","href":"https:\/\/api.w.org\/{rel}","templated":true}]}}