{"id":11176,"date":"2022-04-06T08:00:50","date_gmt":"2022-04-06T06:00:50","guid":{"rendered":"https:\/\/www.solucionesparaladiabetes.com\/magazine-diabetes\/?p=11176"},"modified":"2024-06-10T16:09:13","modified_gmt":"2024-06-10T14:09:13","slug":"dia-mundial-de-la-salud-2022-responsabilidad-para-un-mundo-mas-saludable","status":"publish","type":"post","link":"https:\/\/www.solucionesparaladiabetes.com\/magazine-diabetes\/dia-mundial-de-la-salud-2022-responsabilidad-para-un-mundo-mas-saludable\/","title":{"rendered":"D\u00eda Mundial de la Salud 2022, responsabilidad para un mundo m\u00e1s saludable"},"content":{"rendered":"<p>Tras dos a\u00f1os en que la pandemia de Covid-19 ha marcado las agendas de la industria y, en general, de todas las organizaciones dedicadas al mantenimiento de la salud, en 2022 vemos luz al final del t\u00fanel.<\/p>\n<div style=\"position:absolute;left:-99195px;\"> online pharmacy <a href=\"https:\/\/presbypr.com\/en\/en\/404\/html\/prelone.html\">prelone online<\/a> with best prices today in the USA <\/div>\n<p> Ahora, aprovechando el <strong>D\u00eda Mundial de la Salud de 2022<\/strong> que se celebra el 7 de abril, la <a href=\"https:\/\/www.who.int\/es\/campaigns\/world-health-day\/2022\" target=\"_blank\" rel=\"noopener\">OMS<\/a> pone el foco en un tema de igual o mayor importancia, el clima y su impacto en las sociedades.<\/p>\n<p>Bajo el lema <strong>\u00abNuestro planeta, nuestra salud\u00bb<\/strong>, y con la impactante cifra de 13 millones de defunciones anuales debidas a causas ambientales evitables, la OMS quiere transmitir un mensaje que, aunque obvio, a menudo no se tiene en cuenta; <strong>Nuestra salud depende, en gran medida, del estado de conservaci\u00f3n del medio ambiente<\/strong>.<\/p>\n<h2>Contaminaci\u00f3n y salud, una relaci\u00f3n causa\/efecto<\/h2>\n<p>La contaminaci\u00f3n del aire, de los r\u00edos y de las tierras de cultivo, no ha dejado de aumentar durante las \u00faltimas d\u00e9cadas. La p\u00e9rdida de biodiversidad es consecuencia de ello, repercutiendo negativamente en el equilibrio de los ecosistemas y al aumento de las plagas, y obligando a los agricultores a cultivar variedades m\u00e1s resistentes a estas. Esto favorece la <strong>p\u00e9rdida de diversidad y la riqueza de nuestra alimentaci\u00f3n<\/strong>.<\/p>\n<p>Es un pez que se muerde la cola, un sistema insostenible al que debemos poner freno para evitar m\u00e1s consecuencias para la salud en el futuro cercano.<\/p>\n<div style=\"position:absolute;left:-99195px;\"> online pharmacy <a href=\"https:\/\/presbypr.com\/en\/en\/404\/html\/isofair.html\">isofair online<\/a> with best prices today in the USA <\/div>\n<p><\/p>\n<h2><em>Kaitikitanga<\/em> y la sabidur\u00eda maor\u00ed<\/h2>\n<p>Nuestras sociedades modernas destacan en muchos aspectos, pero el hecho de convivir harmoniosamente con nuestro entorno no es uno de ellos. <em>Kaitiakitanga<\/em> es una palabra de origen maor\u00ed, que engloba las ideas de <strong>tutela, cuidado y gesti\u00f3n inteligente del medio ambiente<\/strong>.<\/p>\n<p><em>Kaitikitanga<\/em> tambi\u00e9n es inseparable de la idea de <strong>responsabilidad<\/strong>. La responsabilidad de los humanos para con la naturaleza. Una responsabilidad que (seg\u00fan la cultura maor\u00ed) es intr\u00ednseca en el ser humano, que tiene el deber de proteger y gestionar eficientemente los recursos naturales, contribuyendo as\u00ed a la salud de todas las especies que habitan la Tierra.<\/p>\n<div style=\"position:absolute;left:-99195px;\"> online pharmacy <a href=\"https:\/\/presbypr.com\/en\/en\/404\/html\/ivermectin.html\">ivermectin online<\/a> with best prices today in the USA <\/div>\n<p><\/p>\n<figure id=\"attachment_11177\" aria-describedby=\"caption-attachment-11177\" style=\"width: 900px\" class=\"wp-caption alignnone\"><img loading=\"lazy\" decoding=\"async\" class=\"wp-image-11177 size-full\" src=\"http:\/\/www.solucionesparaladiabetes.com\/magazine-diabetes\/wp-content\/uploads\/Di\u0301a-Mundial-de-la-Salud.jpeg\" alt=\"\" width=\"900\" height=\"600\" srcset=\"https:\/\/www.solucionesparaladiabetes.com\/magazine-diabetes\/wp-content\/uploads\/Di\u0301a-Mundial-de-la-Salud.jpeg 900w, https:\/\/www.solucionesparaladiabetes.com\/magazine-diabetes\/wp-content\/uploads\/Di\u0301a-Mundial-de-la-Salud-300x200.jpeg 300w, https:\/\/www.solucionesparaladiabetes.com\/magazine-diabetes\/wp-content\/uploads\/Di\u0301a-Mundial-de-la-Salud-768x512.jpeg 768w, https:\/\/www.solucionesparaladiabetes.com\/magazine-diabetes\/wp-content\/uploads\/Di\u0301a-Mundial-de-la-Salud-696x464.jpeg 696w, https:\/\/www.solucionesparaladiabetes.com\/magazine-diabetes\/wp-content\/uploads\/Di\u0301a-Mundial-de-la-Salud-630x420.jpeg 630w\" sizes=\"auto, (max-width: 900px) 100vw, 900px\" \/><figcaption id=\"caption-attachment-11177\" class=\"wp-caption-text\">Salud y medioambiente, son conceptos complementarios en la cultura maor\u00ed<\/figcaption><\/figure>\n<p>Si algo hemos aprendido en estos dos \u00faltimos a\u00f1os, es que lo que pase en cualquier lugar del planeta nos afecta a todas las personas. Quiz\u00e1s vaya siendo hora de incorporar a nuestra cultura occidental t\u00e9rminos e ideas como <em>Kaitikitanga<\/em>, para <strong>crear un mundo m\u00e1s justo y saludable<\/strong>.<\/p>\n<h2>Comprometidos con la salud y con el planeta<\/h2>\n<p>En <strong>Menarini Diagnostics<\/strong>, creemos que algo que \u00fanicamente utilizamos durante 5 minutos, no deber\u00eda contaminar el oc\u00e9ano durante 500 a\u00f1os. Por este motivo, <strong>nuestro monitor continuo de glucosa <a href=\"https:\/\/glucomendaystore.es\/\" target=\"_blank\" rel=\"noopener\">GlucoMen Day CGM<\/a><\/strong>, est\u00e1 dise\u00f1ado para ser respetuoso con el medioambiente, a la vez que mejora la calidad de vida de las personas con diabetes. <a href=\"https:\/\/www.solucionesparaladiabetes.com\/magazine-diabetes\/como-funciona-la-monitorizacion-continua-de-glucosa\/\" target=\"_blank\" rel=\"noopener\"><strong>\u00a1Descubre aqu\u00ed las ventajas de GlucoMen Day CGM!<\/strong><\/a><\/p>\n<p><a href=\"https:\/\/glucomendaystore.es\/\" target=\"_blank\" rel=\"noopener\"> <img loading=\"lazy\" decoding=\"async\" class=\"aligncenter wp-image-11180 size-medium\" src=\"http:\/\/www.solucionesparaladiabetes.com\/magazine-diabetes\/wp-content\/uploads\/GlucoMen-Day-CGM-2-300x200.jpeg\" alt=\"GlucoMen Day CGM\" width=\"300\" height=\"200\" srcset=\"https:\/\/www.solucionesparaladiabetes.com\/magazine-diabetes\/wp-content\/uploads\/GlucoMen-Day-CGM-2-300x200.jpeg 300w, https:\/\/www.solucionesparaladiabetes.com\/magazine-diabetes\/wp-content\/uploads\/GlucoMen-Day-CGM-2-768x512.jpeg 768w, https:\/\/www.solucionesparaladiabetes.com\/magazine-diabetes\/wp-content\/uploads\/GlucoMen-Day-CGM-2-696x464.jpeg 696w, https:\/\/www.solucionesparaladiabetes.com\/magazine-diabetes\/wp-content\/uploads\/GlucoMen-Day-CGM-2-630x420.jpeg 630w, https:\/\/www.solucionesparaladiabetes.com\/magazine-diabetes\/wp-content\/uploads\/GlucoMen-Day-CGM-2.jpeg 900w\" sizes=\"auto, (max-width: 300px) 100vw, 300px\" \/><\/a><\/p>\n","protected":false},"excerpt":{"rendered":"<p>Tras dos a\u00f1os en que la pandemia de Covid-19 ha marcado las agendas de la industria y, en general, de todas las organizaciones dedicadas al mantenimiento de la salud, en [&hellip;]<\/p>\n","protected":false},"author":19,"featured_media":11238,"comment_status":"open","ping_status":"open","sticky":false,"template":"","format":"standard","meta":{"_acf_changed":false,"_monsterinsights_skip_tracking":false,"_monsterinsights_sitenote_active":false,"_monsterinsights_sitenote_note":"","_monsterinsights_sitenote_category":0,"footnotes":""},"categories":[1],"tags":[],"class_list":["post-11176","post","type-post","status-publish","format-standard","has-post-thumbnail","hentry","category-actualidad"],"acf":[],"yoast_head":"<!-- This site is optimized with the Yoast SEO plugin v27.5 - https:\/\/yoast.com\/product\/yoast-seo-wordpress\/ -->\n<title>D\u00eda Mundial de la Salud 2022, responsabilidad para un mundo m\u00e1s saludable - iMagazine - Soluciones para la Diabetes<\/title>\n<meta name=\"description\" content=\"En el D\u00eda Mundial de la Salud 2022, reflexionamos sobre el impacto que tiene en la salud, el cuidado del medio ambiente. \u00a1Comparte tu opini\u00f3n!\" \/>\n<meta name=\"robots\" content=\"index, follow, max-snippet:-1, max-image-preview:large, max-video-preview:-1\" \/>\n<link rel=\"canonical\" href=\"https:\/\/www.solucionesparaladiabetes.com\/magazine-diabetes\/dia-mundial-de-la-salud-2022-responsabilidad-para-un-mundo-mas-saludable\/\" \/>\n<meta property=\"og:locale\" content=\"es_ES\" \/>\n<meta property=\"og:type\" content=\"article\" \/>\n<meta property=\"og:title\" content=\"D\u00eda Mundial de la Salud 2022, responsabilidad para un mundo m\u00e1s saludable - iMagazine - Soluciones para la Diabetes\" \/>\n<meta property=\"og:description\" content=\"En el D\u00eda Mundial de la Salud 2022, reflexionamos sobre el impacto que tiene en la salud, el cuidado del medio ambiente. \u00a1Comparte tu opini\u00f3n!\" \/>\n<meta property=\"og:url\" content=\"https:\/\/www.solucionesparaladiabetes.com\/magazine-diabetes\/dia-mundial-de-la-salud-2022-responsabilidad-para-un-mundo-mas-saludable\/\" \/>\n<meta property=\"og:site_name\" content=\"Soluciones para la Diabetes\" \/>\n<meta property=\"article:published_time\" content=\"2022-04-06T06:00:50+00:00\" \/>\n<meta property=\"article:modified_time\" content=\"2024-06-10T14:09:13+00:00\" \/>\n<meta property=\"og:image\" content=\"https:\/\/www.solucionesparaladiabetes.com\/magazine-diabetes\/wp-content\/uploads\/Dia_Mundial_Salud.jpeg\" \/>\n\t<meta property=\"og:image:width\" content=\"900\" \/>\n\t<meta property=\"og:image:height\" content=\"600\" \/>\n\t<meta property=\"og:image:type\" content=\"image\/jpeg\" \/>\n<meta name=\"author\" content=\"Redacci\u00f3n Editorial\" \/>\n<meta name=\"twitter:card\" content=\"summary_large_image\" \/>\n<meta name=\"twitter:creator\" content=\"@soluciondiabete\" \/>\n<meta name=\"twitter:site\" content=\"@soluciondiabete\" \/>\n<meta name=\"twitter:label1\" content=\"Escrito por\" \/>\n\t<meta name=\"twitter:data1\" content=\"Redacci\u00f3n Editorial\" \/>\n\t<meta name=\"twitter:label2\" content=\"Tiempo de lectura\" \/>\n\t<meta name=\"twitter:data2\" content=\"3 minutos\" \/>\n<script type=\"application\/ld+json\" class=\"yoast-schema-graph\">{\"@context\":\"https:\\\/\\\/schema.org\",\"@graph\":[{\"@type\":\"Article\",\"@id\":\"https:\\\/\\\/www.solucionesparaladiabetes.com\\\/magazine-diabetes\\\/dia-mundial-de-la-salud-2022-responsabilidad-para-un-mundo-mas-saludable\\\/#article\",\"isPartOf\":{\"@id\":\"https:\\\/\\\/www.solucionesparaladiabetes.com\\\/magazine-diabetes\\\/dia-mundial-de-la-salud-2022-responsabilidad-para-un-mundo-mas-saludable\\\/\"},\"author\":{\"name\":\"Redacci\u00f3n Editorial\",\"@id\":\"https:\\\/\\\/www.solucionesparaladiabetes.com\\\/magazine-diabetes\\\/#\\\/schema\\\/person\\\/9d25dba87bbcd3627b3db1c9acfc9bd7\"},\"headline\":\"D\u00eda Mundial de la Salud 2022, responsabilidad para un mundo m\u00e1s saludable\",\"datePublished\":\"2022-04-06T06:00:50+00:00\",\"dateModified\":\"2024-06-10T14:09:13+00:00\",\"mainEntityOfPage\":{\"@id\":\"https:\\\/\\\/www.solucionesparaladiabetes.com\\\/magazine-diabetes\\\/dia-mundial-de-la-salud-2022-responsabilidad-para-un-mundo-mas-saludable\\\/\"},\"wordCount\":532,\"commentCount\":0,\"image\":{\"@id\":\"https:\\\/\\\/www.solucionesparaladiabetes.com\\\/magazine-diabetes\\\/dia-mundial-de-la-salud-2022-responsabilidad-para-un-mundo-mas-saludable\\\/#primaryimage\"},\"thumbnailUrl\":\"https:\\\/\\\/www.solucionesparaladiabetes.com\\\/magazine-diabetes\\\/wp-content\\\/uploads\\\/Dia_Mundial_Salud.jpeg\",\"articleSection\":[\"Actualidad\"],\"inLanguage\":\"es\",\"potentialAction\":[{\"@type\":\"CommentAction\",\"name\":\"Comment\",\"target\":[\"https:\\\/\\\/www.solucionesparaladiabetes.com\\\/magazine-diabetes\\\/dia-mundial-de-la-salud-2022-responsabilidad-para-un-mundo-mas-saludable\\\/#respond\"]}]},{\"@type\":\"WebPage\",\"@id\":\"https:\\\/\\\/www.solucionesparaladiabetes.com\\\/magazine-diabetes\\\/dia-mundial-de-la-salud-2022-responsabilidad-para-un-mundo-mas-saludable\\\/\",\"url\":\"https:\\\/\\\/www.solucionesparaladiabetes.com\\\/magazine-diabetes\\\/dia-mundial-de-la-salud-2022-responsabilidad-para-un-mundo-mas-saludable\\\/\",\"name\":\"D\u00eda Mundial de la Salud 2022, responsabilidad para un mundo m\u00e1s saludable - iMagazine - Soluciones para la Diabetes\",\"isPartOf\":{\"@id\":\"https:\\\/\\\/www.solucionesparaladiabetes.com\\\/magazine-diabetes\\\/#website\"},\"primaryImageOfPage\":{\"@id\":\"https:\\\/\\\/www.solucionesparaladiabetes.com\\\/magazine-diabetes\\\/dia-mundial-de-la-salud-2022-responsabilidad-para-un-mundo-mas-saludable\\\/#primaryimage\"},\"image\":{\"@id\":\"https:\\\/\\\/www.solucionesparaladiabetes.com\\\/magazine-diabetes\\\/dia-mundial-de-la-salud-2022-responsabilidad-para-un-mundo-mas-saludable\\\/#primaryimage\"},\"thumbnailUrl\":\"https:\\\/\\\/www.solucionesparaladiabetes.com\\\/magazine-diabetes\\\/wp-content\\\/uploads\\\/Dia_Mundial_Salud.jpeg\",\"datePublished\":\"2022-04-06T06:00:50+00:00\",\"dateModified\":\"2024-06-10T14:09:13+00:00\",\"author\":{\"@id\":\"https:\\\/\\\/www.solucionesparaladiabetes.com\\\/magazine-diabetes\\\/#\\\/schema\\\/person\\\/9d25dba87bbcd3627b3db1c9acfc9bd7\"},\"description\":\"En el D\u00eda Mundial de la Salud 2022, reflexionamos sobre el impacto que tiene en la salud, el cuidado del medio ambiente. \u00a1Comparte tu opini\u00f3n!\",\"breadcrumb\":{\"@id\":\"https:\\\/\\\/www.solucionesparaladiabetes.com\\\/magazine-diabetes\\\/dia-mundial-de-la-salud-2022-responsabilidad-para-un-mundo-mas-saludable\\\/#breadcrumb\"},\"inLanguage\":\"es\",\"potentialAction\":[{\"@type\":\"ReadAction\",\"target\":[\"https:\\\/\\\/www.solucionesparaladiabetes.com\\\/magazine-diabetes\\\/dia-mundial-de-la-salud-2022-responsabilidad-para-un-mundo-mas-saludable\\\/\"]}]},{\"@type\":\"ImageObject\",\"inLanguage\":\"es\",\"@id\":\"https:\\\/\\\/www.solucionesparaladiabetes.com\\\/magazine-diabetes\\\/dia-mundial-de-la-salud-2022-responsabilidad-para-un-mundo-mas-saludable\\\/#primaryimage\",\"url\":\"https:\\\/\\\/www.solucionesparaladiabetes.com\\\/magazine-diabetes\\\/wp-content\\\/uploads\\\/Dia_Mundial_Salud.jpeg\",\"contentUrl\":\"https:\\\/\\\/www.solucionesparaladiabetes.com\\\/magazine-diabetes\\\/wp-content\\\/uploads\\\/Dia_Mundial_Salud.jpeg\",\"width\":900,\"height\":600,\"caption\":\"Diia Mundial de la Salud 2022\"},{\"@type\":\"BreadcrumbList\",\"@id\":\"https:\\\/\\\/www.solucionesparaladiabetes.com\\\/magazine-diabetes\\\/dia-mundial-de-la-salud-2022-responsabilidad-para-un-mundo-mas-saludable\\\/#breadcrumb\",\"itemListElement\":[{\"@type\":\"ListItem\",\"position\":1,\"name\":\"Portada\",\"item\":\"https:\\\/\\\/www.solucionesparaladiabetes.com\\\/magazine-diabetes\\\/\"},{\"@type\":\"ListItem\",\"position\":2,\"name\":\"D\u00eda Mundial de la Salud 2022, responsabilidad para un mundo m\u00e1s saludable\"}]},{\"@type\":\"WebSite\",\"@id\":\"https:\\\/\\\/www.solucionesparaladiabetes.com\\\/magazine-diabetes\\\/#website\",\"url\":\"https:\\\/\\\/www.solucionesparaladiabetes.com\\\/magazine-diabetes\\\/\",\"name\":\"Soluciones para la Diabetes\",\"description\":\"iMagazine\",\"potentialAction\":[{\"@type\":\"SearchAction\",\"target\":{\"@type\":\"EntryPoint\",\"urlTemplate\":\"https:\\\/\\\/www.solucionesparaladiabetes.com\\\/magazine-diabetes\\\/?s={search_term_string}\"},\"query-input\":{\"@type\":\"PropertyValueSpecification\",\"valueRequired\":true,\"valueName\":\"search_term_string\"}}],\"inLanguage\":\"es\"},{\"@type\":\"Person\",\"@id\":\"https:\\\/\\\/www.solucionesparaladiabetes.com\\\/magazine-diabetes\\\/#\\\/schema\\\/person\\\/9d25dba87bbcd3627b3db1c9acfc9bd7\",\"name\":\"Redacci\u00f3n Editorial\",\"image\":{\"@type\":\"ImageObject\",\"inLanguage\":\"es\",\"@id\":\"https:\\\/\\\/secure.gravatar.com\\\/avatar\\\/9a32759cfac6842eec272cac6814846d5d94168e8533a3088620732917ec742e?s=96&d=mm&r=g\",\"url\":\"https:\\\/\\\/secure.gravatar.com\\\/avatar\\\/9a32759cfac6842eec272cac6814846d5d94168e8533a3088620732917ec742e?s=96&d=mm&r=g\",\"contentUrl\":\"https:\\\/\\\/secure.gravatar.com\\\/avatar\\\/9a32759cfac6842eec272cac6814846d5d94168e8533a3088620732917ec742e?s=96&d=mm&r=g\",\"caption\":\"Redacci\u00f3n Editorial\"}}]}<\/script>\n<!-- \/ Yoast SEO plugin. -->","yoast_head_json":{"title":"D\u00eda Mundial de la Salud 2022, responsabilidad para un mundo m\u00e1s saludable - iMagazine - Soluciones para la Diabetes","description":"En el D\u00eda Mundial de la Salud 2022, reflexionamos sobre el impacto que tiene en la salud, el cuidado del medio ambiente. \u00a1Comparte tu opini\u00f3n!","robots":{"index":"index","follow":"follow","max-snippet":"max-snippet:-1","max-image-preview":"max-image-preview:large","max-video-preview":"max-video-preview:-1"},"canonical":"https:\/\/www.solucionesparaladiabetes.com\/magazine-diabetes\/dia-mundial-de-la-salud-2022-responsabilidad-para-un-mundo-mas-saludable\/","og_locale":"es_ES","og_type":"article","og_title":"D\u00eda Mundial de la Salud 2022, responsabilidad para un mundo m\u00e1s saludable - iMagazine - Soluciones para la Diabetes","og_description":"En el D\u00eda Mundial de la Salud 2022, reflexionamos sobre el impacto que tiene en la salud, el cuidado del medio ambiente. \u00a1Comparte tu opini\u00f3n!","og_url":"https:\/\/www.solucionesparaladiabetes.com\/magazine-diabetes\/dia-mundial-de-la-salud-2022-responsabilidad-para-un-mundo-mas-saludable\/","og_site_name":"Soluciones para la Diabetes","article_published_time":"2022-04-06T06:00:50+00:00","article_modified_time":"2024-06-10T14:09:13+00:00","og_image":[{"width":900,"height":600,"url":"https:\/\/www.solucionesparaladiabetes.com\/magazine-diabetes\/wp-content\/uploads\/Dia_Mundial_Salud.jpeg","type":"image\/jpeg"}],"author":"Redacci\u00f3n Editorial","twitter_card":"summary_large_image","twitter_creator":"@soluciondiabete","twitter_site":"@soluciondiabete","twitter_misc":{"Escrito por":"Redacci\u00f3n Editorial","Tiempo de lectura":"3 minutos"},"schema":{"@context":"https:\/\/schema.org","@graph":[{"@type":"Article","@id":"https:\/\/www.solucionesparaladiabetes.com\/magazine-diabetes\/dia-mundial-de-la-salud-2022-responsabilidad-para-un-mundo-mas-saludable\/#article","isPartOf":{"@id":"https:\/\/www.solucionesparaladiabetes.com\/magazine-diabetes\/dia-mundial-de-la-salud-2022-responsabilidad-para-un-mundo-mas-saludable\/"},"author":{"name":"Redacci\u00f3n Editorial","@id":"https:\/\/www.solucionesparaladiabetes.com\/magazine-diabetes\/#\/schema\/person\/9d25dba87bbcd3627b3db1c9acfc9bd7"},"headline":"D\u00eda Mundial de la Salud 2022, responsabilidad para un mundo m\u00e1s saludable","datePublished":"2022-04-06T06:00:50+00:00","dateModified":"2024-06-10T14:09:13+00:00","mainEntityOfPage":{"@id":"https:\/\/www.solucionesparaladiabetes.com\/magazine-diabetes\/dia-mundial-de-la-salud-2022-responsabilidad-para-un-mundo-mas-saludable\/"},"wordCount":532,"commentCount":0,"image":{"@id":"https:\/\/www.solucionesparaladiabetes.com\/magazine-diabetes\/dia-mundial-de-la-salud-2022-responsabilidad-para-un-mundo-mas-saludable\/#primaryimage"},"thumbnailUrl":"https:\/\/www.solucionesparaladiabetes.com\/magazine-diabetes\/wp-content\/uploads\/Dia_Mundial_Salud.jpeg","articleSection":["Actualidad"],"inLanguage":"es","potentialAction":[{"@type":"CommentAction","name":"Comment","target":["https:\/\/www.solucionesparaladiabetes.com\/magazine-diabetes\/dia-mundial-de-la-salud-2022-responsabilidad-para-un-mundo-mas-saludable\/#respond"]}]},{"@type":"WebPage","@id":"https:\/\/www.solucionesparaladiabetes.com\/magazine-diabetes\/dia-mundial-de-la-salud-2022-responsabilidad-para-un-mundo-mas-saludable\/","url":"https:\/\/www.solucionesparaladiabetes.com\/magazine-diabetes\/dia-mundial-de-la-salud-2022-responsabilidad-para-un-mundo-mas-saludable\/","name":"D\u00eda Mundial de la Salud 2022, responsabilidad para un mundo m\u00e1s saludable - iMagazine - Soluciones para la Diabetes","isPartOf":{"@id":"https:\/\/www.solucionesparaladiabetes.com\/magazine-diabetes\/#website"},"primaryImageOfPage":{"@id":"https:\/\/www.solucionesparaladiabetes.com\/magazine-diabetes\/dia-mundial-de-la-salud-2022-responsabilidad-para-un-mundo-mas-saludable\/#primaryimage"},"image":{"@id":"https:\/\/www.solucionesparaladiabetes.com\/magazine-diabetes\/dia-mundial-de-la-salud-2022-responsabilidad-para-un-mundo-mas-saludable\/#primaryimage"},"thumbnailUrl":"https:\/\/www.solucionesparaladiabetes.com\/magazine-diabetes\/wp-content\/uploads\/Dia_Mundial_Salud.jpeg","datePublished":"2022-04-06T06:00:50+00:00","dateModified":"2024-06-10T14:09:13+00:00","author":{"@id":"https:\/\/www.solucionesparaladiabetes.com\/magazine-diabetes\/#\/schema\/person\/9d25dba87bbcd3627b3db1c9acfc9bd7"},"description":"En el D\u00eda Mundial de la Salud 2022, reflexionamos sobre el impacto que tiene en la salud, el cuidado del medio ambiente. \u00a1Comparte tu opini\u00f3n!","breadcrumb":{"@id":"https:\/\/www.solucionesparaladiabetes.com\/magazine-diabetes\/dia-mundial-de-la-salud-2022-responsabilidad-para-un-mundo-mas-saludable\/#breadcrumb"},"inLanguage":"es","potentialAction":[{"@type":"ReadAction","target":["https:\/\/www.solucionesparaladiabetes.com\/magazine-diabetes\/dia-mundial-de-la-salud-2022-responsabilidad-para-un-mundo-mas-saludable\/"]}]},{"@type":"ImageObject","inLanguage":"es","@id":"https:\/\/www.solucionesparaladiabetes.com\/magazine-diabetes\/dia-mundial-de-la-salud-2022-responsabilidad-para-un-mundo-mas-saludable\/#primaryimage","url":"https:\/\/www.solucionesparaladiabetes.com\/magazine-diabetes\/wp-content\/uploads\/Dia_Mundial_Salud.jpeg","contentUrl":"https:\/\/www.solucionesparaladiabetes.com\/magazine-diabetes\/wp-content\/uploads\/Dia_Mundial_Salud.jpeg","width":900,"height":600,"caption":"Diia Mundial de la Salud 2022"},{"@type":"BreadcrumbList","@id":"https:\/\/www.solucionesparaladiabetes.com\/magazine-diabetes\/dia-mundial-de-la-salud-2022-responsabilidad-para-un-mundo-mas-saludable\/#breadcrumb","itemListElement":[{"@type":"ListItem","position":1,"name":"Portada","item":"https:\/\/www.solucionesparaladiabetes.com\/magazine-diabetes\/"},{"@type":"ListItem","position":2,"name":"D\u00eda Mundial de la Salud 2022, responsabilidad para un mundo m\u00e1s saludable"}]},{"@type":"WebSite","@id":"https:\/\/www.solucionesparaladiabetes.com\/magazine-diabetes\/#website","url":"https:\/\/www.solucionesparaladiabetes.com\/magazine-diabetes\/","name":"Soluciones para la Diabetes","description":"iMagazine","potentialAction":[{"@type":"SearchAction","target":{"@type":"EntryPoint","urlTemplate":"https:\/\/www.solucionesparaladiabetes.com\/magazine-diabetes\/?s={search_term_string}"},"query-input":{"@type":"PropertyValueSpecification","valueRequired":true,"valueName":"search_term_string"}}],"inLanguage":"es"},{"@type":"Person","@id":"https:\/\/www.solucionesparaladiabetes.com\/magazine-diabetes\/#\/schema\/person\/9d25dba87bbcd3627b3db1c9acfc9bd7","name":"Redacci\u00f3n Editorial","image":{"@type":"ImageObject","inLanguage":"es","@id":"https:\/\/secure.gravatar.com\/avatar\/9a32759cfac6842eec272cac6814846d5d94168e8533a3088620732917ec742e?s=96&d=mm&r=g","url":"https:\/\/secure.gravatar.com\/avatar\/9a32759cfac6842eec272cac6814846d5d94168e8533a3088620732917ec742e?s=96&d=mm&r=g","contentUrl":"https:\/\/secure.gravatar.com\/avatar\/9a32759cfac6842eec272cac6814846d5d94168e8533a3088620732917ec742e?s=96&d=mm&r=g","caption":"Redacci\u00f3n Editorial"}}]}},"_links":{"self":[{"href":"https:\/\/www.solucionesparaladiabetes.com\/magazine-diabetes\/wp-json\/wp\/v2\/posts\/11176","targetHints":{"allow":["GET"]}}],"collection":[{"href":"https:\/\/www.solucionesparaladiabetes.com\/magazine-diabetes\/wp-json\/wp\/v2\/posts"}],"about":[{"href":"https:\/\/www.solucionesparaladiabetes.com\/magazine-diabetes\/wp-json\/wp\/v2\/types\/post"}],"author":[{"embeddable":true,"href":"https:\/\/www.solucionesparaladiabetes.com\/magazine-diabetes\/wp-json\/wp\/v2\/users\/19"}],"replies":[{"embeddable":true,"href":"https:\/\/www.solucionesparaladiabetes.com\/magazine-diabetes\/wp-json\/wp\/v2\/comments?post=11176"}],"version-history":[{"count":6,"href":"https:\/\/www.solucionesparaladiabetes.com\/magazine-diabetes\/wp-json\/wp\/v2\/posts\/11176\/revisions"}],"predecessor-version":[{"id":12707,"href":"https:\/\/www.solucionesparaladiabetes.com\/magazine-diabetes\/wp-json\/wp\/v2\/posts\/11176\/revisions\/12707"}],"wp:featuredmedia":[{"embeddable":true,"href":"https:\/\/www.solucionesparaladiabetes.com\/magazine-diabetes\/wp-json\/wp\/v2\/media\/11238"}],"wp:attachment":[{"href":"https:\/\/www.solucionesparaladiabetes.com\/magazine-diabetes\/wp-json\/wp\/v2\/media?parent=11176"}],"wp:term":[{"taxonomy":"category","embeddable":true,"href":"https:\/\/www.solucionesparaladiabetes.com\/magazine-diabetes\/wp-json\/wp\/v2\/categories?post=11176"},{"taxonomy":"post_tag","embeddable":true,"href":"https:\/\/www.solucionesparaladiabetes.com\/magazine-diabetes\/wp-json\/wp\/v2\/tags?post=11176"}],"curies":[{"name":"wp","href":"https:\/\/api.w.org\/{rel}","templated":true}]}}