{"id":10270,"date":"2022-03-18T08:00:07","date_gmt":"2022-03-18T07:00:07","guid":{"rendered":"http:\/\/www.solucionesparaladiabetes.com\/magazine-diabetes\/?p=10270"},"modified":"2023-03-31T08:22:06","modified_gmt":"2023-03-31T06:22:06","slug":"alergias-primaverales-y-diabetes-como-nos-pueden-afectar","status":"publish","type":"post","link":"https:\/\/www.solucionesparaladiabetes.com\/magazine-diabetes\/alergias-primaverales-y-diabetes-como-nos-pueden-afectar\/","title":{"rendered":"Alergias primaverales y diabetes: \u00bfC\u00f3mo te pueden afectar?"},"content":{"rendered":"<p>La primavera es una \u00e9poca del a\u00f1o de muchos contrastes: pasamos del fr\u00edo al calor, los m\u00e1s j\u00f3venes terminan las clases mientras se acerca el verano, las lluvias toman protagonismo, el paisaje empieza a cambiar, y sobre todo, \u00e1rboles y plantas empiezan a florecer. Con esto \u00faltimo tambi\u00e9n llegan las temidas <strong>alergias primaverales<\/strong>, relacionadas con el polen de algunas especies que florecen en primavera.<\/p>\n<p>La <a href=\"https:\/\/medlineplus.gov\/spanish\/allergy.html#:~:text=Una%20alergia%20es%20una%20reacci%C3%B3n,Polen\" target=\"_blank\" rel=\"noopener\">alergia<\/a> es una <strong>reacci\u00f3n del sistema inmune ante algunos agentes que el organismo considera perjudiciales<\/strong>. Aunque es com\u00fan ser al\u00e9rgico a m\u00e1s de una cosa, la primavera es la peor estaci\u00f3n debido a que es dif\u00edcil de controlar aquello que causa la reacci\u00f3n. Podemos evitar algunos alimentos a los que somos al\u00e9rgicos, o no tener ciertos animales que nos causan alguna reacci\u00f3n, pero <strong>no podemos evitar el proceso natural de polinizaci\u00f3n.<\/strong><\/p>\n<p>Los s\u00edntomas de la alergia pueden variar mucho de una persona a otra, pero tambi\u00e9n <strong>pueden afectar a algunas condiciones previas como puede ser la diabetes<\/strong>.<\/p>\n<h2>Alergia y diabetes<\/h2>\n<p>Como dec\u00edamos, la alergia puede presentar <a href=\"https:\/\/www.sanitas.es\/sanitas\/seguros\/es\/particulares\/biblioteca-de-salud\/prevencion-salud\/alergia-primaveral.html\" target=\"_blank\" rel=\"noopener\">varios s\u00edntomas<\/a> que pueden ir desde alg\u00fan leve picor o estornudo, hasta dificultades para respirar o conjuntivitis. Los s\u00edntomas m\u00e1s comunes de la alergia primaveral son los siguientes:<\/p>\n<ul>\n<li>Picor de ojos y\/o nariz<\/li>\n<li>Moqueo y\/o congesti\u00f3n nasal<\/li>\n<li>Rinitis<\/li>\n<li>Tos<\/li>\n<li>Estornudos<\/li>\n<li>Sensaci\u00f3n de falta de aire<\/li>\n<li>Lagrimeo<\/li>\n<li>Mayor sensibilidad a la luz<\/li>\n<li>Reacciones en la piel<\/li>\n<\/ul>\n<p>Existen <strong>tratamientos<\/strong> que nos ayudan a controlar estos s\u00edntomas y a evitar problemas mayores, como son los antihistam\u00ednicos, los corticoides o las vacunas. Sin embargo, <strong>algunos de ellos podr\u00edan <a href=\"https:\/\/objetivo-cerohipoglucemias.es\/agenda\/las-alergias-primaverales-y-la-diabetes.html\" target=\"_blank\" rel=\"noopener\">interferir en el control de nuestra diabetes<\/a><\/strong>.<\/p>\n<p>Los efectos de algunos medicamentos para la alergia sobre nuestra diabetes son:<\/p>\n<ul>\n<li>Medicamentos como los <strong>antihistam\u00ednicos<\/strong> reducen el nivel de glucosa en sangre, aumentando el riesgo de sufrir una <strong>hipoglucemia<\/strong>.<\/li>\n<li>Algunos medicamentos podr\u00edan anular o reducir el efecto de otros que hayan sido prescritos para el tratamiento de la diabetes.<\/li>\n<li>Los corticoides, que pueden prescribirnos en caso de alergia, pueden aumentar el nivel de az\u00facar en sangre.<\/li>\n<\/ul>\n<p>Por supuesto, es<strong> imprescindible consultar con un profesional m\u00e9dico para que valore cada caso de forma individualizada<\/strong>. El control de la diabetes debe mantenerse lo m\u00e1s estable posible, y ante cualquier duda, hay que evitar automedicarse o no seguir la pauta marcada por nuestro m\u00e9dico.<\/p>\n<h2>Consejos para prevenir los s\u00edntomas de la alergia<\/h2>\n<p>Aunque en \u00faltima instancia siempre tenemos a los medicamentos para ayudarnos a superar alguna fase un poco m\u00e1s complicada durante la primavera, te podemos dar algunos consejos para<strong>\u00a0minimizar el <a href=\"https:\/\/www.sanitas.es\/sanitas\/seguros\/es\/particulares\/biblioteca-de-salud\/prevencion-salud\/alergias-primavera-evitar.html\">impacto de la alergia<\/a><\/strong>.<\/p>\n<p>El principal y m\u00e1s evidente, es <strong>evitar exponerte a aquello que te causa la alergia<\/strong>, en este caso el polen. No siempre se puede conseguir, porque la vida sigue y el trabajo y las actividades diarias no se detienen, pero <a href=\"https:\/\/colegioenfermeriacaceres.org\/esta-primavera-no-dejes-que-la-alergia-te-frene\/\" target=\"_blank\" rel=\"noopener\">seg\u00fan el Colegio de Enfermer\u00eda de C\u00e1ceres<\/a>, las peores horas son <strong>entre las 5:00 y las 10:00, y entre las 19:00 y las 22:00<\/strong>.<\/p>\n<p>Comprobar los <strong>niveles de polen de tu zona<\/strong> tambi\u00e9n te ser\u00e1 muy \u00fatil para saber si hay m\u00e1s o menos riesgo. Existen <strong>herramientas como <a href=\"https:\/\/www.polenes.com\/es\/home\" target=\"_blank\" rel=\"noopener\">P\u00f3lenes<\/a><\/strong>, de la Sociedad Espa\u00f1ola de Alergolog\u00eda e Inmunolog\u00eda Cl\u00ednica, que nos permiten <strong>ver los niveles de alerta y el tipo de polen en varias zonas del pa\u00eds<\/strong>.<\/p>\n<p>Si utilizas sistemas de aire acondicionado, ya sea en el coche o en casa, recuerda <strong>revisar los filtros antipolen<\/strong>. As\u00ed evitar\u00e1s que se cuelen particular en el interior. Tambi\u00e9n evitar ventilar durante mucho rato la casa (se ha de ventilar igualmente, pero podemos hacerlo en horas de menos riesgo), o viajar con las ventanillas abiertas, te ayudar\u00e1 a que entren menos part\u00edculas. Una bayeta h\u00fameda te ayudar\u00e1 a limpiar y recoger lo que haya podido entrar y as\u00ed eliminar los restos.<\/p>\n<p>Si has de pasar por zonas donde inevitablemente tendr\u00e1s contacto con polen, puedes <strong>protegerte los ojos<\/strong> (unas gafas de sol ya son de ayuda), o <strong>utilizar alguna mascarilla<\/strong> (FFP2 preferiblemente) para reducir la cantidad de polen aspirado.<\/p>\n<h3>Consulta a tu profesional sanitario de referencia<\/h3>\n<p>La alergia primaveral puede ser un peque\u00f1o obst\u00e1culo, pero deber\u00edamos procurar que no interfiriera con el correcto control de la diabetes. <strong>Con la ayuda de un profesional m\u00e9dico<\/strong> que adapte la medicaci\u00f3n, y yendo con <strong>cuidado con las peores horas y zonas<\/strong> donde pueda haber m\u00e1s concentraci\u00f3n de polen, estamos seguros de que conseguir\u00e1s disfrutar de la primavera.<\/p>\n","protected":false},"excerpt":{"rendered":"<p>La primavera es una \u00e9poca del a\u00f1o de muchos contrastes: pasamos del fr\u00edo al calor, los m\u00e1s j\u00f3venes terminan las clases mientras se acerca el verano, las lluvias toman protagonismo, [&hellip;]<\/p>\n","protected":false},"author":17,"featured_media":11135,"comment_status":"open","ping_status":"open","sticky":false,"template":"","format":"standard","meta":{"_acf_changed":false,"_monsterinsights_skip_tracking":false,"_monsterinsights_sitenote_active":false,"_monsterinsights_sitenote_note":"","_monsterinsights_sitenote_category":0,"footnotes":""},"categories":[89],"tags":[536,227],"class_list":["post-10270","post","type-post","status-publish","format-standard","has-post-thumbnail","hentry","category-consejos-diabetes-tipo-1-y-2","tag-control-de-la-diabetes","tag-recomendaciones"],"acf":[],"yoast_head":"<!-- This site is optimized with the Yoast SEO plugin v27.5 - https:\/\/yoast.com\/product\/yoast-seo-wordpress\/ -->\n<title>Alergias primaverales y diabetes: \u00bfC\u00f3mo te pueden afectar? - iMagazine - Soluciones para la Diabetes<\/title>\n<meta name=\"description\" content=\"Las alergias primaverales pueden afectar al control de la diabetes. Te dejamos algunos consejos para que disfrutes al m\u00e1ximo de la primavera.\" \/>\n<meta name=\"robots\" content=\"index, follow, max-snippet:-1, max-image-preview:large, max-video-preview:-1\" \/>\n<link rel=\"canonical\" href=\"https:\/\/www.solucionesparaladiabetes.com\/magazine-diabetes\/alergias-primaverales-y-diabetes-como-nos-pueden-afectar\/\" \/>\n<meta property=\"og:locale\" content=\"es_ES\" \/>\n<meta property=\"og:type\" content=\"article\" \/>\n<meta property=\"og:title\" content=\"Alergias primaverales y diabetes: \u00bfC\u00f3mo te pueden afectar? - iMagazine - Soluciones para la Diabetes\" \/>\n<meta property=\"og:description\" content=\"Las alergias primaverales pueden afectar al control de la diabetes. Te dejamos algunos consejos para que disfrutes al m\u00e1ximo de la primavera.\" \/>\n<meta property=\"og:url\" content=\"https:\/\/www.solucionesparaladiabetes.com\/magazine-diabetes\/alergias-primaverales-y-diabetes-como-nos-pueden-afectar\/\" \/>\n<meta property=\"og:site_name\" content=\"Soluciones para la Diabetes\" \/>\n<meta property=\"article:published_time\" content=\"2022-03-18T07:00:07+00:00\" \/>\n<meta property=\"article:modified_time\" content=\"2023-03-31T06:22:06+00:00\" \/>\n<meta property=\"og:image\" content=\"http:\/\/www.solucionesparaladiabetes.com\/magazine-diabetes\/wp-content\/uploads\/Alergias-primaverales.jpeg\" \/>\n\t<meta property=\"og:image:width\" content=\"900\" \/>\n\t<meta property=\"og:image:height\" content=\"600\" \/>\n\t<meta property=\"og:image:type\" content=\"image\/jpeg\" \/>\n<meta name=\"author\" content=\"SuperAdmin\" \/>\n<meta name=\"twitter:card\" content=\"summary_large_image\" \/>\n<meta name=\"twitter:creator\" content=\"@soluciondiabete\" \/>\n<meta name=\"twitter:site\" content=\"@soluciondiabete\" \/>\n<meta name=\"twitter:label1\" content=\"Escrito por\" \/>\n\t<meta name=\"twitter:data1\" content=\"SuperAdmin\" \/>\n\t<meta name=\"twitter:label2\" content=\"Tiempo de lectura\" \/>\n\t<meta name=\"twitter:data2\" content=\"4 minutos\" \/>\n<script type=\"application\/ld+json\" class=\"yoast-schema-graph\">{\"@context\":\"https:\\\/\\\/schema.org\",\"@graph\":[{\"@type\":\"Article\",\"@id\":\"https:\\\/\\\/www.solucionesparaladiabetes.com\\\/magazine-diabetes\\\/alergias-primaverales-y-diabetes-como-nos-pueden-afectar\\\/#article\",\"isPartOf\":{\"@id\":\"https:\\\/\\\/www.solucionesparaladiabetes.com\\\/magazine-diabetes\\\/alergias-primaverales-y-diabetes-como-nos-pueden-afectar\\\/\"},\"author\":{\"name\":\"SuperAdmin\",\"@id\":\"https:\\\/\\\/www.solucionesparaladiabetes.com\\\/magazine-diabetes\\\/#\\\/schema\\\/person\\\/e2baa2823993aa90e52cca43e9244bbd\"},\"headline\":\"Alergias primaverales y diabetes: \u00bfC\u00f3mo te pueden afectar?\",\"datePublished\":\"2022-03-18T07:00:07+00:00\",\"dateModified\":\"2023-03-31T06:22:06+00:00\",\"mainEntityOfPage\":{\"@id\":\"https:\\\/\\\/www.solucionesparaladiabetes.com\\\/magazine-diabetes\\\/alergias-primaverales-y-diabetes-como-nos-pueden-afectar\\\/\"},\"wordCount\":782,\"commentCount\":0,\"image\":{\"@id\":\"https:\\\/\\\/www.solucionesparaladiabetes.com\\\/magazine-diabetes\\\/alergias-primaverales-y-diabetes-como-nos-pueden-afectar\\\/#primaryimage\"},\"thumbnailUrl\":\"https:\\\/\\\/www.solucionesparaladiabetes.com\\\/magazine-diabetes\\\/wp-content\\\/uploads\\\/Alergias-primaverales.jpeg\",\"keywords\":[\"Control de la diabetes\",\"Recomendaciones\"],\"articleSection\":[\"Informaci\u00f3n general de la DIABETES\"],\"inLanguage\":\"es\",\"potentialAction\":[{\"@type\":\"CommentAction\",\"name\":\"Comment\",\"target\":[\"https:\\\/\\\/www.solucionesparaladiabetes.com\\\/magazine-diabetes\\\/alergias-primaverales-y-diabetes-como-nos-pueden-afectar\\\/#respond\"]}]},{\"@type\":\"WebPage\",\"@id\":\"https:\\\/\\\/www.solucionesparaladiabetes.com\\\/magazine-diabetes\\\/alergias-primaverales-y-diabetes-como-nos-pueden-afectar\\\/\",\"url\":\"https:\\\/\\\/www.solucionesparaladiabetes.com\\\/magazine-diabetes\\\/alergias-primaverales-y-diabetes-como-nos-pueden-afectar\\\/\",\"name\":\"Alergias primaverales y diabetes: \u00bfC\u00f3mo te pueden afectar? - iMagazine - Soluciones para la Diabetes\",\"isPartOf\":{\"@id\":\"https:\\\/\\\/www.solucionesparaladiabetes.com\\\/magazine-diabetes\\\/#website\"},\"primaryImageOfPage\":{\"@id\":\"https:\\\/\\\/www.solucionesparaladiabetes.com\\\/magazine-diabetes\\\/alergias-primaverales-y-diabetes-como-nos-pueden-afectar\\\/#primaryimage\"},\"image\":{\"@id\":\"https:\\\/\\\/www.solucionesparaladiabetes.com\\\/magazine-diabetes\\\/alergias-primaverales-y-diabetes-como-nos-pueden-afectar\\\/#primaryimage\"},\"thumbnailUrl\":\"https:\\\/\\\/www.solucionesparaladiabetes.com\\\/magazine-diabetes\\\/wp-content\\\/uploads\\\/Alergias-primaverales.jpeg\",\"datePublished\":\"2022-03-18T07:00:07+00:00\",\"dateModified\":\"2023-03-31T06:22:06+00:00\",\"author\":{\"@id\":\"https:\\\/\\\/www.solucionesparaladiabetes.com\\\/magazine-diabetes\\\/#\\\/schema\\\/person\\\/e2baa2823993aa90e52cca43e9244bbd\"},\"description\":\"Las alergias primaverales pueden afectar al control de la diabetes. Te dejamos algunos consejos para que disfrutes al m\u00e1ximo de la primavera.\",\"breadcrumb\":{\"@id\":\"https:\\\/\\\/www.solucionesparaladiabetes.com\\\/magazine-diabetes\\\/alergias-primaverales-y-diabetes-como-nos-pueden-afectar\\\/#breadcrumb\"},\"inLanguage\":\"es\",\"potentialAction\":[{\"@type\":\"ReadAction\",\"target\":[\"https:\\\/\\\/www.solucionesparaladiabetes.com\\\/magazine-diabetes\\\/alergias-primaverales-y-diabetes-como-nos-pueden-afectar\\\/\"]}]},{\"@type\":\"ImageObject\",\"inLanguage\":\"es\",\"@id\":\"https:\\\/\\\/www.solucionesparaladiabetes.com\\\/magazine-diabetes\\\/alergias-primaverales-y-diabetes-como-nos-pueden-afectar\\\/#primaryimage\",\"url\":\"https:\\\/\\\/www.solucionesparaladiabetes.com\\\/magazine-diabetes\\\/wp-content\\\/uploads\\\/Alergias-primaverales.jpeg\",\"contentUrl\":\"https:\\\/\\\/www.solucionesparaladiabetes.com\\\/magazine-diabetes\\\/wp-content\\\/uploads\\\/Alergias-primaverales.jpeg\",\"width\":900,\"height\":600,\"caption\":\"Alergias primaverales\"},{\"@type\":\"BreadcrumbList\",\"@id\":\"https:\\\/\\\/www.solucionesparaladiabetes.com\\\/magazine-diabetes\\\/alergias-primaverales-y-diabetes-como-nos-pueden-afectar\\\/#breadcrumb\",\"itemListElement\":[{\"@type\":\"ListItem\",\"position\":1,\"name\":\"Portada\",\"item\":\"https:\\\/\\\/www.solucionesparaladiabetes.com\\\/magazine-diabetes\\\/\"},{\"@type\":\"ListItem\",\"position\":2,\"name\":\"Alergias primaverales y diabetes: \u00bfC\u00f3mo te pueden afectar?\"}]},{\"@type\":\"WebSite\",\"@id\":\"https:\\\/\\\/www.solucionesparaladiabetes.com\\\/magazine-diabetes\\\/#website\",\"url\":\"https:\\\/\\\/www.solucionesparaladiabetes.com\\\/magazine-diabetes\\\/\",\"name\":\"Soluciones para la Diabetes\",\"description\":\"iMagazine\",\"potentialAction\":[{\"@type\":\"SearchAction\",\"target\":{\"@type\":\"EntryPoint\",\"urlTemplate\":\"https:\\\/\\\/www.solucionesparaladiabetes.com\\\/magazine-diabetes\\\/?s={search_term_string}\"},\"query-input\":{\"@type\":\"PropertyValueSpecification\",\"valueRequired\":true,\"valueName\":\"search_term_string\"}}],\"inLanguage\":\"es\"},{\"@type\":\"Person\",\"@id\":\"https:\\\/\\\/www.solucionesparaladiabetes.com\\\/magazine-diabetes\\\/#\\\/schema\\\/person\\\/e2baa2823993aa90e52cca43e9244bbd\",\"name\":\"SuperAdmin\",\"image\":{\"@type\":\"ImageObject\",\"inLanguage\":\"es\",\"@id\":\"https:\\\/\\\/secure.gravatar.com\\\/avatar\\\/1d286116912ae259114012192d6e96a07e4a23d045b6f106f625587f72a3d349?s=96&d=mm&r=g\",\"url\":\"https:\\\/\\\/secure.gravatar.com\\\/avatar\\\/1d286116912ae259114012192d6e96a07e4a23d045b6f106f625587f72a3d349?s=96&d=mm&r=g\",\"contentUrl\":\"https:\\\/\\\/secure.gravatar.com\\\/avatar\\\/1d286116912ae259114012192d6e96a07e4a23d045b6f106f625587f72a3d349?s=96&d=mm&r=g\",\"caption\":\"SuperAdmin\"}}]}<\/script>\n<!-- \/ Yoast SEO plugin. -->","yoast_head_json":{"title":"Alergias primaverales y diabetes: \u00bfC\u00f3mo te pueden afectar? - iMagazine - Soluciones para la Diabetes","description":"Las alergias primaverales pueden afectar al control de la diabetes. Te dejamos algunos consejos para que disfrutes al m\u00e1ximo de la primavera.","robots":{"index":"index","follow":"follow","max-snippet":"max-snippet:-1","max-image-preview":"max-image-preview:large","max-video-preview":"max-video-preview:-1"},"canonical":"https:\/\/www.solucionesparaladiabetes.com\/magazine-diabetes\/alergias-primaverales-y-diabetes-como-nos-pueden-afectar\/","og_locale":"es_ES","og_type":"article","og_title":"Alergias primaverales y diabetes: \u00bfC\u00f3mo te pueden afectar? - iMagazine - Soluciones para la Diabetes","og_description":"Las alergias primaverales pueden afectar al control de la diabetes. Te dejamos algunos consejos para que disfrutes al m\u00e1ximo de la primavera.","og_url":"https:\/\/www.solucionesparaladiabetes.com\/magazine-diabetes\/alergias-primaverales-y-diabetes-como-nos-pueden-afectar\/","og_site_name":"Soluciones para la Diabetes","article_published_time":"2022-03-18T07:00:07+00:00","article_modified_time":"2023-03-31T06:22:06+00:00","og_image":[{"width":900,"height":600,"url":"http:\/\/www.solucionesparaladiabetes.com\/magazine-diabetes\/wp-content\/uploads\/Alergias-primaverales.jpeg","type":"image\/jpeg"}],"author":"SuperAdmin","twitter_card":"summary_large_image","twitter_creator":"@soluciondiabete","twitter_site":"@soluciondiabete","twitter_misc":{"Escrito por":"SuperAdmin","Tiempo de lectura":"4 minutos"},"schema":{"@context":"https:\/\/schema.org","@graph":[{"@type":"Article","@id":"https:\/\/www.solucionesparaladiabetes.com\/magazine-diabetes\/alergias-primaverales-y-diabetes-como-nos-pueden-afectar\/#article","isPartOf":{"@id":"https:\/\/www.solucionesparaladiabetes.com\/magazine-diabetes\/alergias-primaverales-y-diabetes-como-nos-pueden-afectar\/"},"author":{"name":"SuperAdmin","@id":"https:\/\/www.solucionesparaladiabetes.com\/magazine-diabetes\/#\/schema\/person\/e2baa2823993aa90e52cca43e9244bbd"},"headline":"Alergias primaverales y diabetes: \u00bfC\u00f3mo te pueden afectar?","datePublished":"2022-03-18T07:00:07+00:00","dateModified":"2023-03-31T06:22:06+00:00","mainEntityOfPage":{"@id":"https:\/\/www.solucionesparaladiabetes.com\/magazine-diabetes\/alergias-primaverales-y-diabetes-como-nos-pueden-afectar\/"},"wordCount":782,"commentCount":0,"image":{"@id":"https:\/\/www.solucionesparaladiabetes.com\/magazine-diabetes\/alergias-primaverales-y-diabetes-como-nos-pueden-afectar\/#primaryimage"},"thumbnailUrl":"https:\/\/www.solucionesparaladiabetes.com\/magazine-diabetes\/wp-content\/uploads\/Alergias-primaverales.jpeg","keywords":["Control de la diabetes","Recomendaciones"],"articleSection":["Informaci\u00f3n general de la DIABETES"],"inLanguage":"es","potentialAction":[{"@type":"CommentAction","name":"Comment","target":["https:\/\/www.solucionesparaladiabetes.com\/magazine-diabetes\/alergias-primaverales-y-diabetes-como-nos-pueden-afectar\/#respond"]}]},{"@type":"WebPage","@id":"https:\/\/www.solucionesparaladiabetes.com\/magazine-diabetes\/alergias-primaverales-y-diabetes-como-nos-pueden-afectar\/","url":"https:\/\/www.solucionesparaladiabetes.com\/magazine-diabetes\/alergias-primaverales-y-diabetes-como-nos-pueden-afectar\/","name":"Alergias primaverales y diabetes: \u00bfC\u00f3mo te pueden afectar? - iMagazine - Soluciones para la Diabetes","isPartOf":{"@id":"https:\/\/www.solucionesparaladiabetes.com\/magazine-diabetes\/#website"},"primaryImageOfPage":{"@id":"https:\/\/www.solucionesparaladiabetes.com\/magazine-diabetes\/alergias-primaverales-y-diabetes-como-nos-pueden-afectar\/#primaryimage"},"image":{"@id":"https:\/\/www.solucionesparaladiabetes.com\/magazine-diabetes\/alergias-primaverales-y-diabetes-como-nos-pueden-afectar\/#primaryimage"},"thumbnailUrl":"https:\/\/www.solucionesparaladiabetes.com\/magazine-diabetes\/wp-content\/uploads\/Alergias-primaverales.jpeg","datePublished":"2022-03-18T07:00:07+00:00","dateModified":"2023-03-31T06:22:06+00:00","author":{"@id":"https:\/\/www.solucionesparaladiabetes.com\/magazine-diabetes\/#\/schema\/person\/e2baa2823993aa90e52cca43e9244bbd"},"description":"Las alergias primaverales pueden afectar al control de la diabetes. Te dejamos algunos consejos para que disfrutes al m\u00e1ximo de la primavera.","breadcrumb":{"@id":"https:\/\/www.solucionesparaladiabetes.com\/magazine-diabetes\/alergias-primaverales-y-diabetes-como-nos-pueden-afectar\/#breadcrumb"},"inLanguage":"es","potentialAction":[{"@type":"ReadAction","target":["https:\/\/www.solucionesparaladiabetes.com\/magazine-diabetes\/alergias-primaverales-y-diabetes-como-nos-pueden-afectar\/"]}]},{"@type":"ImageObject","inLanguage":"es","@id":"https:\/\/www.solucionesparaladiabetes.com\/magazine-diabetes\/alergias-primaverales-y-diabetes-como-nos-pueden-afectar\/#primaryimage","url":"https:\/\/www.solucionesparaladiabetes.com\/magazine-diabetes\/wp-content\/uploads\/Alergias-primaverales.jpeg","contentUrl":"https:\/\/www.solucionesparaladiabetes.com\/magazine-diabetes\/wp-content\/uploads\/Alergias-primaverales.jpeg","width":900,"height":600,"caption":"Alergias primaverales"},{"@type":"BreadcrumbList","@id":"https:\/\/www.solucionesparaladiabetes.com\/magazine-diabetes\/alergias-primaverales-y-diabetes-como-nos-pueden-afectar\/#breadcrumb","itemListElement":[{"@type":"ListItem","position":1,"name":"Portada","item":"https:\/\/www.solucionesparaladiabetes.com\/magazine-diabetes\/"},{"@type":"ListItem","position":2,"name":"Alergias primaverales y diabetes: \u00bfC\u00f3mo te pueden afectar?"}]},{"@type":"WebSite","@id":"https:\/\/www.solucionesparaladiabetes.com\/magazine-diabetes\/#website","url":"https:\/\/www.solucionesparaladiabetes.com\/magazine-diabetes\/","name":"Soluciones para la Diabetes","description":"iMagazine","potentialAction":[{"@type":"SearchAction","target":{"@type":"EntryPoint","urlTemplate":"https:\/\/www.solucionesparaladiabetes.com\/magazine-diabetes\/?s={search_term_string}"},"query-input":{"@type":"PropertyValueSpecification","valueRequired":true,"valueName":"search_term_string"}}],"inLanguage":"es"},{"@type":"Person","@id":"https:\/\/www.solucionesparaladiabetes.com\/magazine-diabetes\/#\/schema\/person\/e2baa2823993aa90e52cca43e9244bbd","name":"SuperAdmin","image":{"@type":"ImageObject","inLanguage":"es","@id":"https:\/\/secure.gravatar.com\/avatar\/1d286116912ae259114012192d6e96a07e4a23d045b6f106f625587f72a3d349?s=96&d=mm&r=g","url":"https:\/\/secure.gravatar.com\/avatar\/1d286116912ae259114012192d6e96a07e4a23d045b6f106f625587f72a3d349?s=96&d=mm&r=g","contentUrl":"https:\/\/secure.gravatar.com\/avatar\/1d286116912ae259114012192d6e96a07e4a23d045b6f106f625587f72a3d349?s=96&d=mm&r=g","caption":"SuperAdmin"}}]}},"_links":{"self":[{"href":"https:\/\/www.solucionesparaladiabetes.com\/magazine-diabetes\/wp-json\/wp\/v2\/posts\/10270","targetHints":{"allow":["GET"]}}],"collection":[{"href":"https:\/\/www.solucionesparaladiabetes.com\/magazine-diabetes\/wp-json\/wp\/v2\/posts"}],"about":[{"href":"https:\/\/www.solucionesparaladiabetes.com\/magazine-diabetes\/wp-json\/wp\/v2\/types\/post"}],"author":[{"embeddable":true,"href":"https:\/\/www.solucionesparaladiabetes.com\/magazine-diabetes\/wp-json\/wp\/v2\/users\/17"}],"replies":[{"embeddable":true,"href":"https:\/\/www.solucionesparaladiabetes.com\/magazine-diabetes\/wp-json\/wp\/v2\/comments?post=10270"}],"version-history":[{"count":2,"href":"https:\/\/www.solucionesparaladiabetes.com\/magazine-diabetes\/wp-json\/wp\/v2\/posts\/10270\/revisions"}],"predecessor-version":[{"id":11136,"href":"https:\/\/www.solucionesparaladiabetes.com\/magazine-diabetes\/wp-json\/wp\/v2\/posts\/10270\/revisions\/11136"}],"wp:featuredmedia":[{"embeddable":true,"href":"https:\/\/www.solucionesparaladiabetes.com\/magazine-diabetes\/wp-json\/wp\/v2\/media\/11135"}],"wp:attachment":[{"href":"https:\/\/www.solucionesparaladiabetes.com\/magazine-diabetes\/wp-json\/wp\/v2\/media?parent=10270"}],"wp:term":[{"taxonomy":"category","embeddable":true,"href":"https:\/\/www.solucionesparaladiabetes.com\/magazine-diabetes\/wp-json\/wp\/v2\/categories?post=10270"},{"taxonomy":"post_tag","embeddable":true,"href":"https:\/\/www.solucionesparaladiabetes.com\/magazine-diabetes\/wp-json\/wp\/v2\/tags?post=10270"}],"curies":[{"name":"wp","href":"https:\/\/api.w.org\/{rel}","templated":true}]}}