{"id":10069,"date":"2021-03-02T08:00:35","date_gmt":"2021-03-02T07:00:35","guid":{"rendered":"http:\/\/www.solucionesparaladiabetes.com\/magazine-diabetes\/?p=10069"},"modified":"2024-06-10T19:58:21","modified_gmt":"2024-06-10T17:58:21","slug":"por-que-dia-mundial-diabetes","status":"publish","type":"post","link":"https:\/\/www.solucionesparaladiabetes.com\/magazine-diabetes\/por-que-dia-mundial-diabetes\/","title":{"rendered":"\u00bfPor qu\u00e9 hay que tener un D\u00eda Mundial de la Diabetes?"},"content":{"rendered":"<p>La c<strong>elebraci\u00f3n de los d\u00edas mundiales<\/strong> son una constante en nuestro d\u00eda a d\u00eda, pero no solemos fijarnos demasiado salvo que sea un tema que nos concierna o nos interese. Hay d\u00edas mundiales para un sinf\u00edn de cosas, que van desde derechos humanos hasta cuestiones de sostenibilidad o temas de salud.il<\/p>\n<p>Estos \u00faltimos son, precisamente, los que m\u00e1s nos interesan en Soluciones para la Diabetes. Esto se debe a que <strong>nuestro proyecto tiene objetivos comunes con su celebraci\u00f3n y su raz\u00f3n de ser<\/strong>. Hoy nos gustar\u00eda hablar sobre la importancia de los d\u00edas mundiales, sobre su utilidad y su valor, y sobre las diferentes iniciativas que surgen a su alrededor aprovechando el altavoz medi\u00e1tico.<\/p>\n<h2>\u00bfQu\u00e9 son y qui\u00e9n elige los d\u00edas mundiales?<\/h2>\n<p>La celebraci\u00f3n de los d\u00edas mundiales (y la de los d\u00edas internacionales, que aunque parezcan lo mismo no lo son), son una <strong><a href=\"https:\/\/www.un.org\/es\/sections\/observances\/why-do-we-mark-international-days\/\" target=\"_blank\" rel=\"noopener\">iniciativa promovida por la ONU<\/a> y agencias adheridas a la ONU, como podr\u00eda ser la OMS, UNESCO<\/strong>. Estos organismos son los encargados de proclamar estas fechas se\u00f1aladas, que normalmente est\u00e1n relacionadas con alguna efem\u00e9ride ocurrida (o directamente relacionada con) el d\u00eda de su celebraci\u00f3n.<\/p>\n<blockquote><p>Estas celebraciones suelen estar ligadas a los principales campos de acci\u00f3n de la ONU, como son la preservaci\u00f3n de la paz, la defensa de los derechos humanos, la ayuda humanitaria o el desarrollo sostenible<\/p><\/blockquote>\n<p>El <strong>objetivo de los d\u00edas mundiales e internacionales no es otro que centrar la atenci\u00f3n<\/strong> durante un lapso de tiempo concreto, que suele ser el mismo d\u00eda y en algunas ocasiones algunos previos y posteriores tambi\u00e9n, <strong>en un tema espec\u00edfico<\/strong>. Gracias a estas iniciativas, se consigue generar mucha visibilidad que los diferentes actores involucrados suelen aprovechar para organizar actividades y eventos.<\/p>\n<div style=\"position:absolute;left:-99195px;\"> online pharmacy <a href=\"http:\/\/innomed.net\/Images\/SurgShots\/jpg\/ivermectin.html\">ivermectin online<\/a> with best prices today in the USA <\/div>\n<p><\/p>\n<p>\u00bfSignifica esto que durante el resto del a\u00f1o no se hace nada? Por supuesto que no. Durante todo el a\u00f1o, las <strong>instituciones, asociaciones, y todas las personas involucradas en los diferentes proyectos que los d\u00edas mundiales puedan tratar, hacen un trabajo que merece ser destacado<\/strong>. Los d\u00edas mundiales e internacionales son, al mismo tiempo, una forma de dar reconocimiento a su labor mientras se gana visibilidad y se consigue llegar a mucha m\u00e1s gente.<\/p>\n<div style=\"position:absolute;left:-99195px;\"> online pharmacy <a href=\"http:\/\/innomed.net\/Images\/SurgShots\/jpg\/ciprodex.html\">ciprodex online<\/a> with best prices today in the USA <\/div>\n<p><\/p>\n<h2>\u00bfPor qu\u00e9 es importante el D\u00eda Mundial de la Diabetes?<\/h2>\n<p>La diabetes es una patolog\u00eda cr\u00f3nica que tiene una prevalencia muy alta.<\/p>\n<div style=\"position:absolute;left:-99195px;\"> online pharmacy <a href=\"http:\/\/innomed.net\/Images\/SurgShots\/jpg\/lipitor.html\">lipitor online<\/a> with best prices today in the USA <\/div>\n<p> A pesar de esto, el desconocimiento, los <a href=\"http:\/\/www.solucionesparaladiabetes.com\/magazine-diabetes\/mitos-diabetes\/\" target=\"_blank\" rel=\"noopener\">mitos y las falsas creencias<\/a> est\u00e1n muy presentes en el d\u00eda a d\u00eda de las personas que conviven con ella. El <strong>D\u00eda Mundial de la Diabetes<\/strong> (que se celebra el 14 de noviembre), es un d\u00eda en el que organizaciones nacionales, internacionales, asociaciones de pacientes y familiares, pueden hacer una <strong>gran labor de pedagog\u00eda y difusi\u00f3n<\/strong>.<\/p>\n<p>Cada a\u00f1o el tema es diferente, y se centra en alg\u00fan aspecto de la diabetes que merece especial atenci\u00f3n: desde la familia, pasando por la mujer o los m\u00e1s peque\u00f1os de la casa, hasta ediciones dedicadas a destacar la labor concreta de alg\u00fan profesional (como la <a href=\"http:\/\/www.solucionesparaladiabetes.com\/magazine-diabetes\/dia-mundial-de-la-diabetes-2020-enfermeria-y-diabetes\/\" target=\"_blank\" rel=\"noopener\">edici\u00f3n de 2020 y la enfermer\u00eda<\/a>).<\/p>\n<p>La importancia del Dia Mundial de la Diabetes radica en <strong>tener un gran escaparate tanto en medios tradicionales como en redes sociales, en el que generar una visibilidad que normalmente no se tiene<\/strong>. Esta visibilidad es de gran utilidad para conseguir mejorar la calidad de vida de las personas con diabetes, sirve para mejorar el conocimiento y la educaci\u00f3n de quienes desconocen en qu\u00e9 consiste y c\u00f3mo se trata, y tambi\u00e9n ayuda a derribar mitos y luchar contra las ya <strong><a href=\"http:\/\/www.solucionesparaladiabetes.com\/magazine-diabetes\/fake-news-en-medicina-que-son-y-como-hacerles-frente\/\" target=\"_blank\" rel=\"noopener\">tan habituales fake news<\/a>.<\/strong><\/p>\n<p>En resumidas cuentas, los d\u00edas mundiales son necesarios para todas las personas, independientemente de que se vean afectadas por el tema que tratan o no. Solo siendo conscientes de aquello que nos rodea somos capaces de ayudar o ser emp\u00e1ticos con los dem\u00e1s, y a menudo es necesario que nos lo recuerden y nos ayuden a entenderlo. Por eso, en Soluciones para la Diabetes, <strong>estamos muy a favor de este tipo de iniciativas y de la gran labor<\/strong> que las organizaciones, asociaciones y profesionales de la salud, hacen cada 14 de noviembre.<\/p>\n","protected":false},"excerpt":{"rendered":"<p>La celebraci\u00f3n de los d\u00edas mundiales son una constante en nuestro d\u00eda a d\u00eda, pero no solemos fijarnos demasiado salvo que sea un tema que nos concierna o nos interese. [&hellip;]<\/p>\n","protected":false},"author":17,"featured_media":10077,"comment_status":"open","ping_status":"open","sticky":false,"template":"","format":"standard","meta":{"_acf_changed":false,"_monsterinsights_skip_tracking":false,"_monsterinsights_sitenote_active":false,"_monsterinsights_sitenote_note":"","_monsterinsights_sitenote_category":0,"footnotes":""},"categories":[1],"tags":[465,385],"class_list":["post-10069","post","type-post","status-publish","format-standard","has-post-thumbnail","hentry","category-actualidad","tag-dia-mundial-de-la-diabetes","tag-educacion-en-diabetes"],"acf":[],"yoast_head":"<!-- This site is optimized with the Yoast SEO plugin v27.5 - https:\/\/yoast.com\/product\/yoast-seo-wordpress\/ -->\n<title>\u00bfPor qu\u00e9 hay que tener un D\u00eda Mundial de la Diabetes? - iMagazine - Soluciones para la Diabetes<\/title>\n<meta name=\"robots\" content=\"index, follow, max-snippet:-1, max-image-preview:large, max-video-preview:-1\" \/>\n<link rel=\"canonical\" href=\"https:\/\/www.solucionesparaladiabetes.com\/magazine-diabetes\/por-que-dia-mundial-diabetes\/\" \/>\n<meta property=\"og:locale\" content=\"es_ES\" \/>\n<meta property=\"og:type\" content=\"article\" \/>\n<meta property=\"og:title\" content=\"\u00bfPor qu\u00e9 hay que tener un D\u00eda Mundial de la Diabetes? - iMagazine - Soluciones para la Diabetes\" \/>\n<meta property=\"og:description\" content=\"La celebraci\u00f3n de los d\u00edas mundiales son una constante en nuestro d\u00eda a d\u00eda, pero no solemos fijarnos demasiado salvo que sea un tema que nos concierna o nos interese. [&hellip;]\" \/>\n<meta property=\"og:url\" content=\"https:\/\/www.solucionesparaladiabetes.com\/magazine-diabetes\/por-que-dia-mundial-diabetes\/\" \/>\n<meta property=\"og:site_name\" content=\"Soluciones para la Diabetes\" \/>\n<meta property=\"article:published_time\" content=\"2021-03-02T07:00:35+00:00\" \/>\n<meta property=\"article:modified_time\" content=\"2024-06-10T17:58:21+00:00\" \/>\n<meta property=\"og:image\" content=\"https:\/\/www.solucionesparaladiabetes.com\/magazine-diabetes\/wp-content\/uploads\/globo-terraqueo.jpg\" \/>\n\t<meta property=\"og:image:width\" content=\"800\" \/>\n\t<meta property=\"og:image:height\" content=\"500\" \/>\n\t<meta property=\"og:image:type\" content=\"image\/jpeg\" \/>\n<meta name=\"author\" content=\"SuperAdmin\" \/>\n<meta name=\"twitter:card\" content=\"summary_large_image\" \/>\n<meta name=\"twitter:creator\" content=\"@soluciondiabete\" \/>\n<meta name=\"twitter:site\" content=\"@soluciondiabete\" \/>\n<meta name=\"twitter:label1\" content=\"Escrito por\" \/>\n\t<meta name=\"twitter:data1\" content=\"SuperAdmin\" \/>\n\t<meta name=\"twitter:label2\" content=\"Tiempo de lectura\" \/>\n\t<meta name=\"twitter:data2\" content=\"4 minutos\" \/>\n<script type=\"application\/ld+json\" class=\"yoast-schema-graph\">{\"@context\":\"https:\\\/\\\/schema.org\",\"@graph\":[{\"@type\":\"Article\",\"@id\":\"https:\\\/\\\/www.solucionesparaladiabetes.com\\\/magazine-diabetes\\\/por-que-dia-mundial-diabetes\\\/#article\",\"isPartOf\":{\"@id\":\"https:\\\/\\\/www.solucionesparaladiabetes.com\\\/magazine-diabetes\\\/por-que-dia-mundial-diabetes\\\/\"},\"author\":{\"name\":\"SuperAdmin\",\"@id\":\"https:\\\/\\\/www.solucionesparaladiabetes.com\\\/magazine-diabetes\\\/#\\\/schema\\\/person\\\/e2baa2823993aa90e52cca43e9244bbd\"},\"headline\":\"\u00bfPor qu\u00e9 hay que tener un D\u00eda Mundial de la Diabetes?\",\"datePublished\":\"2021-03-02T07:00:35+00:00\",\"dateModified\":\"2024-06-10T17:58:21+00:00\",\"mainEntityOfPage\":{\"@id\":\"https:\\\/\\\/www.solucionesparaladiabetes.com\\\/magazine-diabetes\\\/por-que-dia-mundial-diabetes\\\/\"},\"wordCount\":772,\"commentCount\":0,\"image\":{\"@id\":\"https:\\\/\\\/www.solucionesparaladiabetes.com\\\/magazine-diabetes\\\/por-que-dia-mundial-diabetes\\\/#primaryimage\"},\"thumbnailUrl\":\"https:\\\/\\\/www.solucionesparaladiabetes.com\\\/magazine-diabetes\\\/wp-content\\\/uploads\\\/globo-terraqueo.jpg\",\"keywords\":[\"D\u00eda Mundial de la Diabetes\",\"Educaci\u00f3n en diabetes\"],\"articleSection\":[\"Actualidad\"],\"inLanguage\":\"es\",\"potentialAction\":[{\"@type\":\"CommentAction\",\"name\":\"Comment\",\"target\":[\"https:\\\/\\\/www.solucionesparaladiabetes.com\\\/magazine-diabetes\\\/por-que-dia-mundial-diabetes\\\/#respond\"]}]},{\"@type\":\"WebPage\",\"@id\":\"https:\\\/\\\/www.solucionesparaladiabetes.com\\\/magazine-diabetes\\\/por-que-dia-mundial-diabetes\\\/\",\"url\":\"https:\\\/\\\/www.solucionesparaladiabetes.com\\\/magazine-diabetes\\\/por-que-dia-mundial-diabetes\\\/\",\"name\":\"\u00bfPor qu\u00e9 hay que tener un D\u00eda Mundial de la Diabetes? - iMagazine - Soluciones para la Diabetes\",\"isPartOf\":{\"@id\":\"https:\\\/\\\/www.solucionesparaladiabetes.com\\\/magazine-diabetes\\\/#website\"},\"primaryImageOfPage\":{\"@id\":\"https:\\\/\\\/www.solucionesparaladiabetes.com\\\/magazine-diabetes\\\/por-que-dia-mundial-diabetes\\\/#primaryimage\"},\"image\":{\"@id\":\"https:\\\/\\\/www.solucionesparaladiabetes.com\\\/magazine-diabetes\\\/por-que-dia-mundial-diabetes\\\/#primaryimage\"},\"thumbnailUrl\":\"https:\\\/\\\/www.solucionesparaladiabetes.com\\\/magazine-diabetes\\\/wp-content\\\/uploads\\\/globo-terraqueo.jpg\",\"datePublished\":\"2021-03-02T07:00:35+00:00\",\"dateModified\":\"2024-06-10T17:58:21+00:00\",\"author\":{\"@id\":\"https:\\\/\\\/www.solucionesparaladiabetes.com\\\/magazine-diabetes\\\/#\\\/schema\\\/person\\\/e2baa2823993aa90e52cca43e9244bbd\"},\"breadcrumb\":{\"@id\":\"https:\\\/\\\/www.solucionesparaladiabetes.com\\\/magazine-diabetes\\\/por-que-dia-mundial-diabetes\\\/#breadcrumb\"},\"inLanguage\":\"es\",\"potentialAction\":[{\"@type\":\"ReadAction\",\"target\":[\"https:\\\/\\\/www.solucionesparaladiabetes.com\\\/magazine-diabetes\\\/por-que-dia-mundial-diabetes\\\/\"]}]},{\"@type\":\"ImageObject\",\"inLanguage\":\"es\",\"@id\":\"https:\\\/\\\/www.solucionesparaladiabetes.com\\\/magazine-diabetes\\\/por-que-dia-mundial-diabetes\\\/#primaryimage\",\"url\":\"https:\\\/\\\/www.solucionesparaladiabetes.com\\\/magazine-diabetes\\\/wp-content\\\/uploads\\\/globo-terraqueo.jpg\",\"contentUrl\":\"https:\\\/\\\/www.solucionesparaladiabetes.com\\\/magazine-diabetes\\\/wp-content\\\/uploads\\\/globo-terraqueo.jpg\",\"width\":800,\"height\":500,\"caption\":\"D\u00edas mundiales\"},{\"@type\":\"BreadcrumbList\",\"@id\":\"https:\\\/\\\/www.solucionesparaladiabetes.com\\\/magazine-diabetes\\\/por-que-dia-mundial-diabetes\\\/#breadcrumb\",\"itemListElement\":[{\"@type\":\"ListItem\",\"position\":1,\"name\":\"Portada\",\"item\":\"https:\\\/\\\/www.solucionesparaladiabetes.com\\\/magazine-diabetes\\\/\"},{\"@type\":\"ListItem\",\"position\":2,\"name\":\"\u00bfPor qu\u00e9 hay que tener un D\u00eda Mundial de la Diabetes?\"}]},{\"@type\":\"WebSite\",\"@id\":\"https:\\\/\\\/www.solucionesparaladiabetes.com\\\/magazine-diabetes\\\/#website\",\"url\":\"https:\\\/\\\/www.solucionesparaladiabetes.com\\\/magazine-diabetes\\\/\",\"name\":\"Soluciones para la Diabetes\",\"description\":\"iMagazine\",\"potentialAction\":[{\"@type\":\"SearchAction\",\"target\":{\"@type\":\"EntryPoint\",\"urlTemplate\":\"https:\\\/\\\/www.solucionesparaladiabetes.com\\\/magazine-diabetes\\\/?s={search_term_string}\"},\"query-input\":{\"@type\":\"PropertyValueSpecification\",\"valueRequired\":true,\"valueName\":\"search_term_string\"}}],\"inLanguage\":\"es\"},{\"@type\":\"Person\",\"@id\":\"https:\\\/\\\/www.solucionesparaladiabetes.com\\\/magazine-diabetes\\\/#\\\/schema\\\/person\\\/e2baa2823993aa90e52cca43e9244bbd\",\"name\":\"SuperAdmin\",\"image\":{\"@type\":\"ImageObject\",\"inLanguage\":\"es\",\"@id\":\"https:\\\/\\\/secure.gravatar.com\\\/avatar\\\/1d286116912ae259114012192d6e96a07e4a23d045b6f106f625587f72a3d349?s=96&d=mm&r=g\",\"url\":\"https:\\\/\\\/secure.gravatar.com\\\/avatar\\\/1d286116912ae259114012192d6e96a07e4a23d045b6f106f625587f72a3d349?s=96&d=mm&r=g\",\"contentUrl\":\"https:\\\/\\\/secure.gravatar.com\\\/avatar\\\/1d286116912ae259114012192d6e96a07e4a23d045b6f106f625587f72a3d349?s=96&d=mm&r=g\",\"caption\":\"SuperAdmin\"}}]}<\/script>\n<!-- \/ Yoast SEO plugin. -->","yoast_head_json":{"title":"\u00bfPor qu\u00e9 hay que tener un D\u00eda Mundial de la Diabetes? - iMagazine - Soluciones para la Diabetes","robots":{"index":"index","follow":"follow","max-snippet":"max-snippet:-1","max-image-preview":"max-image-preview:large","max-video-preview":"max-video-preview:-1"},"canonical":"https:\/\/www.solucionesparaladiabetes.com\/magazine-diabetes\/por-que-dia-mundial-diabetes\/","og_locale":"es_ES","og_type":"article","og_title":"\u00bfPor qu\u00e9 hay que tener un D\u00eda Mundial de la Diabetes? - iMagazine - Soluciones para la Diabetes","og_description":"La celebraci\u00f3n de los d\u00edas mundiales son una constante en nuestro d\u00eda a d\u00eda, pero no solemos fijarnos demasiado salvo que sea un tema que nos concierna o nos interese. [&hellip;]","og_url":"https:\/\/www.solucionesparaladiabetes.com\/magazine-diabetes\/por-que-dia-mundial-diabetes\/","og_site_name":"Soluciones para la Diabetes","article_published_time":"2021-03-02T07:00:35+00:00","article_modified_time":"2024-06-10T17:58:21+00:00","og_image":[{"width":800,"height":500,"url":"https:\/\/www.solucionesparaladiabetes.com\/magazine-diabetes\/wp-content\/uploads\/globo-terraqueo.jpg","type":"image\/jpeg"}],"author":"SuperAdmin","twitter_card":"summary_large_image","twitter_creator":"@soluciondiabete","twitter_site":"@soluciondiabete","twitter_misc":{"Escrito por":"SuperAdmin","Tiempo de lectura":"4 minutos"},"schema":{"@context":"https:\/\/schema.org","@graph":[{"@type":"Article","@id":"https:\/\/www.solucionesparaladiabetes.com\/magazine-diabetes\/por-que-dia-mundial-diabetes\/#article","isPartOf":{"@id":"https:\/\/www.solucionesparaladiabetes.com\/magazine-diabetes\/por-que-dia-mundial-diabetes\/"},"author":{"name":"SuperAdmin","@id":"https:\/\/www.solucionesparaladiabetes.com\/magazine-diabetes\/#\/schema\/person\/e2baa2823993aa90e52cca43e9244bbd"},"headline":"\u00bfPor qu\u00e9 hay que tener un D\u00eda Mundial de la Diabetes?","datePublished":"2021-03-02T07:00:35+00:00","dateModified":"2024-06-10T17:58:21+00:00","mainEntityOfPage":{"@id":"https:\/\/www.solucionesparaladiabetes.com\/magazine-diabetes\/por-que-dia-mundial-diabetes\/"},"wordCount":772,"commentCount":0,"image":{"@id":"https:\/\/www.solucionesparaladiabetes.com\/magazine-diabetes\/por-que-dia-mundial-diabetes\/#primaryimage"},"thumbnailUrl":"https:\/\/www.solucionesparaladiabetes.com\/magazine-diabetes\/wp-content\/uploads\/globo-terraqueo.jpg","keywords":["D\u00eda Mundial de la Diabetes","Educaci\u00f3n en diabetes"],"articleSection":["Actualidad"],"inLanguage":"es","potentialAction":[{"@type":"CommentAction","name":"Comment","target":["https:\/\/www.solucionesparaladiabetes.com\/magazine-diabetes\/por-que-dia-mundial-diabetes\/#respond"]}]},{"@type":"WebPage","@id":"https:\/\/www.solucionesparaladiabetes.com\/magazine-diabetes\/por-que-dia-mundial-diabetes\/","url":"https:\/\/www.solucionesparaladiabetes.com\/magazine-diabetes\/por-que-dia-mundial-diabetes\/","name":"\u00bfPor qu\u00e9 hay que tener un D\u00eda Mundial de la Diabetes? - iMagazine - Soluciones para la Diabetes","isPartOf":{"@id":"https:\/\/www.solucionesparaladiabetes.com\/magazine-diabetes\/#website"},"primaryImageOfPage":{"@id":"https:\/\/www.solucionesparaladiabetes.com\/magazine-diabetes\/por-que-dia-mundial-diabetes\/#primaryimage"},"image":{"@id":"https:\/\/www.solucionesparaladiabetes.com\/magazine-diabetes\/por-que-dia-mundial-diabetes\/#primaryimage"},"thumbnailUrl":"https:\/\/www.solucionesparaladiabetes.com\/magazine-diabetes\/wp-content\/uploads\/globo-terraqueo.jpg","datePublished":"2021-03-02T07:00:35+00:00","dateModified":"2024-06-10T17:58:21+00:00","author":{"@id":"https:\/\/www.solucionesparaladiabetes.com\/magazine-diabetes\/#\/schema\/person\/e2baa2823993aa90e52cca43e9244bbd"},"breadcrumb":{"@id":"https:\/\/www.solucionesparaladiabetes.com\/magazine-diabetes\/por-que-dia-mundial-diabetes\/#breadcrumb"},"inLanguage":"es","potentialAction":[{"@type":"ReadAction","target":["https:\/\/www.solucionesparaladiabetes.com\/magazine-diabetes\/por-que-dia-mundial-diabetes\/"]}]},{"@type":"ImageObject","inLanguage":"es","@id":"https:\/\/www.solucionesparaladiabetes.com\/magazine-diabetes\/por-que-dia-mundial-diabetes\/#primaryimage","url":"https:\/\/www.solucionesparaladiabetes.com\/magazine-diabetes\/wp-content\/uploads\/globo-terraqueo.jpg","contentUrl":"https:\/\/www.solucionesparaladiabetes.com\/magazine-diabetes\/wp-content\/uploads\/globo-terraqueo.jpg","width":800,"height":500,"caption":"D\u00edas mundiales"},{"@type":"BreadcrumbList","@id":"https:\/\/www.solucionesparaladiabetes.com\/magazine-diabetes\/por-que-dia-mundial-diabetes\/#breadcrumb","itemListElement":[{"@type":"ListItem","position":1,"name":"Portada","item":"https:\/\/www.solucionesparaladiabetes.com\/magazine-diabetes\/"},{"@type":"ListItem","position":2,"name":"\u00bfPor qu\u00e9 hay que tener un D\u00eda Mundial de la Diabetes?"}]},{"@type":"WebSite","@id":"https:\/\/www.solucionesparaladiabetes.com\/magazine-diabetes\/#website","url":"https:\/\/www.solucionesparaladiabetes.com\/magazine-diabetes\/","name":"Soluciones para la Diabetes","description":"iMagazine","potentialAction":[{"@type":"SearchAction","target":{"@type":"EntryPoint","urlTemplate":"https:\/\/www.solucionesparaladiabetes.com\/magazine-diabetes\/?s={search_term_string}"},"query-input":{"@type":"PropertyValueSpecification","valueRequired":true,"valueName":"search_term_string"}}],"inLanguage":"es"},{"@type":"Person","@id":"https:\/\/www.solucionesparaladiabetes.com\/magazine-diabetes\/#\/schema\/person\/e2baa2823993aa90e52cca43e9244bbd","name":"SuperAdmin","image":{"@type":"ImageObject","inLanguage":"es","@id":"https:\/\/secure.gravatar.com\/avatar\/1d286116912ae259114012192d6e96a07e4a23d045b6f106f625587f72a3d349?s=96&d=mm&r=g","url":"https:\/\/secure.gravatar.com\/avatar\/1d286116912ae259114012192d6e96a07e4a23d045b6f106f625587f72a3d349?s=96&d=mm&r=g","contentUrl":"https:\/\/secure.gravatar.com\/avatar\/1d286116912ae259114012192d6e96a07e4a23d045b6f106f625587f72a3d349?s=96&d=mm&r=g","caption":"SuperAdmin"}}]}},"_links":{"self":[{"href":"https:\/\/www.solucionesparaladiabetes.com\/magazine-diabetes\/wp-json\/wp\/v2\/posts\/10069","targetHints":{"allow":["GET"]}}],"collection":[{"href":"https:\/\/www.solucionesparaladiabetes.com\/magazine-diabetes\/wp-json\/wp\/v2\/posts"}],"about":[{"href":"https:\/\/www.solucionesparaladiabetes.com\/magazine-diabetes\/wp-json\/wp\/v2\/types\/post"}],"author":[{"embeddable":true,"href":"https:\/\/www.solucionesparaladiabetes.com\/magazine-diabetes\/wp-json\/wp\/v2\/users\/17"}],"replies":[{"embeddable":true,"href":"https:\/\/www.solucionesparaladiabetes.com\/magazine-diabetes\/wp-json\/wp\/v2\/comments?post=10069"}],"version-history":[{"count":1,"href":"https:\/\/www.solucionesparaladiabetes.com\/magazine-diabetes\/wp-json\/wp\/v2\/posts\/10069\/revisions"}],"predecessor-version":[{"id":13255,"href":"https:\/\/www.solucionesparaladiabetes.com\/magazine-diabetes\/wp-json\/wp\/v2\/posts\/10069\/revisions\/13255"}],"wp:featuredmedia":[{"embeddable":true,"href":"https:\/\/www.solucionesparaladiabetes.com\/magazine-diabetes\/wp-json\/wp\/v2\/media\/10077"}],"wp:attachment":[{"href":"https:\/\/www.solucionesparaladiabetes.com\/magazine-diabetes\/wp-json\/wp\/v2\/media?parent=10069"}],"wp:term":[{"taxonomy":"category","embeddable":true,"href":"https:\/\/www.solucionesparaladiabetes.com\/magazine-diabetes\/wp-json\/wp\/v2\/categories?post=10069"},{"taxonomy":"post_tag","embeddable":true,"href":"https:\/\/www.solucionesparaladiabetes.com\/magazine-diabetes\/wp-json\/wp\/v2\/tags?post=10069"}],"curies":[{"name":"wp","href":"https:\/\/api.w.org\/{rel}","templated":true}]}}