{"id":10303,"global_id":"www.solucionesparaladiabetes.com\/magazine-diabetes?id=10303","global_id_lineage":["www.solucionesparaladiabetes.com\/magazine-diabetes?id=10303"],"author":"19","status":"publish","date":"2025-01-14 10:32:20","date_utc":"2025-01-14 09:32:20","modified":"2025-08-02 10:09:49","modified_utc":"2025-08-02 08:09:49","url":"https:\/\/www.solucionesparaladiabetes.com\/magazine-diabetes\/evento\/dia-internacional-del-libro\/","rest_url":"https:\/\/www.solucionesparaladiabetes.com\/magazine-diabetes\/wp-json\/tribe\/events\/v1\/events\/10303","title":"D\u00eda Internacional del libro \/ Sant Jordi","description":"<p>El 23 de abril de 1616 fallec\u00edan Cervantes, Shakespeare y Garcilaso de la Vega. Tambi\u00e9n en un 23 de abril nacieron otros reconocidos escritores como Maurice Druon, K. Laxness, Josep Pla o Manuel Mej\u00eda Vallejo.<\/p>\n<p>Este fue el motivo por el cual la UNESCO, escogi\u00f3 esta fecha simb\u00f3lica para la literatura universal, para rendir un homenaje al libro y sus autores.<\/p>\n<p>Alentando a todas las personas del mundo, a descubrir el placer de la lectura y a viajar a trav\u00e9s de las p\u00e1ginas de los libros, a otros lugares o \u00e9pocas.<\/p>\n<p>&nbsp;<\/p>","excerpt":"","slug":"dia-internacional-del-libro","image":{"url":"https:\/\/www.solucionesparaladiabetes.com\/magazine-diabetes\/wp-content\/uploads\/rose.jpg","id":10304,"extension":"jpg","width":640,"height":395,"sizes":{"medium":{"width":300,"height":185,"mime-type":"image\/jpeg","url":"https:\/\/www.solucionesparaladiabetes.com\/magazine-diabetes\/wp-content\/uploads\/rose-300x185.jpg"},"thumbnail":{"width":150,"height":150,"mime-type":"image\/jpeg","url":"https:\/\/www.solucionesparaladiabetes.com\/magazine-diabetes\/wp-content\/uploads\/rose-150x150.jpg"},"td_80x60":{"width":80,"height":60,"mime-type":"image\/jpeg","url":"https:\/\/www.solucionesparaladiabetes.com\/magazine-diabetes\/wp-content\/uploads\/rose-80x60.jpg"},"td_100x70":{"width":100,"height":70,"mime-type":"image\/jpeg","url":"https:\/\/www.solucionesparaladiabetes.com\/magazine-diabetes\/wp-content\/uploads\/rose-100x70.jpg"},"td_218x150":{"width":218,"height":150,"mime-type":"image\/jpeg","url":"https:\/\/www.solucionesparaladiabetes.com\/magazine-diabetes\/wp-content\/uploads\/rose-218x150.jpg"},"td_265x198":{"width":265,"height":198,"mime-type":"image\/jpeg","url":"https:\/\/www.solucionesparaladiabetes.com\/magazine-diabetes\/wp-content\/uploads\/rose-265x198.jpg"},"td_324x160":{"width":324,"height":160,"mime-type":"image\/jpeg","url":"https:\/\/www.solucionesparaladiabetes.com\/magazine-diabetes\/wp-content\/uploads\/rose-324x160.jpg"},"td_324x235":{"width":324,"height":235,"mime-type":"image\/jpeg","url":"https:\/\/www.solucionesparaladiabetes.com\/magazine-diabetes\/wp-content\/uploads\/rose-324x235.jpg"},"td_324x400":{"width":324,"height":395,"mime-type":"image\/jpeg","url":"https:\/\/www.solucionesparaladiabetes.com\/magazine-diabetes\/wp-content\/uploads\/rose-324x395.jpg"},"td_356x220":{"width":356,"height":220,"mime-type":"image\/jpeg","url":"https:\/\/www.solucionesparaladiabetes.com\/magazine-diabetes\/wp-content\/uploads\/rose-356x220.jpg"},"td_356x364":{"width":356,"height":364,"mime-type":"image\/jpeg","url":"https:\/\/www.solucionesparaladiabetes.com\/magazine-diabetes\/wp-content\/uploads\/rose-356x364.jpg"},"td_485x360":{"width":485,"height":360,"mime-type":"image\/jpeg","url":"https:\/\/www.solucionesparaladiabetes.com\/magazine-diabetes\/wp-content\/uploads\/rose-485x360.jpg"},"td_533x261":{"width":533,"height":261,"mime-type":"image\/jpeg","url":"https:\/\/www.solucionesparaladiabetes.com\/magazine-diabetes\/wp-content\/uploads\/rose-533x261.jpg"},"td_534x462":{"width":534,"height":395,"mime-type":"image\/jpeg","url":"https:\/\/www.solucionesparaladiabetes.com\/magazine-diabetes\/wp-content\/uploads\/rose-534x395.jpg"},"td_696x385":{"width":640,"height":385,"mime-type":"image\/jpeg","url":"https:\/\/www.solucionesparaladiabetes.com\/magazine-diabetes\/wp-content\/uploads\/rose-640x385.jpg"}}},"all_day":true,"start_date":"2025-04-23 00:00:00","start_date_details":{"year":"2025","month":"04","day":"23","hour":"00","minutes":"00","seconds":"00"},"end_date":"2025-04-23 23:59:59","end_date_details":{"year":"2025","month":"04","day":"23","hour":"23","minutes":"59","seconds":"59"},"utc_start_date":"2025-04-22 22:00:00","utc_start_date_details":{"year":"2025","month":"04","day":"22","hour":"22","minutes":"00","seconds":"00"},"utc_end_date":"2025-04-23 21:59:59","utc_end_date_details":{"year":"2025","month":"04","day":"23","hour":"21","minutes":"59","seconds":"59"},"timezone":"Europe\/Madrid","timezone_abbr":"CEST","cost":"","cost_details":{"currency_symbol":"\u20ac","currency_code":"USD","currency_position":"suffix","values":[]},"website":"http:\/\/www.unesco.org\/new\/es\/media-services\/single-view-tv-release\/news\/unescos_world_book_day_celebrations_to_focus_on_translati","show_map":true,"show_map_link":true,"hide_from_listings":false,"sticky":false,"featured":false,"categories":[{"name":"Eventos","slug":"eventos","term_group":0,"term_taxonomy_id":109,"taxonomy":"tribe_events_cat","description":"","parent":0,"count":181,"filter":"raw","id":94,"urls":{"self":"https:\/\/www.solucionesparaladiabetes.com\/magazine-diabetes\/wp-json\/tribe\/events\/v1\/categories\/94","collection":"https:\/\/www.solucionesparaladiabetes.com\/magazine-diabetes\/wp-json\/tribe\/events\/v1\/categories"}},{"name":"Eventos destacados","slug":"eventos-destacados","term_group":0,"term_taxonomy_id":111,"taxonomy":"tribe_events_cat","description":"","parent":94,"count":86,"filter":"raw","id":96,"urls":{"self":"https:\/\/www.solucionesparaladiabetes.com\/magazine-diabetes\/wp-json\/tribe\/events\/v1\/categories\/96","collection":"https:\/\/www.solucionesparaladiabetes.com\/magazine-diabetes\/wp-json\/tribe\/events\/v1\/categories","up":"https:\/\/www.solucionesparaladiabetes.com\/magazine-diabetes\/wp-json\/tribe\/events\/v1\/categories\/94"}}],"tags":[{"name":"d\u00edas festivos","slug":"dias-festivos","term_group":0,"term_taxonomy_id":776,"taxonomy":"post_tag","description":"","parent":0,"count":6,"filter":"raw","id":1457,"urls":{"self":"https:\/\/www.solucionesparaladiabetes.com\/magazine-diabetes\/wp-json\/tribe\/events\/v1\/tags\/1457","collection":"https:\/\/www.solucionesparaladiabetes.com\/magazine-diabetes\/wp-json\/tribe\/events\/v1\/tags"}}],"venue":[],"organizer":[{"id":5939,"author":"19","status":"publish","date":"2018-03-28 13:51:01","date_utc":"2018-03-28 11:51:01","modified":"2018-03-28 13:51:01","modified_utc":"2018-03-28 11:51:01","url":"https:\/\/www.solucionesparaladiabetes.com\/magazine-diabetes\/organizador\/unesco\/","organizer":"UNESCO","slug":"unesco","website":"http:\/\/www.unesco.org\/new\/es\/unesco\/events\/prizes-and-celebrations\/celebrations\/international-days\/international-day-of-sport-for-development-and-peace\/","json_ld":{"@type":"Person","name":"UNESCO","description":"","url":"http:\/\/www.unesco.org\/new\/es\/unesco\/events\/prizes-and-celebrations\/celebrations\/international-days\/international-day-of-sport-for-development-and-peace\/","telephone":"","email":"","sameAs":"http:\/\/www.unesco.org\/new\/es\/unesco\/events\/prizes-and-celebrations\/celebrations\/international-days\/international-day-of-sport-for-development-and-peace\/"},"global_id":"www.solucionesparaladiabetes.com\/magazine-diabetes?id=5939","global_id_lineage":["www.solucionesparaladiabetes.com\/magazine-diabetes?id=5939"]}],"custom_fields":[],"json_ld":{"@context":"http:\/\/schema.org","@type":"Event","name":"D\u00eda Internacional del libro \/ Sant Jordi","description":"&lt;p&gt;El 23 de abril de 1616 fallec\u00edan Cervantes, Shakespeare y Garcilaso de la Vega. Tambi\u00e9n en un 23 de abril nacieron otros reconocidos escritores como Maurice Druon, K. Laxness, Josep [&hellip;]&lt;\/p&gt;\\n","image":"https:\/\/www.solucionesparaladiabetes.com\/magazine-diabetes\/wp-content\/uploads\/rose.jpg","url":"https:\/\/www.solucionesparaladiabetes.com\/magazine-diabetes\/evento\/dia-internacional-del-libro\/","eventAttendanceMode":"https:\/\/schema.org\/OfflineEventAttendanceMode","eventStatus":"https:\/\/schema.org\/EventScheduled","startDate":"2025-04-23T00:00:00+02:00","endDate":"2025-04-23T23:59:59+02:00","organizer":{"@type":"Person","name":"UNESCO","description":"","url":"http:\/\/www.unesco.org\/new\/es\/unesco\/events\/prizes-and-celebrations\/celebrations\/international-days\/international-day-of-sport-for-development-and-peace\/","telephone":"","email":"","sameAs":"http:\/\/www.unesco.org\/new\/es\/unesco\/events\/prizes-and-celebrations\/celebrations\/international-days\/international-day-of-sport-for-development-and-peace\/"},"performer":"Organization"}}